{"id":170894,"date":"2025-10-12T03:20:09","date_gmt":"2025-10-12T03:20:09","guid":{"rendered":"https:\/\/www.europesays.com\/es\/170894\/"},"modified":"2025-10-12T03:20:09","modified_gmt":"2025-10-12T03:20:09","slug":"por-que-es-necesario-vacunarse","status":"publish","type":"post","link":"https:\/\/www.europesays.com\/es\/170894\/","title":{"rendered":"\u00bfpor qu\u00e9 es necesario vacunarse?"},"content":{"rendered":"<p>Los s\u00edntomas del sarampi\u00f3n suelen aparecer entre 10 y 14 d\u00edas despu\u00e9s de la exposici\u00f3n al virus. El m\u00e1s visible es una erupci\u00f3n cut\u00e1nea prominente, generalmente en la parte de cara y el cuello. Otros s\u00edntomas que aparecen son rinorrea, tos u ojos rojos. Por lo general, dura entre 5 y 6 d\u00edas hasta que desaparece.<\/p>\n<p>A d\u00eda de hoy, no existe un tratamiento espec\u00edfico para el\u00a0<a href=\"https:\/\/info-veritas.com\/desinformacion-vitamina-a-no-previene-cura-sarampion\/\" rel=\"nofollow noopener\" target=\"_blank\">sarampi\u00f3n<\/a>. Por ello, es importante la vacunaci\u00f3n. \u201cVacunarse es la mejor manera de evitar contraer el sarampi\u00f3n o contagiarlo a otras personas\u201d, resalta el organismo.<\/p>\n<p><a href=\"https:\/\/www.mallorcadiario.com\/muere-diane-keaton\" rel=\"nofollow noopener\" target=\"_blank\"><img decoding=\"async\" width=\"150\" height=\"150\" src=\"https:\/\/www.europesays.com\/es\/wp-content\/uploads\/2025\/10\/muere-diane-keaton-150x150.jpg\" class=\"attachment-thumbnail size-thumbnail wp-post-image\" alt=\"Diane Keaton sonriendo mientras est\u00e1 sentada en un sill\u00f3n\"  loading=\"lazy\"\/><\/a><\/p>\n<p>Los cuidados deben centrarse, por tanto, en aliviar los s\u00edntomas y la prevenci\u00f3n de complicaciones. Entre las recomendaciones que ofrece el organismo se encuentran \u201cbeber agua en cantidad suficiente y los tratamientos para combatir la deshidrataci\u00f3n pueden compensar la p\u00e9rdida de l\u00edquido debida a la diarrea o a los v\u00f3mitos. Tambi\u00e9n es importante seguir una dieta sana\u201d.<\/p>\n<p><strong>\u00bfPuede causar el sarampi\u00f3n complicaciones graves?\u00a0<\/strong><\/p>\n<p>La letalidad oscila entre el 1% y el 15% en los pa\u00edses en desarrollo. De hecho, como se ha indicado, la enfermedad puede ser especialmente grave en embarazadas, ni\u00f1os menores de 5 a\u00f1os, personas inmunodeprimidas y personas no vacunadas o con una vacunaci\u00f3n incompleta.<\/p>\n<p><a href=\"https:\/\/www.mallorcadiario.com\/grupo-capuccino-se-hace-con-el-emblematico-cafe-gijon\" rel=\"nofollow noopener\" target=\"_blank\"><img decoding=\"async\" width=\"150\" height=\"150\" src=\"https:\/\/www.europesays.com\/es\/wp-content\/uploads\/2025\/10\/cafe-gijon-emblematico-madrid-e1760187038389-150x150.jpg\" class=\"attachment-thumbnail size-thumbnail wp-post-image\" alt=\"Fachada del emblem\u00e1tico Caf\u00e9 Gij\u00f3n en Madrid con un transe\u00fante.\"  loading=\"lazy\"\/><\/a><\/p>\n<p>Aunque la mayor\u00eda de personas superan la infecci\u00f3n sin problemas, aproximadamente uno de cada diez casos presenta complicaciones, indican desde el\u00a0<strong><a href=\"https:\/\/www.clinicbarcelona.org\/noticias\/el-regreso-del-sarampion-por-que-es-necesario-vacunarse-ahora-mas-que-nunca\" rel=\"nofollow noopener\" target=\"_blank\">hospital Clinic de Barcelona<\/a>.\u00a0<\/strong>Las complicaciones m\u00e1s frecuentes asociadas al sarampi\u00f3n son las respiratorias y las neurol\u00f3gicas. \u201cLas m\u00e1s comunes son otitis media aguda, diarrea, mastoiditis, sinusitis, linfadenitis cervical, laringotraqueobronquitis, neumot\u00f3rax, neumomediastino, neumon\u00eda o bronconeumon\u00eda, enteritis, p\u00farpura trombocitop\u00e9nica, convulsiones febriles, hepatitis, apendicitis, miocarditis y encefalitis aguda posinfecciosa\u201d, enumeran desde la\u00a0<a href=\"https:\/\/vacunas.org\/wp-content\/uploads\/2025\/03\/20250304_Decalogo-sarampion-AEV.pdf\" target=\"_blank\" rel=\"noreferrer noopener nofollow\">Asociaci\u00f3n Espa\u00f1ola de Vacunolog\u00eda<\/a>\u00a0(AEV) en el documento \u201c10 claves sobre el sarampi\u00f3n\u201d.<\/p>\n<p><strong>La vacunaci\u00f3n es esencial para evitar la enfermedad<\/strong><\/p>\n<p>En Espa\u00f1a, resaltan desde el\u00a0<a href=\"https:\/\/www.clinicbarcelona.org\/noticias\/el-regreso-del-sarampion-por-que-es-necesario-vacunarse-ahora-mas-que-nunca\" rel=\"nofollow noopener\" target=\"_blank\">hospital Clinic de Barcelona<\/a>, ha aumentado el n\u00famero de brotes<strong>,<\/strong>\u00a0con m\u00e1s de 100 casos diagnosticados s\u00f3lo en los primeros meses de 2025. Dado que el virus del sarampi\u00f3n es muy contagioso, se necesita una cobertura vacunal cercana al 100% para evitar que el virus circule por el entorno.<\/p>\n<p>La\u00a0<a href=\"https:\/\/vacunas.org\/wp-content\/uploads\/2025\/03\/20250304_Decalogo-sarampion-AEV.pdf\" target=\"_blank\" rel=\"noreferrer noopener nofollow\">Asociaci\u00f3n Espa\u00f1ola de Vacunolog\u00eda<\/a>\u00a0(AEV) en el documento \u201c10 claves sobre el sarampi\u00f3n\u201d explica que, al ser una de las enfermedades m\u00e1s contagiosas, \u201crequiere niveles de inmunidad del 95% o m\u00e1s de la poblaci\u00f3n para interrumpir su transmisi\u00f3n y eliminarlo de la comunidad\u201d.<\/p>\n<p><a href=\"https:\/\/www.mallorcadiario.com\/decretada-alerta-naranja-por-fuertes-lluvias-en-toda-baleares\" rel=\"nofollow noopener\" target=\"_blank\"><img decoding=\"async\" width=\"150\" height=\"150\" src=\"https:\/\/www.europesays.com\/es\/wp-content\/uploads\/2025\/10\/alerta-naranja-lluvias-baleares-e1760197924426-150x150.jpg\" class=\"attachment-thumbnail size-thumbnail wp-post-image\" alt=\"Personas con paraguas bajo la lluvia en una calle de Baleares\"  loading=\"lazy\"\/><\/a><\/p>\n<p>Seg\u00fan los datos actualizados del\u00a0<a href=\"https:\/\/pestadistico.inteligenciadegestion.sanidad.gob.es\/publicoSNS\/S\/sivamin\" target=\"_blank\" rel=\"noreferrer noopener nofollow\">Sistema de Informaci\u00f3n de Vacunaciones del Ministerio de Sanidad\u202f(SIVAMIN)<\/a>, la cobertura de vacunaci\u00f3n de la triple v\u00edrica (sarampi\u00f3n, rubeola y paperas) en 2023 en Espa\u00f1a fue del 97,8% en la 1\u00aa dosis y 94,4% en la 2\u00aa dosis, aunque hay algunas comunidades por debajo de estos porcentajes.<\/p>\n<p>\u201cEstas cifras corresponden a la media de Espa\u00f1a, pero hay que tener en cuenta que en la 1\u00aa dosis hay dos comunidades aut\u00f3nomas que est\u00e1n por debajo del 90% y dos entre el 90% y el 95%. Y en la 2\u00aa dosis cinco comunidades est\u00e1n por debajo del 90% y seis entre el 90% y el 95%.\u201d, se\u00f1alan en el documento \u201c10 claves sobre el sarampi\u00f3n\u201d.<\/p>\n<p>Cabe recordar que la vacuna triple v\u00edrica est\u00e1 incluida en el\u00a0<a href=\"https:\/\/www.sanidad.gob.es\/areas\/promocionPrevencion\/vacunaciones\/calendario\/docs\/CalendarioVacunacion_Todalavida.pdf\" target=\"_blank\" rel=\"noreferrer noopener nofollow\">calendario de vacunaci\u00f3n infantil<\/a>\u00a0con dos dosis: una a los 12 meses y otra a los 3-4 a\u00f1os.<\/p>\n<p>&#13;<br \/>\n\t\t\t\t0&#13;\n\t\t\t<\/p>\n","protected":false},"excerpt":{"rendered":"Los s\u00edntomas del sarampi\u00f3n suelen aparecer entre 10 y 14 d\u00edas despu\u00e9s de la exposici\u00f3n al virus. El&hellip;\n","protected":false},"author":2,"featured_media":170895,"comment_status":"","ping_status":"","sticky":false,"template":"","format":"standard","meta":{"footnotes":""},"categories":[92],"tags":[8621,25,24,165,49594,166,23],"class_list":{"0":"post-170894","1":"post","2":"type-post","3":"status-publish","4":"format-standard","5":"has-post-thumbnail","7":"category-salud","8":"tag-cuarta","9":"tag-es","10":"tag-espana","11":"tag-health","12":"tag-infoveritas","13":"tag-salud","14":"tag-spain"},"share_on_mastodon":{"url":"","error":""},"_links":{"self":[{"href":"https:\/\/www.europesays.com\/es\/wp-json\/wp\/v2\/posts\/170894","targetHints":{"allow":["GET"]}}],"collection":[{"href":"https:\/\/www.europesays.com\/es\/wp-json\/wp\/v2\/posts"}],"about":[{"href":"https:\/\/www.europesays.com\/es\/wp-json\/wp\/v2\/types\/post"}],"author":[{"embeddable":true,"href":"https:\/\/www.europesays.com\/es\/wp-json\/wp\/v2\/users\/2"}],"replies":[{"embeddable":true,"href":"https:\/\/www.europesays.com\/es\/wp-json\/wp\/v2\/comments?post=170894"}],"version-history":[{"count":0,"href":"https:\/\/www.europesays.com\/es\/wp-json\/wp\/v2\/posts\/170894\/revisions"}],"wp:featuredmedia":[{"embeddable":true,"href":"https:\/\/www.europesays.com\/es\/wp-json\/wp\/v2\/media\/170895"}],"wp:attachment":[{"href":"https:\/\/www.europesays.com\/es\/wp-json\/wp\/v2\/media?parent=170894"}],"wp:term":[{"taxonomy":"category","embeddable":true,"href":"https:\/\/www.europesays.com\/es\/wp-json\/wp\/v2\/categories?post=170894"},{"taxonomy":"post_tag","embeddable":true,"href":"https:\/\/www.europesays.com\/es\/wp-json\/wp\/v2\/tags?post=170894"}],"curies":[{"name":"wp","href":"https:\/\/api.w.org\/{rel}","templated":true}]}}