{"id":170919,"date":"2025-10-12T03:39:14","date_gmt":"2025-10-12T03:39:14","guid":{"rendered":"https:\/\/www.europesays.com\/es\/170919\/"},"modified":"2025-10-12T03:39:14","modified_gmt":"2025-10-12T03:39:14","slug":"valle-salvaje-avance-capitulos-274-278-un-acuerdo-decisivo","status":"publish","type":"post","link":"https:\/\/www.europesays.com\/es\/170919\/","title":{"rendered":"Valle Salvaje\u2019 (avance cap\u00edtulos 274-278): Un acuerdo decisivo"},"content":{"rendered":"<p class=\"post-modified-info\">\u00daltima actualizaci\u00f3n octubre 11, 2025 by <a href=\"https:\/\/sectorcine.com\" target=\"_blank\" class=\"last-modified-author\" rel=\"nofollow noopener\">Sector Cine<\/a><\/p>\n<p>La serie diaria de TVE contin\u00faa imparable con una nueva tanda de cap\u00edtulos cargados de tensi\u00f3n, secretos y alianzas inesperadas. En la semana del <strong>13 al 17 de octubre<\/strong>, Valle Salvaje promete emociones fuertes con la emisi\u00f3n de los episodios <strong>274 al 278<\/strong>, en los que los personajes se enfrentar\u00e1n a consecuencias irreversibles.<\/p>\n<p>Las intrigas en torno al futuro de la Casa Grande, los planes ocultos de Hernando y las presiones de Victoria marcar\u00e1n el ritmo de una semana donde el amor, la traici\u00f3n y el poder vuelven a cruzarse de forma explosiva.<\/p>\n<p>Vamos con el avance semanal de Valle Salvaje del 13 al 17 de octubre:<\/p>\n<p>Cap\u00edtulo 274 \u2013 Lunes 13 de octubre: una decisi\u00f3n que lo cambia todo<\/p>\n<p>La semana comienza con una fuerte carga emocional. <strong>Hernando<\/strong>, convencido de que el destino de Irene ya est\u00e1 sellado, intenta que ella acepte su camino sin m\u00e1s resistencia. Sin embargo, <strong>Leonardo<\/strong> no est\u00e1 dispuesto a rendirse tan f\u00e1cilmente y busca el apoyo de <strong>Mercedes<\/strong> para detener lo que considera una injusticia.<\/p>\n<p>En paralelo, en la <strong>Casa Grande<\/strong>, <strong>Jos\u00e9 Luis<\/strong> toma una decisi\u00f3n trascendental que alterar\u00e1 para siempre el futuro de Valle Salvaje. Nadie imagina a\u00fan el alcance de su movimiento, pero su resoluci\u00f3n promete marcar un antes y un despu\u00e9s en las relaciones de poder dentro de la finca.<\/p>\n<p>El episodio sirve como antesala de una cadena de acontecimientos que pondr\u00e1n a prueba la lealtad y los sentimientos de todos.<\/p>\n<p>Cap\u00edtulo 275 \u2013 Martes 14 de octubre: un acuerdo con condiciones ocultas<\/p>\n<p>El duque decide compartir con <strong>Adriana<\/strong> y <strong>Rafael<\/strong> el documento oficial que detalla el acuerdo sobre el futuro de Valle Salvaje. Ambos se muestran sorprendidos por las cl\u00e1usulas, que podr\u00edan modificar por completo su destino. \u00bfHay una trampa escondida entre las l\u00edneas del contrato?<\/p>\n<p>Mientras tanto, <strong>Hernando<\/strong> intensifica sus esfuerzos por convencer a <strong>B\u00e1rbara<\/strong> de que acepte el matrimonio entre <strong>Leonardo e Irene<\/strong>. Lo que parece una conversaci\u00f3n cordial pronto se convierte en una batalla de voluntades, donde cada palabra es un arma.<\/p>\n<p>El episodio deja la sensaci\u00f3n de que nada es lo que parece y que los pactos firmados pueden tener un alto precio.<\/p>\n<p>Cap\u00edtulo 276 \u2013 Mi\u00e9rcoles 15 de octubre: el d\u00eda de la verdad<\/p>\n<p>Llega el d\u00eda en que <strong>Jos\u00e9 Luis<\/strong> y <strong>Adriana<\/strong> deben firmar el acuerdo que sellar\u00e1 el destino de la propiedad. Sin embargo, <strong>Victoria<\/strong> no lo aprueba y advierte de que no permitir\u00e1 que se concrete algo que pone en peligro su posici\u00f3n.<\/p>\n<p>En paralelo, <strong>Tom\u00e1s<\/strong> aprovecha la distracci\u00f3n general para intentar robar en la Casa Grande, con la ayuda de <strong>Luisa<\/strong>, que desv\u00eda la atenci\u00f3n de <strong>Isabel<\/strong>. Pero el plan se complica cuando alguien inesperado los descubre en el lugar menos indicado.<\/p>\n<p>El cap\u00edtulo se convierte en una aut\u00e9ntica bomba de relojer\u00eda, con secretos que amenazan con salir a la luz y una tensi\u00f3n creciente entre los miembros del servicio y la aristocracia.<\/p>\n<p>Cap\u00edtulo 277 \u2013 Jueves 16 de octubre: la venganza de Victoria<\/p>\n<p>El jueves, la tensi\u00f3n alcanza su punto m\u00e1ximo. <strong>Mart\u00edn<\/strong> se atreve por fin a desafiar a <strong>Victoria<\/strong>, pero la duquesa no est\u00e1 dispuesta a dejar pasar la ofensa. Su sed de venganza no tarda en extenderse y alcanza tambi\u00e9n a <strong>Amadeo<\/strong>, <strong>Eva<\/strong> y <strong>Francisco<\/strong>, que terminan pagando las consecuencias de su c\u00f3lera.<\/p>\n<p>Los gritos, las acusaciones y el descontrol emocional llevan a Victoria al l\u00edmite, hasta el punto de <strong>poner en riesgo el embarazo de Adriana<\/strong>, en una de las escenas m\u00e1s impactantes de la semana.<\/p>\n<p>Mientras tanto, <strong>Tom\u00e1s<\/strong> contin\u00faa presionando a <strong>Luisa<\/strong> para que le ayude en el robo, sin ser consciente de que ya hay ojos vigilando cada uno de sus pasos.<\/p>\n<p>El episodio se convierte en un punto de inflexi\u00f3n, con la familia dividida y las tensiones estallando en todos los frentes.<\/p>\n<p>Cap\u00edtulo 278 \u2013 Viernes 17 de octubre: el amor se rompe<\/p>\n<p>El final de la semana llega cargado de drama. <strong>Jos\u00e9 Luis<\/strong>, completamente fuera de s\u00ed, <strong>culpa a Victoria<\/strong> de lo ocurrido con Adriana y la amenaza con consecuencias devastadoras. La duquesa, aislada y desesperada, se enfrenta por primera vez al abismo de su propia soledad.<\/p>\n<p>En la <strong>Casa Peque\u00f1a<\/strong>, <strong>Pedrito<\/strong> da un paso adelante y se enfrenta abiertamente a <strong>don Hernando<\/strong>, decidido a defender a <strong>B\u00e1rbara<\/strong> de las manipulaciones del patriarca. Pero el enfrentamiento entre ambos deja heridas que podr\u00edan tardar en cicatrizar.<\/p>\n<p>Por otro lado, <strong>Alejo<\/strong> sorprende a <strong>Tom\u00e1s y Luisa<\/strong> en una situaci\u00f3n comprometida que podr\u00eda arruinar la vida de ambos si la noticia llega a o\u00eddos de los se\u00f1ores.<\/p>\n<p>El episodio 278 cierra una semana de Valle Salvaje marcada por el conflicto, el sacrificio y la traici\u00f3n.<\/p>\n<p>Una semana que redefine el rumbo de \u2018Valle Salvaje\u2019<\/p>\n<p>Los cap\u00edtulos del 13 al 17 de octubre prometen ser de los m\u00e1s intensos emitidos hasta ahora. La serie contin\u00faa consolid\u00e1ndose como una de las ficciones diarias m\u00e1s s\u00f3lidas de La 1, con una audiencia fiel que sigue cada tarde las intrigas de la familia del Valle y el personal de la Casa Grande.<\/p>\n<p>El <strong>acuerdo de Jos\u00e9 Luis y Adriana<\/strong>, el <strong>plan de robo de Tom\u00e1s<\/strong>, las <strong>maniobras de Hernando<\/strong> y el <strong>desequilibrio de Victoria<\/strong> confluyen en una trama que no da respiro y deja abiertas m\u00faltiples inc\u00f3gnitas para la siguiente semana.<\/p>\n<p>\u00bfQu\u00e9 consecuencias tendr\u00e1 el enfrentamiento entre Jos\u00e9 Luis y Victoria? \u00bfQu\u00e9 ocurrir\u00e1 con el futuro de Valle Salvaje tras la firma del acuerdo? \u00bfY qu\u00e9 pasar\u00e1 con Tom\u00e1s y Luisa tras ser descubiertos?<\/p>\n<p>Las respuestas, como siempre, llegar\u00e1n poco a poco cada tarde a las <strong>17:30 horas en La 1<\/strong>, donde Valle Salvaje contin\u00faa demostrando que el drama de \u00e9poca sigue vivo, potente y m\u00e1s emocionante que nunca.<\/p>\n","protected":false},"excerpt":{"rendered":"\u00daltima actualizaci\u00f3n octubre 11, 2025 by Sector Cine La serie diaria de TVE contin\u00faa imparable con una nueva&hellip;\n","protected":false},"author":2,"featured_media":170920,"comment_status":"","ping_status":"","sticky":false,"template":"","format":"standard","meta":{"footnotes":""},"categories":[171],"tags":[146,147,25,24,23,214,27808],"class_list":{"0":"post-170919","1":"post","2":"type-post","3":"status-publish","4":"format-standard","5":"has-post-thumbnail","7":"category-tv","8":"tag-entertainment","9":"tag-entretenimiento","10":"tag-es","11":"tag-espana","12":"tag-spain","13":"tag-tv","14":"tag-valle-salvaje"},"share_on_mastodon":{"url":"","error":""},"_links":{"self":[{"href":"https:\/\/www.europesays.com\/es\/wp-json\/wp\/v2\/posts\/170919","targetHints":{"allow":["GET"]}}],"collection":[{"href":"https:\/\/www.europesays.com\/es\/wp-json\/wp\/v2\/posts"}],"about":[{"href":"https:\/\/www.europesays.com\/es\/wp-json\/wp\/v2\/types\/post"}],"author":[{"embeddable":true,"href":"https:\/\/www.europesays.com\/es\/wp-json\/wp\/v2\/users\/2"}],"replies":[{"embeddable":true,"href":"https:\/\/www.europesays.com\/es\/wp-json\/wp\/v2\/comments?post=170919"}],"version-history":[{"count":0,"href":"https:\/\/www.europesays.com\/es\/wp-json\/wp\/v2\/posts\/170919\/revisions"}],"wp:featuredmedia":[{"embeddable":true,"href":"https:\/\/www.europesays.com\/es\/wp-json\/wp\/v2\/media\/170920"}],"wp:attachment":[{"href":"https:\/\/www.europesays.com\/es\/wp-json\/wp\/v2\/media?parent=170919"}],"wp:term":[{"taxonomy":"category","embeddable":true,"href":"https:\/\/www.europesays.com\/es\/wp-json\/wp\/v2\/categories?post=170919"},{"taxonomy":"post_tag","embeddable":true,"href":"https:\/\/www.europesays.com\/es\/wp-json\/wp\/v2\/tags?post=170919"}],"curies":[{"name":"wp","href":"https:\/\/api.w.org\/{rel}","templated":true}]}}