{"id":170939,"date":"2025-10-12T03:57:08","date_gmt":"2025-10-12T03:57:08","guid":{"rendered":"https:\/\/www.europesays.com\/es\/170939\/"},"modified":"2025-10-12T03:57:08","modified_gmt":"2025-10-12T03:57:08","slug":"el-cb-zamora-rema-contra-viento-y-marea-pero-cae-ante-ourense-en-un-intenso-duelo-en-el-angel-nieto","status":"publish","type":"post","link":"https:\/\/www.europesays.com\/es\/170939\/","title":{"rendered":"El CB Zamora rema contra viento y marea, pero cae ante Ourense en un intenso duelo en el \u00c1ngel Nieto"},"content":{"rendered":"<p class=\"paragraph-atom &#10;        A-500-300-700-N A-550-300-700-N--md  \">El CB Zamora <strong>volv\u00eda este s\u00e1bado al \u00c1ngel Nieto por segunda semana consecutiva<\/strong>, y en busca del tercer triunfo para seguir mostrando sus credenciales de aspirar a todo en este curso del que, si bien se ha disputado una \u00ednfima parte,<strong> los de Saulo Hern\u00e1ndez ya han demostrado que quieren dejar huella<\/strong>. Con dos victorias consecutivas, <strong>los zamoranos recib\u00edan a Ourense en busca de un tercer triunfo<\/strong> que los afianzara en la zona noble de la clasificaci\u00f3n.<\/p>\n<p class=\"paragraph-atom &#10;        A-500-300-700-N A-550-300-700-N--md  \">Con esa premisa saltaban los elegidos por Saulo Hern\u00e1ndez para formar parte del r\u00f3ster y con la idea de llevar la intensidad por bandera desde los primeros compases del encuentro. Y as\u00ed fue. <strong>Tras el salto inicial de Jonas, los locales mostraron su garra, su identidad y su compromiso para con el club y para con la afici\u00f3n; <\/strong>no obstante, el combinado gallego tambi\u00e9n dio muestras r\u00e1pidamente de que no hab\u00eda llegado a Zamora a hacer turismo. <\/p>\n<p class=\"paragraph-atom &#10;        A-500-300-700-N A-550-300-700-N--md  \">Los zamoranos <strong>se encomendaron una vez m\u00e1s a Ty Roberts como &#8216;l\u00edbero&#8217; y al potencial anotador de un inspirado Van Zegeren<\/strong> quien, si bien err\u00f3 sus dos primeros tiros libres, verlo fallar durante el resto del partido se convirti\u00f3 en anecd\u00f3tico. Finalmente, el resultado al t\u00e9rmino del primer cuarto fue fiel reflejo de la<strong> igualdad que se vio sobre la tarima<\/strong> del feudo zamorano con un ajustado <strong>22-24 favorable a los intereses visitantes.<\/strong><\/p>\n<p class=\"paragraph-atom &#10;        A-500-300-700-N A-550-300-700-N--md  \">Durante el segundo cuarto,<strong> los visitantes metieron una marcha m\u00e1s y los locales sufrieron una peque\u00f1a desconexi\u00f3n, que se sum\u00f3 a alguna decisi\u00f3n controvertida del tr\u00edo arbitral, lo que motiv\u00f3 el desconento tanto sobre la tarima, como desde el grader\u00edo del \u00c1ngel Nieto<\/strong>. Sin embargo, la hinchada local no par\u00f3 de jalear a los suyos en pos de la remontada. Finalmente, el marcador al t\u00e9rmino de la primera mitad de encuentro reflejaba un 40-49 favorable a los intereses ourensanos.<\/p>\n<p class=\"paragraph-atom &#10;        A-500-300-700-N A-550-300-700-N--md  \"><strong>Comenzaba la segunda mitad con la misma t\u00f3nica con la que finaliz\u00f3 la primera<\/strong>, con un Ourense que apenas hac\u00eda concesiones atr\u00e1s, y que era un pu\u00f1al en la mitad de cancha local. Comandados por Lisboa y J\u00fcrgens, los ourensanos <strong>no daban opci\u00f3n a un CB Zamora que, pese a todo, no bajaba los brazos y dejaba claro que no iba a vender barata su piel. <\/strong>La diferencia era superaba ya la veintena de puntos y el CB Zamora se ve\u00eda superado en pr\u00e1cticamente todos los aspectos del juego, mientras Ourense no levantaba el pie del acelerador. Al t\u00e9rmino del tercer cuarto, la diferencia era de 16 tantos, con un 59 &#8211; 74 favorable a los visitantes.<\/p>\n<p class=\"paragraph-atom &#10;        A-500-300-700-N A-550-300-700-N--md  \">Todo estaba por decidir en el \u00faltimo cuarto, pues todo puede cambiar mucho en baloncesto en apenas un instante. Sin embargo, los locales ve\u00edan, si bien no imposible, s\u00ed complicada la remontada. El margen era amplio y el nivel del rival, muy alto. <strong>Pese a todo, los de Saulo Hern\u00e1ndez no iban a bajar los brazos e iban a pelear hasta el final. <\/strong>Un buen parcial durante el \u00faltimo cuarto dio alas al \u00c1ngel Nieto para hacer resonar el &#8216;S\u00ed se puede&#8217;. <\/p>\n<p class=\"paragraph-atom &#10;        A-500-300-700-N A-550-300-700-N--md  \">Quedaba poco m\u00e1s de la mitad del \u00faltimo cuarto y el CB Zamora atravesaba sus mejores minutos del encuentro. <strong>Hab\u00eda logrado reducir la ventaja hastsa los 7 puntos, 73 &#8211; 80, y el \u00c1ngel Nieto cre\u00eda.<\/strong> El tiempo pasaba y el conjunto Ourensano hab\u00eda vuelto a crecer y, con \u00e9l, la diferencia en el electr\u00f3nico. <strong>Siete puntos entre ambos, y apenas 80 segundos por delante para poder darle la vuelta a la situaci\u00f3n. <\/strong>El crono jugaba contra los intereses de los pupilos de Saulo Hern\u00e1ndez y, finalmente, la desventaja se hizo inabarcable y el marcador reflejaba un 84 &#8211; 94 a favor de los visitantes. El CB Zamora no dej\u00f3 de intentarlo, pero Ourense fue superior en varias fases del partido y la victoria zarpaba rumbo a tierras gallegas.<\/p>\n","protected":false},"excerpt":{"rendered":"El CB Zamora volv\u00eda este s\u00e1bado al \u00c1ngel Nieto por segunda semana consecutiva, y en busca del tercer&hellip;\n","protected":false},"author":2,"featured_media":170940,"comment_status":"","ping_status":"","sticky":false,"template":"","format":"standard","meta":{"footnotes":""},"categories":[269],"tags":[299,298,2609,168,25,24,23,167,2946],"class_list":{"0":"post-170939","1":"post","2":"type-post","3":"status-publish","4":"format-standard","5":"has-post-thumbnail","7":"category-baloncesto","8":"tag-baloncesto","9":"tag-basketball","10":"tag-cb","11":"tag-deportes","12":"tag-es","13":"tag-espana","14":"tag-spain","15":"tag-sports","16":"tag-zamora"},"share_on_mastodon":{"url":"","error":""},"_links":{"self":[{"href":"https:\/\/www.europesays.com\/es\/wp-json\/wp\/v2\/posts\/170939","targetHints":{"allow":["GET"]}}],"collection":[{"href":"https:\/\/www.europesays.com\/es\/wp-json\/wp\/v2\/posts"}],"about":[{"href":"https:\/\/www.europesays.com\/es\/wp-json\/wp\/v2\/types\/post"}],"author":[{"embeddable":true,"href":"https:\/\/www.europesays.com\/es\/wp-json\/wp\/v2\/users\/2"}],"replies":[{"embeddable":true,"href":"https:\/\/www.europesays.com\/es\/wp-json\/wp\/v2\/comments?post=170939"}],"version-history":[{"count":0,"href":"https:\/\/www.europesays.com\/es\/wp-json\/wp\/v2\/posts\/170939\/revisions"}],"wp:featuredmedia":[{"embeddable":true,"href":"https:\/\/www.europesays.com\/es\/wp-json\/wp\/v2\/media\/170940"}],"wp:attachment":[{"href":"https:\/\/www.europesays.com\/es\/wp-json\/wp\/v2\/media?parent=170939"}],"wp:term":[{"taxonomy":"category","embeddable":true,"href":"https:\/\/www.europesays.com\/es\/wp-json\/wp\/v2\/categories?post=170939"},{"taxonomy":"post_tag","embeddable":true,"href":"https:\/\/www.europesays.com\/es\/wp-json\/wp\/v2\/tags?post=170939"}],"curies":[{"name":"wp","href":"https:\/\/api.w.org\/{rel}","templated":true}]}}