{"id":170947,"date":"2025-10-12T04:02:28","date_gmt":"2025-10-12T04:02:28","guid":{"rendered":"https:\/\/www.europesays.com\/es\/170947\/"},"modified":"2025-10-12T04:02:28","modified_gmt":"2025-10-12T04:02:28","slug":"suenos-de-libertad-resumen-semanal-del-6-al-10-de-octubre-en-antena-3-una-verdad-terrible","status":"publish","type":"post","link":"https:\/\/www.europesays.com\/es\/170947\/","title":{"rendered":"&#8216;Sue\u00f1os de libertad&#8217;, resumen semanal del 6 al 10 de octubre en Antena 3: Una verdad terrible"},"content":{"rendered":"<p data-journey-content=\"true\" data-node-id=\"3\" class=\"css-6wxqfj emevuu60\">Esta semana en &#8216;<a href=\"https:\/\/www.diezminutos.es\/suenos-de-libertad\/\" target=\"_blank\" data-vars-ga-outbound-link=\"https:\/\/www.diezminutos.es\/suenos-de-libertad\/\" data-vars-ga-ux-element=\"Hyperlink\" data-vars-ga-call-to-action=\"Sue\u00f1os de libertad\" data-node-id=\"3.1\" class=\"body-link css-177bzfx emevuu60\" rel=\"nofollow noopener\">Sue\u00f1os de libertad<\/a>&#8216;,la colonia se estremeci\u00f3 cuando Dami\u00e1n orden\u00f3 al sargento Zabala liberar a Jos\u00e9. Su regreso, lejos de ser triunfal, se convirti\u00f3 en un episodio doloroso: Gaspar lo encontr\u00f3 malherido, apenas consciente, y lo llev\u00f3 al dispensario. All\u00ed, <a href=\"https:\/\/www.diezminutos.es\/telenovela\/espanolas\/a68145580\/suenos-de-libertad-capitulo-406-avance-del-jueves-2-de-octubre-serie-diaria-antena-3\/\" target=\"_blank\" data-vars-ga-outbound-link=\"https:\/\/www.diezminutos.es\/telenovela\/espanolas\/a68145580\/suenos-de-libertad-capitulo-406-avance-del-jueves-2-de-octubre-serie-diaria-antena-3\/\" data-vars-ga-ux-element=\"Hyperlink\" data-vars-ga-call-to-action=\"Cristina e Irene se entregaron a sus cuidados\" data-node-id=\"3.3\" class=\"body-link css-177bzfx emevuu60\" rel=\"nofollow noopener\">Cristina e Irene se entregaron a sus cuidados<\/a>, entre l\u00e1grimas de angustia y suspiros de alivio. Cristina, convertida en su enfermera, <strong data-node-id=\"3.5\">vivi\u00f3 con \u00e9l su primer encuentro como hija<\/strong>. Las palabras fluyeron con naturalidad, y la conexi\u00f3n entre ambos se encendi\u00f3 como una llama largamente esperada.<\/p>\n<p><img draggable=\"true\" alt=\"isabel en suenos de libertad\" title=\"Isabel en Suenos de libertad\" loading=\"lazy\" width=\"3500\" height=\"2333\" decoding=\"async\" data-nimg=\"1\" style=\"color:transparent;width:100%;height:auto;\"   src=\"https:\/\/www.europesays.com\/es\/wp-content\/uploads\/2025\/10\/alta-sdl-t03-e405-01-240425-ctxucapereira-0082-68d521c6c4845.jpg\" class=\"css-0 e1g79fud0\"\/><\/p>\n<p>Txuca Pereira<\/p>\n<p>Gabriel intent\u00f3 manipular a Tasio en &#8216;Sue\u00f1os de libertad&#8217; <\/p>\n<p data-journey-content=\"true\" data-node-id=\"8\" class=\"css-6wxqfj emevuu60\">Mientras tanto, Bego\u00f1a recibi\u00f3 el resultado de su prueba de embarazo. La noticia la dividi\u00f3 entre el silencio y la necesidad de confesar. Gabriel, inquieto, percibi\u00f3 su distancia, y Mar\u00eda le aconsej\u00f3 reconquistarla con ternura. En otro rinc\u00f3n, Ra\u00fal corri\u00f3 en secreto y recibi\u00f3 una oferta de la escuder\u00eda. Pero <strong data-node-id=\"8.1\">la tensi\u00f3n con Claudia se intensific\u00f3<\/strong> al descubrir que ella le hab\u00eda ocultado la herencia de don Pedro. Dolido, se abri\u00f3 con Manuela, revelando sus heridas m\u00e1s profundas.<\/p>\n<p data-journey-content=\"true\" data-node-id=\"10\" class=\"css-6wxqfj emevuu60\">Gabriel, movido por celos, intent\u00f3 manipular a Tasio para sabotear su reuni\u00f3n con los americanos. Sin embargo, la inesperada aparici\u00f3n de Andr\u00e9s frustr\u00f3 sus planes. Digna, cansada de las sombras, <strong data-node-id=\"10.1\">reproch\u00f3 a Dami\u00e1n que Andr\u00e9s a\u00fan ignorara la verdad sobre la muerte de Jes\u00fas<\/strong>. Decidi\u00f3 hablar con \u00e9l, y tras la conversaci\u00f3n, Bego\u00f1a y Andr\u00e9s se conjuraron para guardar el secreto, lo que irrit\u00f3 a Gabriel al verlos compartir confidencias.<br data-node-id=\"10.3\"\/><\/p>\n<p>Emma Govantes fue el rostro de Pasi\u00f3n oculta en &#8216;Sue\u00f1os de libertad&#8217;<img draggable=\"true\" alt=\"sue\u00f1os de libertad\" title=\"Sue\u00f1os de libertad\" loading=\"lazy\" width=\"3500\" height=\"2334\" decoding=\"async\" data-nimg=\"1\" style=\"color:transparent;width:100%;height:auto;\"   src=\"https:\/\/www.europesays.com\/es\/wp-content\/uploads\/2025\/10\/alta-sdl-t03-e410-10-11-29-4-25cjose-alberto-puertas-243-68de3db84abfd.jpg\" class=\"css-0 e1g79fud0\"\/><\/p>\n<p>Add antena 3<\/p>\n<p data-journey-content=\"true\" data-node-id=\"16\" class=\"css-6wxqfj emevuu60\">La figura de don Pedro sigui\u00f3 proyectando su sombra sobre todos. Don Agust\u00edn, siempre dispuesto a sembrar discordia, critic\u00f3 a Digna por su aparente frialdad. Jos\u00e9, por su parte, revel\u00f3 a Irene c\u00f3mo hab\u00eda sido apartado de su vida por culpa de su hermano. En la mansi\u00f3n De la Reina, Bego\u00f1a habl\u00f3 con Gabriel sobre su embarazo. \u00c9l prometi\u00f3 apoyarla en todo, pero ella sigui\u00f3 dudando: \u00bfestaba preparada para ser madre junto a ese hombre? En un gesto inesperado, Marta recul\u00f3 y decidi\u00f3 asumir el papel de esposa que se esperaba de ella. <strong data-node-id=\"16.1\">\u00abSiento mucho haberme portado as\u00ed estos d\u00edas\u00bb<\/strong>, le dijo a Pelayo, con voz temblorosa. Y en la colonia, Carmen y Gema le propusieron a Emma Govantes convertirse en el rostro de Pasi\u00f3n Oculta. Ella, encantada, acept\u00f3 sin vacilar, sin saber que ese s\u00ed marcar\u00eda el inicio de una nueva etapa.<\/p>\n<p><img src=\"https:\/\/www.europesays.com\/es\/wp-content\/uploads\/2025\/10\/1760241748_470_43af9b8f-983e-4e74-8e74-9a7479b0966b_1681831601.file\" alt=\"Headshot of Pilar Mart\u00ednez\" title=\"Headshot of Pilar Mart\u00ednez\" width=\"100%\" height=\"100%\" decoding=\"async\" loading=\"lazy\" class=\"css-o0wq4v ev8dhu53\"\/><\/p>\n<p>Pilar Mart\u00ednez es periodista especializada en contenidos de televisi\u00f3n y cultura, se gradu\u00f3 en la carrera en Periodismo en la Facultad de Ciencias de la Informaci\u00f3n (Universidad Complutense de Madrid) en el a\u00f1o 2018. Desde entonces ha pasado por las redacciones de Ecoteuve (El Economista), donde realiz\u00f3 sus primeras pr\u00e1cticas durante el verano del 2016.<\/p>\n<p>Posteriormente, concretamente, en el a\u00f1o 2017 se pas\u00f3 al grupo Hearst Espa\u00f1a, donde comenz\u00f3 su andadura en las revistas de televisi\u00f3n: Supertele, Teleprograma, Telenovela. Ahora colabora con Diez Minutos, en su versi\u00f3n web, donde se encarga de realizar los avances semanales de las ficciones diarias de moda, as\u00ed como entrevistas y art\u00edculos sobre los melodramas o telenovelas que aterrizan en nuestro pa\u00eds y aquellos que est\u00e1n por venir.<\/p>\n<p>Toda una cazadora de exclusivas. A esto, se suma su puesto como redactora jefe de la secci\u00f3n de novela narrativa en la revista Culturamas, medio digital de alto impacto al que lleva unida desde el a\u00f1o 2013. \u00c1vida lectora, cin\u00e9fila y seri\u00e9fila de primer nivel, ha hecho de su vocaci\u00f3n su oficio. \u00a0<\/p>\n","protected":false},"excerpt":{"rendered":"Esta semana en &#8216;Sue\u00f1os de libertad&#8216;,la colonia se estremeci\u00f3 cuando Dami\u00e1n orden\u00f3 al sargento Zabala liberar a Jos\u00e9.&hellip;\n","protected":false},"author":2,"featured_media":170948,"comment_status":"","ping_status":"","sticky":false,"template":"","format":"standard","meta":{"footnotes":""},"categories":[171],"tags":[253,146,147,25,24,23,214],"class_list":{"0":"post-170947","1":"post","2":"type-post","3":"status-publish","4":"format-standard","5":"has-post-thumbnail","7":"category-tv","8":"tag-discover","9":"tag-entertainment","10":"tag-entretenimiento","11":"tag-es","12":"tag-espana","13":"tag-spain","14":"tag-tv"},"share_on_mastodon":{"url":"","error":""},"_links":{"self":[{"href":"https:\/\/www.europesays.com\/es\/wp-json\/wp\/v2\/posts\/170947","targetHints":{"allow":["GET"]}}],"collection":[{"href":"https:\/\/www.europesays.com\/es\/wp-json\/wp\/v2\/posts"}],"about":[{"href":"https:\/\/www.europesays.com\/es\/wp-json\/wp\/v2\/types\/post"}],"author":[{"embeddable":true,"href":"https:\/\/www.europesays.com\/es\/wp-json\/wp\/v2\/users\/2"}],"replies":[{"embeddable":true,"href":"https:\/\/www.europesays.com\/es\/wp-json\/wp\/v2\/comments?post=170947"}],"version-history":[{"count":0,"href":"https:\/\/www.europesays.com\/es\/wp-json\/wp\/v2\/posts\/170947\/revisions"}],"wp:featuredmedia":[{"embeddable":true,"href":"https:\/\/www.europesays.com\/es\/wp-json\/wp\/v2\/media\/170948"}],"wp:attachment":[{"href":"https:\/\/www.europesays.com\/es\/wp-json\/wp\/v2\/media?parent=170947"}],"wp:term":[{"taxonomy":"category","embeddable":true,"href":"https:\/\/www.europesays.com\/es\/wp-json\/wp\/v2\/categories?post=170947"},{"taxonomy":"post_tag","embeddable":true,"href":"https:\/\/www.europesays.com\/es\/wp-json\/wp\/v2\/tags?post=170947"}],"curies":[{"name":"wp","href":"https:\/\/api.w.org\/{rel}","templated":true}]}}