{"id":170956,"date":"2025-10-12T04:10:08","date_gmt":"2025-10-12T04:10:08","guid":{"rendered":"https:\/\/www.europesays.com\/es\/170956\/"},"modified":"2025-10-12T04:10:08","modified_gmt":"2025-10-12T04:10:08","slug":"los-rehenes-vivos-que-hamas-preve-liberar-20-hombres-israelies-de-entre-21-y-48-anos-y-casi-todos-civiles-internacional","status":"publish","type":"post","link":"https:\/\/www.europesays.com\/es\/170956\/","title":{"rendered":"Los rehenes vivos que Ham\u00e1s prev\u00e9 liberar: 20 hombres israel\u00edes de entre 21 y 48 a\u00f1os y casi todos civiles | Internacional"},"content":{"rendered":"<p class=\"\">Son 20 hombres, todos israel\u00edes. El m\u00e1s joven, de 21 a\u00f1os; el mayor, de 48, seg\u00fan datos oficiales. Todos, excepto dos, son civiles y m\u00e1s de la mitad (11) fueron secuestrados en el festival Nova, cerca de la frontera de Gaza, el escenario de la peor masacre de los ataques de Ham\u00e1s del 7 de octubre de 2023. All\u00ed murieron 378 de las 1.200 v\u00edctimas de ese d\u00eda. <\/p>\n<p class=\"\">Esos 20 israel\u00edes son los \u00faltimos cautivos que se ha confirmado que siguen vivos de los 251 secuestrados ese d\u00eda. Hay otros dos rehenes, el soldado israel\u00ed Tamir Nimrodi y el estudiante nepal\u00ed Bipin Joshi, cuya suerte se desconoce.<\/p>\n<p class=\"\"><a href=\"https:\/\/elpais.com\/internacional\/2025-10-09\/el-alto-el-fuego-en-gaza-entrara-en-vigor-24-horas-despues-de-que-el-gobierno-israeli-lo-ratifique-esta-tarde.html\" target=\"_self\" rel=\"nofollow noopener\" title=\"https:\/\/elpais.com\/internacional\/2025-10-09\/el-alto-el-fuego-en-gaza-entrara-en-vigor-24-horas-despues-de-que-el-gobierno-israeli-lo-ratifique-esta-tarde.html\">Seg\u00fan lo acordado en el alto el fuego que entr\u00f3 en vigor este viernes, <\/a>despu\u00e9s de que los cautivos vivos regresen a Israel, la milicia palestina tendr\u00e1 que entregar los cuerpos de entre 26 \u2014si los dos rehenes dudosos est\u00e1n vivos\u2014 y 28 secuestrados, algunos en sus manos y otros en poder de otras facciones. A cambio, las autoridades israel\u00edes <a href=\"https:\/\/elpais.com\/internacional\/2025-10-10\/miles-de-gazaties-comienzan-a-regresar-a-sus-hogares-tras-entrar-en-vigor-el-alto-el-fuego.html\" target=\"_self\" rel=\"nofollow noopener\" title=\"https:\/\/elpais.com\/internacional\/2025-10-10\/miles-de-gazaties-comienzan-a-regresar-a-sus-hogares-tras-entrar-en-vigor-el-alto-el-fuego.html\">liberar\u00e1n<\/a> a alrededor de 2.000 prisioneros palestinos.<\/p>\n<p class=\"\">Estos son los rehenes israel\u00edes que siguen con vida, seg\u00fan datos oficiales y relatos recogidos por EL PA\u00cdS y medios de comunicaci\u00f3n de ese pa\u00eds: <\/p>\n<p>Nimrod Cohen (21 a\u00f1os) <\/p>\n<p class=\"\">El cabo Nimrod Cohen es uno de los dos \u00fanicos militares de los 20 rehenes. Ten\u00eda 19 a\u00f1os el 7 de octubre de 2023 y estaba haciendo el servicio militar cerca de la frontera con Gaza. Ese d\u00eda, el tanque en el que se encontraba se detuvo, se cree que por una aver\u00eda, y varios hombres armados lo atacaron. El joven fue el \u00fanico superviviente.<\/p>\n<p>Matan Angrest (22 a\u00f1os)<\/p>\n<p class=\"\">El suboficial de la brigada Golani Matan Angrest es el otro militar del grupo. Fue capturado <a href=\"https:\/\/elpais.com\/internacional\/2023-10-14\/vamos-a-morir-aqui.html\" target=\"_self\" rel=\"nofollow noopener\" title=\"https:\/\/elpais.com\/internacional\/2023-10-14\/vamos-a-morir-aqui.html\">cerca del kibutz Nahal Oz.<\/a> En un v\u00eddeo del 7 de octubre, difundido por la familia en junio, se aprecia c\u00f3mo una turba lo saca, herido y con la ropa desgarrada, de un tanque en el que otros tres militares murieron. Su familia cree que ha perdido la movilidad en una mano.<\/p>\n<p>Alon Ohel (24 a\u00f1os)<\/p>\n<p class=\"\">Alon Ohel es un virtuoso del piano. Viv\u00eda en Lavon, en el norte de Israel, pero el 7 de octubre de 2023 asist\u00eda al festival de m\u00fasica Nova. Tras lograr escapar, fue capturado junto con otros tres j\u00f3venes en un refugio antibombas en el que se hab\u00eda escondido. Sufri\u00f3 heridas por metralla en el rostro y el cuerpo, y su familia cree que ha perdido la vista en un ojo. <\/p>\n<p>Ariel y David Cunio (28 y 38)<\/p>\n<p class=\"\">Los hermanos Ariel y David Cunio, con doble nacionalidad israel\u00ed y argentina, fueron capturados <a href=\"https:\/\/elpais.com\/internacional\/2025-10-07\/el-duelo-inacabado-del-ataque-de-hamas-a-israel-por-que-la-pena-no-se-queda-aqui-en-el-cementerio.html\" target=\"_self\" rel=\"nofollow noopener\" title=\"https:\/\/elpais.com\/internacional\/2025-10-07\/el-duelo-inacabado-del-ataque-de-hamas-a-israel-por-que-la-pena-no-se-queda-aqui-en-el-cementerio.html\">en el kibutz de Nir Oz, uno de los que <\/a>registr\u00f3 m\u00e1s muertes (47) y en el que hubo m\u00e1s secuestros: 76 de los 251 totales. Ariel, el m\u00e1s joven, fue capturado junto con su pareja, Arbel Yehud. David, el mayor, que trabaja como actor, fue tambi\u00e9n raptado con su mujer Sharon y sus dos hijas gemelas de tres a\u00f1os, Yuli y Emma. Sharon Cunio y las dos ni\u00f1as fueron liberadas en la primera tregua en noviembre de 2023. Arbel Yehud fue entregada a Israel en enero, durante el alto el fuego que Israel rompi\u00f3 en marzo.<\/p>\n<p>Avinatan Or (32 a\u00f1os)<\/p>\n<p class=\"\">Avinatan Or, de doble nacionalidad brit\u00e1nica e israel\u00ed, <a href=\"https:\/\/elpais.com\/videos\/2024-06-08\/video-el-rescate-de-la-rehen-que-se-convirtio-en-simbolo-del-ataque-de-hamas.html\" target=\"_self\" rel=\"nofollow noopener\" title=\"https:\/\/elpais.com\/videos\/2024-06-08\/video-el-rescate-de-la-rehen-que-se-convirtio-en-simbolo-del-ataque-de-hamas.html\">es el hombre que aparece custodiado por milicianos en el v\u00eddeo viral que refleja la captura de su pareja,<\/a> Noa Argamani, rescatada posteriormente por los soldados israel\u00edes. En \u00e9l, la joven grita y extiende los brazos hacia Or mientras los milicianos se la llevan en moto. Ambos trataban de escapar del festival Nova. Or procede de una familia de colonos religiosos que viven en un asentamiento ilegal israel\u00ed en la Cisjordania ocupada. Es ingeniero.<\/p>\n<p>Bar Kupershtein (23 a\u00f1os)<\/p>\n<p class=\"\">Bar Kuperstein es un param\u00e9dico que trabajaba como guardia de seguridad en el festival Nova. Su familia explic\u00f3 al diario The Jerusalem Post que, en lugar de huir, se qued\u00f3 para atender a varios heridos antes de ser secuestrado. Ham\u00e1s no hab\u00eda ofrecido ninguna prueba de vida de este joven, pero el pasado mes de abril sus familiares lo vieron en un v\u00eddeo de la milicia en el que aparec\u00edan otros cautivos. <\/p>\n<p>Eitan Horn (38 a\u00f1os)<\/p>\n<p class=\"\">Eitan Horn es uno de los tres israel\u00edes del grupo que tambi\u00e9n tiene nacionalidad argentina. Fue capturado en la casa de su hermano Yair \u2014liberado en febrero\u2014 <a href=\"https:\/\/elpais.com\/internacional\/2025-10-07\/el-duelo-inacabado-del-ataque-de-hamas-a-israel-por-que-la-pena-no-se-queda-aqui-en-el-cementerio.html\" target=\"_self\" rel=\"nofollow noopener\" title=\"https:\/\/elpais.com\/internacional\/2025-10-07\/el-duelo-inacabado-del-ataque-de-hamas-a-israel-por-que-la-pena-no-se-queda-aqui-en-el-cementerio.html\">en el kibutz Nir Oz<\/a>. Ambos permanecieron recluidos en un t\u00fanel y sobrevivieron a un misil israel\u00ed que casi lo destruy\u00f3, relat\u00f3 despu\u00e9s Yair Horn.<\/p>\n<p>Evyatar David (24 a\u00f1os)<\/p>\n<p class=\"\">El brazo armado de Ham\u00e1s, las brigadas Al Qasam, difundieron el pasado dos de agosto un v\u00eddeo de Evyatar David, <a href=\"https:\/\/elpais.com\/internacional\/2025-08-02\/hamas-difunde-un-video-donde-obliga-a-cavar-su-propia-tumba-al-rehen-evyatar-david.html\" target=\"_self\" rel=\"nofollow noopener\" title=\"https:\/\/elpais.com\/internacional\/2025-08-02\/hamas-difunde-un-video-donde-obliga-a-cavar-su-propia-tumba-al-rehen-evyatar-david.html\">en el que cava con una pala en el suelo de un t\u00fanel.<\/a> \u201cEstoy cavando mi propia tumba\u201d, dice este joven. David fue secuestrado en el festival Nova con su mejor amigo, Guy Gilboa-Dalal. Aficionado a la m\u00fasica, trabajaba en un bar para ahorrar y poder pagarse un viaje a Tailandia.<\/p>\n<p>Guy Gilboa-Dalal (24 a\u00f1os)<\/p>\n<p class=\"\">Es el mejor amigo de Evyatar David y fue secuestrado con \u00e9l. Apareci\u00f3 en un v\u00eddeo difundido en septiembre, en un coche que pasa ante edificios reducidos a escombros. En otra grabaci\u00f3n, en febrero, se aprecia c\u00f3mo \u00e9l y su amigo David ven en televisi\u00f3n la liberaci\u00f3n de otros rehenes israel\u00edes. Guy Gilboa-Dalal es inform\u00e1tico.<\/p>\n<p>Eitan Abraham Mor (25 a\u00f1os) <\/p>\n<p class=\"\">Fue capturado en el festival Nova, donde ejerc\u00eda de guardia de seguridad, aunque normalmente trabajaba en un bar en Jerusal\u00e9n. Proviene de una familia de colonos del asentamiento israel\u00ed de Kyriat Arba, en el territorio palestino ocupado de Cisjordania. Su padre, Tzvika Mor, es el fundador del Foro de la Esperanza, un colectivo ajeno al ente que agrupa a la mayor\u00eda de los familiares de rehenes y que se opone a cualquier acuerdo con Ham\u00e1s.<\/p>\n<p>Matan Zangauker (25 a\u00f1os)<\/p>\n<p class=\"\">Este joven y su novia, Ilana Gritzewsky, fueron secuestrados en Nir Oz, aunque ella recuper\u00f3 la libertad en noviembre de 2023. Zangauker trabajaba en la granja de cannabis con fines m\u00e9dicos de ese kibutz. Su madre, Einav Zangauker, es una de las caras m\u00e1s visibles del foro de las familias de los rehenes. En septiembre, amenaz\u00f3 al primer ministro israel\u00ed con presentar una querella contra \u00e9l por asesinato si su hijo \u201cvolv\u00eda a casa en una bolsa para cad\u00e1veres\u201d.<\/p>\n<p>Gali y Ziv Berman (28 a\u00f1os)<\/p>\n<p class=\"\"><a href=\"https:\/\/elpais.com\/internacional\/2024-02-29\/a-pie-desde-las-puertas-de-gaza-a-jerusalen-para-pedir-la-liberacion-de-los-rehenes.html\" target=\"_self\" rel=\"nofollow noopener\" title=\"https:\/\/elpais.com\/internacional\/2024-02-29\/a-pie-desde-las-puertas-de-gaza-a-jerusalen-para-pedir-la-liberacion-de-los-rehenes.html\">Son gemelos, ambos trabajaban como productores musicales<\/a> y tienen doble nacionalidad israel\u00ed y alemana. Fueron capturados en el kibutz Kfar Aza junto con su <a href=\"https:\/\/elpais.com\/internacional\/2025-01-19\/los-vecinos-de-la-frontera-con-gaza-esperan-a-los-rehenes-no-lo-creeremos-hasta-que-los-veamos.html?event_log=oklogin\" target=\"_self\" rel=\"nofollow noopener\" title=\"https:\/\/elpais.com\/internacional\/2025-01-19\/los-vecinos-de-la-frontera-con-gaza-esperan-a-los-rehenes-no-lo-creeremos-hasta-que-los-veamos.html?event_log=oklogin\">amiga Emily Damari<\/a>. La mujer, liberada en enero, explic\u00f3 que los hermanos fueron separados nada m\u00e1s llegar a Gaza y que, aunque enfermos, segu\u00edan vivos.<\/p>\n<p>Yosef Haim Ohana (25 a\u00f1os)<\/p>\n<p class=\"\">Trabajaba en el bar del festival Nova el d\u00eda de los ataques de Ham\u00e1s, aunque normalmente se ganaba la vida como camarero en Tel Aviv, seg\u00fan Haaretz. Algunos testigos le vieron ayudando a varios heridos antes de intentar, sin \u00e9xito, escapar. A principios de 2025, apareci\u00f3 en un v\u00eddeo con el tambi\u00e9n cautivo Elkana Buhbut.<\/p>\n<p>Elkana Buhbut (36 a\u00f1os)<\/p>\n<p class=\"\">Buhbut trabajaba en una helader\u00eda en Tel Aviv y fue secuestrado en el festival Nova cuando intentaba ayudar a evacuar a los heridos, seg\u00fan The Times of Israel. Su esposa es colombiana y tienen un ni\u00f1o de cinco a\u00f1os. Poco despu\u00e9s del 7 de octubre de 2023, el presidente del pa\u00eds latinoamericano, Gustavo Petro, le concedi\u00f3 la nacionalidad de ese pa\u00eds.<\/p>\n<p>Maxim Herkin (36 a\u00f1os)<\/p>\n<p class=\"\">Natural de la regi\u00f3n hist\u00f3rica ucrania de Donb\u00e1s, Herkin tiene doble nacionalidad israel\u00ed y rusa. Est\u00e1 casado y tiene una hija de cinco a\u00f1os. Fue secuestrado en el festival Nova y no se supo nada de \u00e9l hasta mayo pasado, cuando un v\u00eddeo de Ham\u00e1s lo mostr\u00f3 cubierto de vendas. <\/p>\n<p>Rom Braslavski (21 a\u00f1os)<\/p>\n<p class=\"\">Braslavski es otro de los j\u00f3venes secuestrados mientras trabajaba como guardia de seguridad en el festival Nova, del que no escap\u00f3 para tratar de ayudar a las v\u00edctimas, seg\u00fan fuentes oficiales israel\u00edes. Natural de Jerusal\u00e9n, tambi\u00e9n tiene la nacionalidad alemana y fue raptado por militantes de Yihad Isl\u00e1mica. En agosto, ese grupo armado difundi\u00f3 un v\u00eddeo en el que aparece fam\u00e9lico, con heridas en la piel y observando im\u00e1genes de ni\u00f1os gazat\u00edes desnutridos en un televisor.<\/p>\n<p>Segev Kalfon (27 a\u00f1os)<\/p>\n<p class=\"\">Segev Kalfon trabajaba con su padre en una panader\u00eda familiar de Dimona, en el sur de Israel. Trat\u00f3 de escapar del festival Nova, pero los milicianos lo hallaron escondido entre los arbustos al lado de una carretera. Es asm\u00e1tico y sufr\u00eda ansiedad ya antes de ser secuestrado. <\/p>\n<p>Omri Miran (48 a\u00f1os)<\/p>\n<p class=\"\">Es el reh\u00e9n de m\u00e1s edad y el \u00fanico de los 20 que fue capturado en el kibutz Nahal Oz. Trabajaba como masajista y tambi\u00e9n tiene la nacionalidad h\u00fangara. En abril de 2024 aparec\u00eda con una larga barba en un v\u00eddeo de Ham\u00e1s. Desde entonces, su padre no se afeita en solidaridad con su hijo. El pasado mes de abril, la milicia islamista difundi\u00f3 un segundo v\u00eddeo de este reh\u00e9n.<\/p>\n","protected":false},"excerpt":{"rendered":"Son 20 hombres, todos israel\u00edes. El m\u00e1s joven, de 21 a\u00f1os; el mayor, de 48, seg\u00fan datos oficiales.&hellip;\n","protected":false},"author":2,"featured_media":170957,"comment_status":"","ping_status":"","sticky":false,"template":"","format":"standard","meta":{"footnotes":""},"categories":[42],"tags":[17,18,68,70,71,72,13,14,73,69,75,11,61,62,63,64,74,19,20,9,10,15,16,77,76,12651,12,21,22,65,66,67],"class_list":{"0":"post-170956","1":"post","2":"type-post","3":"status-publish","4":"format-standard","5":"has-post-thumbnail","7":"category-internacional","8":"tag-breaking-news","9":"tag-breakingnews","10":"tag-conflicto-arabe-israeli","11":"tag-conflictos","12":"tag-conflictos-armados","13":"tag-conflictos-internacionales","14":"tag-featured-news","15":"tag-featurednews","16":"tag-franja-gaza","17":"tag-guerra","18":"tag-hamas","19":"tag-headlines","20":"tag-internacional","21":"tag-international","22":"tag-international-news","23":"tag-internationalnews","24":"tag-israel","25":"tag-latest-news","26":"tag-latestnews","27":"tag-news","28":"tag-noticias","29":"tag-noticias-destacadas","30":"tag-noticiasdestacadas","31":"tag-oriente-proximo","32":"tag-palestina","33":"tag-rehenes","34":"tag-titulares","35":"tag-ultimas-noticias","36":"tag-ultimasnoticias","37":"tag-world","38":"tag-world-news","39":"tag-worldnews"},"share_on_mastodon":{"url":"","error":""},"_links":{"self":[{"href":"https:\/\/www.europesays.com\/es\/wp-json\/wp\/v2\/posts\/170956","targetHints":{"allow":["GET"]}}],"collection":[{"href":"https:\/\/www.europesays.com\/es\/wp-json\/wp\/v2\/posts"}],"about":[{"href":"https:\/\/www.europesays.com\/es\/wp-json\/wp\/v2\/types\/post"}],"author":[{"embeddable":true,"href":"https:\/\/www.europesays.com\/es\/wp-json\/wp\/v2\/users\/2"}],"replies":[{"embeddable":true,"href":"https:\/\/www.europesays.com\/es\/wp-json\/wp\/v2\/comments?post=170956"}],"version-history":[{"count":0,"href":"https:\/\/www.europesays.com\/es\/wp-json\/wp\/v2\/posts\/170956\/revisions"}],"wp:featuredmedia":[{"embeddable":true,"href":"https:\/\/www.europesays.com\/es\/wp-json\/wp\/v2\/media\/170957"}],"wp:attachment":[{"href":"https:\/\/www.europesays.com\/es\/wp-json\/wp\/v2\/media?parent=170956"}],"wp:term":[{"taxonomy":"category","embeddable":true,"href":"https:\/\/www.europesays.com\/es\/wp-json\/wp\/v2\/categories?post=170956"},{"taxonomy":"post_tag","embeddable":true,"href":"https:\/\/www.europesays.com\/es\/wp-json\/wp\/v2\/tags?post=170956"}],"curies":[{"name":"wp","href":"https:\/\/api.w.org\/{rel}","templated":true}]}}