{"id":170958,"date":"2025-10-12T04:11:15","date_gmt":"2025-10-12T04:11:15","guid":{"rendered":"https:\/\/www.europesays.com\/es\/170958\/"},"modified":"2025-10-12T04:11:15","modified_gmt":"2025-10-12T04:11:15","slug":"un-incendio-en-un-edificio-en-obras-de-la-gran-via-de-madrid-paraliza-la-calle-durante-media-hora-en-visperas-del-12-0","status":"publish","type":"post","link":"https:\/\/www.europesays.com\/es\/170958\/","title":{"rendered":"Un incendio en un edificio en obras de la Gran V\u00eda de Madrid paraliza la calle durante media hora en v\u00edsperas del 12-0"},"content":{"rendered":"<p class=\"paragraph\" id=\"paragraph_1\">Un <strong>incendio<\/strong> en la azotea de un edificio en obras de la <strong>Gran V\u00eda de Madrid<\/strong> ha obligado este s\u00e1bado a paralizar el tr\u00e1fico y forzado la intervenci\u00f3n de los bomberos y la Polic\u00eda.<\/p>\n<p class=\"paragraph\" id=\"paragraph_2\">El origen del fuego ha sido vinculado por los servicios de emergencias a un\u00a0<strong>material pl\u00e1stico situado en la azotea del edificio y que pronto provoc\u00f3\u00a0<\/strong><strong>una inmensa nube de humo negro.<\/strong><\/p>\n<p class=\"paragraph\" id=\"paragraph_3\">El suceso se ha producido a las 13:15 horas, en un edificio situado a la altura de la calle Tres Cruces. Las llamas ya han sido controladas por los bomberos sin que se reporten heridos en el incidente y el <strong>tr\u00e1fico ya ha sido restablecido.<\/strong><\/p>\n<blockquote class=\"twitter-tweet\" data-media-max-width=\"560\">\n<p dir=\"ltr\" lang=\"es\">\ud83d\udd34 Un incendio en la Gran V\u00eda causa alarma en Madrid en v\u00edsperas del D\u00eda de la Hispanidad<\/p>\n<p>El fuego se ha originado este s\u00e1bado por la ma\u00f1ana en un edificio pr\u00f3ximo a la plaza de Callao, provocando una gran columna de humo visible desde varios puntos del centro de la capital <a href=\"https:\/\/t.co\/CDts31yb59\" rel=\"nofollow\">pic.twitter.com\/CDts31yb59<\/a><\/p>\n<p>\u2014 EL ESPA\u00d1OL (@elespanolcom) <a href=\"https:\/\/twitter.com\/elespanolcom\/status\/1976995200422887472?ref_src=twsrc%5Etfw\" rel=\"nofollow noopener\" target=\"_blank\">October 11, 2025<\/a><\/p><\/blockquote>\n<p class=\"paragraph\" id=\"paragraph_4\">El\u00a0<strong>Centro de Gesti\u00f3n de la Movilidad en Madrid<\/strong>\u00a0inform\u00f3 de que el incidente hab\u00eda obligado a cortar el tr\u00e1fico, tanto en el sentido con rumbo a la Plaza de Cibeles como el que finaliza en Plaza de Espa\u00f1a.<\/p>\n<p class=\"paragraph\" id=\"paragraph_5\">Gracias al trabajo de cuatro dotaciones de bomberos, el tr\u00e1fico se ha restablecido en <strong>algo m\u00e1s de veinte minutos<\/strong> sin que se registren grandes da\u00f1os personales ni materiales.<\/p>\n<p class=\"paragraph\" id=\"paragraph_6\">Las restricciones han coincidido con las <strong>celebraciones y conciertos programados para este s\u00e1bado en la Puerta del Sol<\/strong> en el marco del D\u00eda de la Hispanidad.<\/p>\n<p>                                    <script async src=\"https:\/\/platform.twitter.com\/widgets.js\" charset=\"utf-8\"><\/script><\/p>\n","protected":false},"excerpt":{"rendered":"Un incendio en la azotea de un edificio en obras de la Gran V\u00eda de Madrid ha obligado&hellip;\n","protected":false},"author":2,"featured_media":170959,"comment_status":"","ping_status":"","sticky":false,"template":"","format":"standard","meta":{"footnotes":""},"categories":[8],"tags":[17,18,25,24,13,14,11,4342,19,20,205,9,10,15,16,23,12,21,22],"class_list":{"0":"post-170958","1":"post","2":"type-post","3":"status-publish","4":"format-standard","5":"has-post-thumbnail","7":"category-espana","8":"tag-breaking-news","9":"tag-breakingnews","10":"tag-es","11":"tag-espana","12":"tag-featured-news","13":"tag-featurednews","14":"tag-headlines","15":"tag-incendios","16":"tag-latest-news","17":"tag-latestnews","18":"tag-madrid","19":"tag-news","20":"tag-noticias","21":"tag-noticias-destacadas","22":"tag-noticiasdestacadas","23":"tag-spain","24":"tag-titulares","25":"tag-ultimas-noticias","26":"tag-ultimasnoticias"},"share_on_mastodon":{"url":"","error":""},"_links":{"self":[{"href":"https:\/\/www.europesays.com\/es\/wp-json\/wp\/v2\/posts\/170958","targetHints":{"allow":["GET"]}}],"collection":[{"href":"https:\/\/www.europesays.com\/es\/wp-json\/wp\/v2\/posts"}],"about":[{"href":"https:\/\/www.europesays.com\/es\/wp-json\/wp\/v2\/types\/post"}],"author":[{"embeddable":true,"href":"https:\/\/www.europesays.com\/es\/wp-json\/wp\/v2\/users\/2"}],"replies":[{"embeddable":true,"href":"https:\/\/www.europesays.com\/es\/wp-json\/wp\/v2\/comments?post=170958"}],"version-history":[{"count":0,"href":"https:\/\/www.europesays.com\/es\/wp-json\/wp\/v2\/posts\/170958\/revisions"}],"wp:featuredmedia":[{"embeddable":true,"href":"https:\/\/www.europesays.com\/es\/wp-json\/wp\/v2\/media\/170959"}],"wp:attachment":[{"href":"https:\/\/www.europesays.com\/es\/wp-json\/wp\/v2\/media?parent=170958"}],"wp:term":[{"taxonomy":"category","embeddable":true,"href":"https:\/\/www.europesays.com\/es\/wp-json\/wp\/v2\/categories?post=170958"},{"taxonomy":"post_tag","embeddable":true,"href":"https:\/\/www.europesays.com\/es\/wp-json\/wp\/v2\/tags?post=170958"}],"curies":[{"name":"wp","href":"https:\/\/api.w.org\/{rel}","templated":true}]}}