{"id":170960,"date":"2025-10-12T04:12:16","date_gmt":"2025-10-12T04:12:16","guid":{"rendered":"https:\/\/www.europesays.com\/es\/170960\/"},"modified":"2025-10-12T04:12:16","modified_gmt":"2025-10-12T04:12:16","slug":"dana-alice-baleares-la-dana-alice-regresa-con-furia-y-vuelve-a-inundar-ibiza-y-formentera","status":"publish","type":"post","link":"https:\/\/www.europesays.com\/es\/170960\/","title":{"rendered":"DANA ALICE BALEARES | La dana Alice regresa con furia y vuelve a inundar Ibiza y Formentera"},"content":{"rendered":"<p class=\"ft-text ft-helper-closenews\">La\u00a0<a class=\"ft-link ft-link--decoration\" href=\"https:\/\/www.diariodemallorca.es\/mallorca\/2025\/10\/11\/dana-alice-pone-alerta-narnaja-mallorca-municipios-mas-afectados-122509917.html\" rel=\"nofollow noopener\" target=\"_blank\">dana &#8216;Alice&#8217;\u00a0<\/a>sigue evolucionando y en las \u00faltimas horas ha concentrado su actividad principalmente en\u00a0Ibiza\u00a0y\u00a0Formentera, trayendo<strong>\u00a0<\/strong>fuertes lluvias, cortes el\u00e9ctricos y vuelos afectados<strong>. La tormenta ha empezado a descargar con furia<\/strong>\u00a0poco antes de las cinco de la tarde\u00a0<strong>y ya est\u00e1 inundando parte de, al menos, la ciudad de Ibiza, como sucedi\u00f3 el 30 de septiembre.\u00a0<\/strong>Tambi\u00e9n est\u00e1 diluviando desde hace m\u00e1s de media hora en Sant Antoni.<\/p>\n<p class=\"ft-text\">Despu\u00e9s de una noche intensa, con\u00a0<strong>m\u00e1s de 1.500 rayos registrados en las Pitiusas<\/strong>, y de una ma\u00f1ana relativamente tranquila, en la que lleg\u00f3 a lucir el sol con fuerza durante varias horas, esta tarde la dana ha vuelto a recobrar fuerza.<\/p>\n<p class=\"ft-text\">As\u00ed, est\u00e1 lloviendo con fuerza tanto en Ibiza y Formentera, lo que ha provocado que la direcci\u00f3n de Emergencias del Govern\u00a0<strong>extienda la alerta naranja hasta las ocho de la tarde<\/strong>, cinco horas m\u00e1s de lo previsto,<\/p>\n<p class=\"ft-text\">En Formentera, un rayo ha cortado una l\u00ednea el\u00e9ctrica y ha dejado sin suministro a 576 usuarios.<strong>En cuanto a Ibiza, son 27 los usuarios afectados:<\/strong>\u00a08 en Santa Eul\u00e0ria, 18 en Sant Josep de sa Talaia y 1 en Sant Joan de Labritja. \u00abLos casos de Ibiza y Mallorca est\u00e1n en v\u00edas de resolverse en un corto plazo. En el resto, se sigue trabajando\u00bb, destacan fuentes oficiales en su \u00faltima actualizaci\u00f3n, publicada a las 14.15 horas.<\/p>\n<p class=\"ft-text\">Por otra parte, los puertos operan con normalidad, mientras que los aeropuertos de Ibiza y Palma han sufrido retrasos y cancelaciones.\u00a0<strong>En el aeropuerto de Ibiza se han cancelado o retrasado\u00a0<\/strong>un total de cuatro vuelos, dos salidas y dos llegadas, debido a la tormenta.<\/p>\n<p class=\"ft-text\">\u00abDesde Emergencias se agradece a la ciudadan\u00eda, as\u00ed como a los ayuntamientos y a los distintos organismos y administraciones, que est\u00e9n siguiendo las recomendaciones, un hecho que, sin duda,\u00a0<strong>reduce los incidentes y facilita la labor de los equipos de emergencia<\/strong>\u00a0en caso de que tengan que actuar\u00bb, agradecen desde el dispositivo de seguridad.<\/p>\n<p data-close=\"closedContent\" class=\"subscribeHideForDisplay\">Suscr\u00edbete para seguir leyendo<\/p>\n","protected":false},"excerpt":{"rendered":"La\u00a0dana &#8216;Alice&#8217;\u00a0sigue evolucionando y en las \u00faltimas horas ha concentrado su actividad principalmente en\u00a0Ibiza\u00a0y\u00a0Formentera, trayendo\u00a0fuertes lluvias, cortes el\u00e9ctricos&hellip;\n","protected":false},"author":2,"featured_media":170961,"comment_status":"","ping_status":"","sticky":false,"template":"","format":"standard","meta":{"footnotes":""},"categories":[5],"tags":[25031,17,18,1681,4978,25,24,13,14,615,16001,11,6079,19,20,2457,9,10,15,16,2902,23,12,21,22,9648,739],"class_list":{"0":"post-170960","1":"post","2":"type-post","3":"status-publish","4":"format-standard","5":"has-post-thumbnail","7":"category-titulares","8":"tag-alice","9":"tag-breaking-news","10":"tag-breakingnews","11":"tag-dana","12":"tag-emergencias","13":"tag-es","14":"tag-espana","15":"tag-featured-news","16":"tag-featurednews","17":"tag-formentera","18":"tag-furia","19":"tag-headlines","20":"tag-ibiza","21":"tag-latest-news","22":"tag-latestnews","23":"tag-mallorca","24":"tag-news","25":"tag-noticias","26":"tag-noticias-destacadas","27":"tag-noticiasdestacadas","28":"tag-regresa","29":"tag-spain","30":"tag-titulares","31":"tag-ultimas-noticias","32":"tag-ultimasnoticias","33":"tag-vuelos","34":"tag-vuelve"},"share_on_mastodon":{"url":"","error":""},"_links":{"self":[{"href":"https:\/\/www.europesays.com\/es\/wp-json\/wp\/v2\/posts\/170960","targetHints":{"allow":["GET"]}}],"collection":[{"href":"https:\/\/www.europesays.com\/es\/wp-json\/wp\/v2\/posts"}],"about":[{"href":"https:\/\/www.europesays.com\/es\/wp-json\/wp\/v2\/types\/post"}],"author":[{"embeddable":true,"href":"https:\/\/www.europesays.com\/es\/wp-json\/wp\/v2\/users\/2"}],"replies":[{"embeddable":true,"href":"https:\/\/www.europesays.com\/es\/wp-json\/wp\/v2\/comments?post=170960"}],"version-history":[{"count":0,"href":"https:\/\/www.europesays.com\/es\/wp-json\/wp\/v2\/posts\/170960\/revisions"}],"wp:featuredmedia":[{"embeddable":true,"href":"https:\/\/www.europesays.com\/es\/wp-json\/wp\/v2\/media\/170961"}],"wp:attachment":[{"href":"https:\/\/www.europesays.com\/es\/wp-json\/wp\/v2\/media?parent=170960"}],"wp:term":[{"taxonomy":"category","embeddable":true,"href":"https:\/\/www.europesays.com\/es\/wp-json\/wp\/v2\/categories?post=170960"},{"taxonomy":"post_tag","embeddable":true,"href":"https:\/\/www.europesays.com\/es\/wp-json\/wp\/v2\/tags?post=170960"}],"curies":[{"name":"wp","href":"https:\/\/api.w.org\/{rel}","templated":true}]}}