{"id":170994,"date":"2025-10-12T04:37:13","date_gmt":"2025-10-12T04:37:13","guid":{"rendered":"https:\/\/www.europesays.com\/es\/170994\/"},"modified":"2025-10-12T04:37:13","modified_gmt":"2025-10-12T04:37:13","slug":"el-torero-curro-vazquez-la-resurreccion-del-maestro-del-toreo-un-modelo-un-arquetipo","status":"publish","type":"post","link":"https:\/\/www.europesays.com\/es\/170994\/","title":{"rendered":"El torero Curro V\u00e1zquez, la resurrecci\u00f3n del maestro del toreo, \u00abun modelo, un arquetipo\u00bb"},"content":{"rendered":"<p class=\"ft-text ft-helper-closenews ft-helper-align-justify\">Los aficionados que poblaron los tendidos de Vistalegre el 4 de octubre de 2002 -en aquella retirada m\u00e1gica de Carabanchel mano a mano con <a class=\"ft-link ft-link--decoration\" href=\"https:\/\/www.levante-emv.com\/tags\/el-juli\/\" target=\"_blank\" rel=\"nofollow noopener\"><strong>El Juli<\/strong><\/a>&#8211; han esperado 23 a\u00f1os para reencontrarse con el maestro <strong>Curro V\u00e1zquez<\/strong>, quien hoy regresa a <a class=\"ft-link ft-link--decoration\" href=\"https:\/\/www.las-ventas.com\/\" target=\"_blank\" rel=\"nofollow noopener\"><strong>Las Ventas<\/strong><\/a><strong> <\/strong>a sus 74 a\u00f1os con la fortaleza inmanente de su alma torera, traspasada por <strong>la revelada pujanza de su ilusi\u00f3n, los secretos \u00faltimos de su maestr\u00eda y con el prodigio de llegar hasta donde nadie hab\u00eda llegado con su edad<\/strong>.<\/p>\n<p class=\"ft-text ft-helper-align-justify\">Refugiado en sitios acordes con su necesidad de estar solo y sin atender al tel\u00e9fono, en el campo, donde apenas se ha aliviado ante semejante compromiso, ha vivido, se ha recreado y ha andado fenomenal &#8211;<strong>con la solvencia de su conocimiento y la intuici\u00f3n<\/strong>&#8211; delante de los novillos.<\/p>\n<p class=\"ft-text ft-helper-align-justify\">La llamada de <a class=\"ft-link ft-link--decoration\" href=\"https:\/\/www.levante-emv.com\/tags\/morante-de-la-puebla\/\" target=\"_blank\" rel=\"nofollow noopener\"><strong>Morante de la Puebla<\/strong><\/a> -que actuar\u00e1 por la ma\u00f1ana y por la tarde- para contar con \u00e9l para el festival a beneficio del monumento de <strong>Antonio Chenel &#8216;Anto\u00f1ete&#8217; <\/strong>que ya se puede ver en la explanada de la plaza de toros y con el &#8216;No hay billetes&#8217; colgado, fue una premonici\u00f3n rec\u00edproca.<\/p>\n<p class=\"ft-text ft-helper-align-justify\">\u00abCurro es un torerazo\u00bb, dec\u00eda otro maestro, <strong>Rafael de Paula<\/strong>, en la habitaci\u00f3n del hotel Victoria en la que se cambiaba el torero de Linares horas antes de cortarse la coleta aquella tarde de octubre: \u00abEs muy dif\u00edcil hacerlo tan f\u00e1cil, tan natural, tan sentido. Ahora que se va, no queda nadie que sepa coger un capote, mecerlo, cimbrear la cintura a comp\u00e1s\u00bb.<\/p>\n<p>El a\u00f1adadido perdido tras el cornal\u00f3n<\/p>\n<p class=\"ft-text ft-helper-align-justify\">Este domingo no har\u00e1 el pase\u00edllo con aquel a\u00f1adido que se arranc\u00f3 esa tarde maldita del 2 de junio de 1983 en el quir\u00f3fano de <a class=\"ft-link ft-link--decoration\" href=\"https:\/\/www.las-ventas.com\/\" target=\"_blank\" rel=\"nofollow noopener\"><strong>Las Ventas<\/strong><\/a>, cuando, desangrado, tuvo la fuerza de quit\u00e1rselo y lanzarlo contra el suelo de la enfermer\u00eda mientras <strong>los m\u00e9dicos intentaban atajar la hemorragia de la femoral<\/strong>. Nunca volver\u00eda a encontrarlo, probablemente, porque alg\u00fan m\u00e9dico se lo quedar\u00eda como reliquia.<\/p>\n<p><img decoding=\"async\" src=\"https:\/\/www.europesays.com\/es\/wp-content\/uploads\/2025\/10\/14caeb86-cd98-4587-bc32-4992c0a83946_alta-libre-aspect-ratio_default_0.jpg\" width=\"1200\" height=\"681\" alt=\"Curro V\u00e1zquez junto a Morante de la Puebla en la inauguraci\u00f3n de la estatua de Anto\u00f1ete.\" class=\"ft-helper-img-rd\" loading=\"lazy\" hasdataaida=\"true\"\/><\/p>\n<p class=\"ft-helper-fontColor-quaternary ft-helper-fontSize-body-S ft-helper-spacer-t-xxs\">El maestro Curro V\u00e1zquez junto a Morante de la Puebla en la inauguraci\u00f3n de la estatua de Anto\u00f1ete este s\u00e1bado en Las Ventas.  \/ Plaza 1<\/p>\n<p class=\"ft-text ft-helper-align-justify\">\u00abHay toreros, muy pocos, que se han ganado a ley el reconocimiento de los profesionales. Curro es uno de ellos. Es un torero de referencia para todos los dem\u00e1s, un modelo, un arquetipo\u00bb, dec\u00eda <strong>Pepe Domingu\u00edn<\/strong> tambi\u00e9n el d\u00eda de su despedida. <strong>Eso es que Curro es esos toreros que se convierten en espejo<\/strong> y ejemplo para las nuevas generaciones, y paradigma para sus compa\u00f1eros, convirti\u00e9ndose en lo que muy pocos consiguen: ser torero de toreros, maestro de maestros.<\/p>\n<p class=\"ft-text ft-helper-align-justify\">Las estad\u00edsticas demuestran que Curro V\u00e1zquez ha toreado m\u00e1s de un centenar de veces en el coso de la calle de Alcal\u00e1, pero semejante dato implica un desgaste tan grande que muchas veces ha terminado asfixi\u00e1ndole, <strong>sin dejar de lado nunca el valor de la fidelidad y el respeto a una forma de torea<\/strong>r, la esencia definitiva de una \u00e9poca del toreo que se va con \u00e9l para siempre.<\/p>\n<p class=\"ft-text ft-helper-align-justify\">Curro V\u00e1zquez era (es) una especie de torero en v\u00edas de extinci\u00f3n, un matador de otro tiempo que prefer\u00eda quedarse en casa antes de anunciarse en condiciones adversas.<\/p>\n<p>\u00a1No te vayas! \u00a1No te vayas!<\/p>\n<p class=\"ft-text ft-helper-align-justify\">En M\u00e9xico, donde pas\u00f3 su juventud, conoci\u00f3 a Gaona, al viejo Armillita, al Soldado, a Lorenzo Garza e incluso tuvo la oportunidad de conversar pausadamente con Cagancho, exiliado en la capital y tertuliano habitual en las trasnochadas: \u00ab<strong>El toreo es sentimiento, arrebato, arte. Por eso hay que hacer las cosas despacio, con naturalidad<\/strong>\u00ab. Y \u00e9l lo ha llevado a cabo.<\/p>\n<p class=\"ft-text ft-helper-align-justify\"><strong>\u00a1No te vayas! \u00a1No te vayas!<\/strong>, te imploraba el p\u00fablico de Madrid tras aquella faena a &#8216;Monjito&#8217; de Alcurruc\u00e9n, la \u00fanica cabeza que tiene colgada en su casa. Este domingo tambi\u00e9n te lo dir\u00e1n. Porque eres de esos que llevaba en la masa de la sangre una admirable propensi\u00f3n a la torer\u00eda. Es lo que hizo siempre con un concepto original\u00edsimo y una asombrosa sabidur\u00eda. Con \u00e9l, el toreo llega a un fin de trayecto o, m\u00e1s propiamente, a una virtud extrema que es ejemplo para tant\u00edsimos toreros. \u00a1Suerte, maestro!<\/p>\n<p>Ponce, en el cartel del festival<\/p>\n<p class=\"ft-text\">Enrique Ponce\u00a0participa tambi\u00e9n en un festival ben\u00e9fico en homenaje a\u00a0Antonio Chenel &#8216;Anto\u00f1ete&#8217;\u00a0en la plaza de toros de\u00a0Las Ventas, en el que actuar\u00e1n el rejoneador Pablo\u00a0Hermoso de Mendoza\u00a0y los toreros\u00a0Frascuelo -Julio Aparicio- Curro V\u00e1zquez,\u00a0C\u00e9sar Rinc\u00f3n,\u00a0Morante de la Puebla\u00a0y la novillera con picadores\u00a0Olga Casado.<\/p>\n<p data-close=\"closedContent\" class=\"subscribeHideForDisplay\">Suscr\u00edbete para seguir leyendo<\/p>\n","protected":false},"excerpt":{"rendered":"Los aficionados que poblaron los tendidos de Vistalegre el 4 de octubre de 2002 -en aquella retirada m\u00e1gica&hellip;\n","protected":false},"author":2,"featured_media":170995,"comment_status":"","ping_status":"","sticky":false,"template":"","format":"standard","meta":{"footnotes":""},"categories":[277],"tags":[3651,373,1904,710,168,25665,5401,25,24,711,712,709,49611,3728,205,780,1392,3652,1389,19941,23,167,2419,625,374,444],"class_list":{"0":"post-170994","1":"post","2":"type-post","3":"status-publish","4":"format-standard","5":"has-post-thumbnail","7":"category-toreo","8":"tag-actos-taurinos","9":"tag-bullfighting","10":"tag-corridas-de-toros","11":"tag-critica-taurina","12":"tag-deportes","13":"tag-el-juli","14":"tag-enfermeria","15":"tag-es","16":"tag-espana","17":"tag-espectaculos-taurinos","18":"tag-feria-taurina","19":"tag-festejos-taurinos","20":"tag-festival-antonete-en-las-ventas-curro-vazquez-torero-la-resurreccion-del-maestro-del-toreo","21":"tag-las-ventas","22":"tag-madrid","23":"tag-morante","24":"tag-morante-de-la-puebla","25":"tag-museo-taurino","26":"tag-plaza-de-toros","27":"tag-plazas","28":"tag-spain","29":"tag-sports","30":"tag-suelo","31":"tag-tauromaquia","32":"tag-toreo","33":"tag-toros"},"share_on_mastodon":{"url":"","error":""},"_links":{"self":[{"href":"https:\/\/www.europesays.com\/es\/wp-json\/wp\/v2\/posts\/170994","targetHints":{"allow":["GET"]}}],"collection":[{"href":"https:\/\/www.europesays.com\/es\/wp-json\/wp\/v2\/posts"}],"about":[{"href":"https:\/\/www.europesays.com\/es\/wp-json\/wp\/v2\/types\/post"}],"author":[{"embeddable":true,"href":"https:\/\/www.europesays.com\/es\/wp-json\/wp\/v2\/users\/2"}],"replies":[{"embeddable":true,"href":"https:\/\/www.europesays.com\/es\/wp-json\/wp\/v2\/comments?post=170994"}],"version-history":[{"count":0,"href":"https:\/\/www.europesays.com\/es\/wp-json\/wp\/v2\/posts\/170994\/revisions"}],"wp:featuredmedia":[{"embeddable":true,"href":"https:\/\/www.europesays.com\/es\/wp-json\/wp\/v2\/media\/170995"}],"wp:attachment":[{"href":"https:\/\/www.europesays.com\/es\/wp-json\/wp\/v2\/media?parent=170994"}],"wp:term":[{"taxonomy":"category","embeddable":true,"href":"https:\/\/www.europesays.com\/es\/wp-json\/wp\/v2\/categories?post=170994"},{"taxonomy":"post_tag","embeddable":true,"href":"https:\/\/www.europesays.com\/es\/wp-json\/wp\/v2\/tags?post=170994"}],"curies":[{"name":"wp","href":"https:\/\/api.w.org\/{rel}","templated":true}]}}