{"id":171020,"date":"2025-10-12T04:57:08","date_gmt":"2025-10-12T04:57:08","guid":{"rendered":"https:\/\/www.europesays.com\/es\/171020\/"},"modified":"2025-10-12T04:57:08","modified_gmt":"2025-10-12T04:57:08","slug":"la-izquierda-andaluza-se-reanima-con-la-crisis-de-moreno-aunque-nadie-ve-un-cambio-de-ciclo-espana","status":"publish","type":"post","link":"https:\/\/www.europesays.com\/es\/171020\/","title":{"rendered":"La izquierda andaluza se reanima con la crisis de Moreno, aunque nadie ve un cambio de ciclo | Espa\u00f1a"},"content":{"rendered":"<p class=\"\">Juan Manuel Moreno <a href=\"https:\/\/elpais.com\/espana\/andalucia\/2025-09-29\/moreno-y-montero-escenifican-su-primer-cara-a-cara-preelectoral-con-la-vivienda-los-servicios-publicos-y-la-infrafinanciacion-de-telon-de-fondo.html\" target=\"_self\" rel=\"nofollow noopener\" title=\"https:\/\/elpais.com\/espana\/andalucia\/2025-09-29\/moreno-y-montero-escenifican-su-primer-cara-a-cara-preelectoral-con-la-vivienda-los-servicios-publicos-y-la-infrafinanciacion-de-telon-de-fondo.html\">est\u00e1 en campa\u00f1a<\/a>. Quiere volver a ganar por mayor\u00eda absoluta las elecciones andaluzas de 2026. Ha dicho \u2014varias veces\u2014 que ser\u00e1n en junio y que s\u00f3lo si Pedro S\u00e1nchez anticipa, \u00e9l las har\u00e1 coincidir. \u201cOjal\u00e1\u201d, suspiran los socialistas, que buscan ese medio mill\u00f3n de votos que perdieron en las auton\u00f3micas de 2022 pero que votaron a S\u00e1nchez en las generales de 2023.<\/p>\n<p class=\"\">Moreno hab\u00eda dise\u00f1ado para septiembre un estreno de curso bueno, bonito y barato con un <a href=\"https:\/\/elpais.com\/espana\/andalucia\/2025-09-29\/moreno-responde-a-junts-con-una-nueva-deduccion-fiscal-destinada-a-los-celiacos.html\" target=\"_self\" rel=\"nofollow noopener\" title=\"https:\/\/elpais.com\/espana\/andalucia\/2025-09-29\/moreno-responde-a-junts-con-una-nueva-deduccion-fiscal-destinada-a-los-celiacos.html\">paquete de rebajas fiscales<\/a> (el s\u00e9ptimo) muy florido (gastos en gimnasios, veterinarios, ampliaci\u00f3n de la ya estipulada para el alquiler de la vivienda) orillando la progresividad y cuyo impacto en el Presupuesto andaluz del pr\u00f3ximo a\u00f1o, que superar\u00e1 los 50.000 millones, es m\u00ednimo (el 0,11%). Las deducciones anteriores ya dejan un agujero de 1.000 millones.<\/p>\n<p class=\"\">Tambi\u00e9n ha escrito un libro junto con su equipo que va a presentar primero en Madrid y luego en Sevilla el 30 de octubre. Una serie de \u201creflexiones pol\u00edticas y personales\u201d en las que habla, entre otras cosas, de situaciones \u201calgunas muy complicadas\u201d que ha vivido. <a href=\"https:\/\/elpais.com\/espana\/andalucia\/2025-09-30\/moreno-emula-a-sanchez-y-lanza-en-plena-precampana-electoral-el-libro-manual-de-convivencia.html\" target=\"_self\" rel=\"nofollow noopener\" title=\"https:\/\/elpais.com\/espana\/andalucia\/2025-09-30\/moreno-emula-a-sanchez-y-lanza-en-plena-precampana-electoral-el-libro-manual-de-convivencia.html\">Manual de convivencia <\/a>(Espasa) se llama. Le ha cogido el gusto al Comit\u00e9 de las Regiones del que es vicepresidente y se ha abierto una cuenta en TikTok en la que \u201cde momento\u201d promete no bailar.<\/p>\n<p class=\"\">Moreno tiene una agenda intensa, va de discurso en discurso, y aparece en ventanas informativas bien escogidas donde explota su perfil m\u00e1s emotivo. Por ejemplo: en el programa Patas Arriba de Canal Sur Televisi\u00f3n emitido a principios de mes habla de lo mucho que le han ayudado sus perros en los momentos dif\u00edciles, de la compa\u00f1\u00eda que le hace el que le regal\u00f3 a su madre cuando falleci\u00f3 su padre. De la muerte de Toby, que adopt\u00f3.<\/p>\n<p class=\"\">Envuelto en esa nube todo de algod\u00f3n, como Platero, de repente le ha estallado una crisis de la que se ha enterado \u00e9l personalmente por la prensa y con<a href=\"https:\/\/elpais.com\/sociedad\/2025-10-11\/los-testimonios-de-las-mujeres-cuestionan-las-explicaciones-de-la-junta-sobre-el-alcance-de-la-crisis-de-los-cribados.html\" target=\"_self\" rel=\"nofollow noopener\" title=\"https:\/\/elpais.com\/sociedad\/2025-10-11\/los-testimonios-de-las-mujeres-cuestionan-las-explicaciones-de-la-junta-sobre-el-alcance-de-la-crisis-de-los-cribados.html\"> testimonios de mujeres<\/a> a las que les hicieron las primeras pruebas, nadie les inform\u00f3 y algunas desarrollaron un tumor. No es la primera vez que le pasa. Tampoco se enter\u00f3 de la intenci\u00f3n de la Consejer\u00eda de Salud, escrita en una orden, de externalizar la atenci\u00f3n primaria. Lo fren\u00f3 en seco. Unas 2.000 personas pidieron su <a href=\"https:\/\/elpais.com\/sociedad\/2025-10-08\/cronologia-de-la-crisis-de-las-mamografias-la-junta-de-andalucia-reacciona-ano-y-medio-despues-de-conocer-los-primeros-casos.html\" target=\"_self\" rel=\"nofollow noopener\" title=\"https:\/\/elpais.com\/sociedad\/2025-10-08\/cronologia-de-la-crisis-de-las-mamografias-la-junta-de-andalucia-reacciona-ano-y-medio-despues-de-conocer-los-primeros-casos.html\">dimisi\u00f3n el pasado mi\u00e9rcoles en las calles de Sevilla<\/a>. Y faltan nueve meses para votar. \u201cNadie puede contestar a esas mujeres que les est\u00e1n diciendo a otras: te puede pasar a ti. Moreno est\u00e1 en la raya de empezar a caer mal, porque el ni\u00f1o bueno del colegio lleva el paso cambiado\u201d, asegura la secretaria general de Comisiones Obreras de Andaluc\u00eda, Nuria L\u00f3pez.<\/p>\n<p class=\"\">El principal sindicato andaluz lleva mucho tiempo advirtiendo que el Gobierno del PP, con mayor\u00eda absoluta, estaba \u201ctocando los cimientos de los servicios p\u00fablicos\u201d, aunque el edificio se manten\u00eda en pie porque no se ve\u00edan caer los cascotes. Ahora se ha visto el desplome de uno de grandes dimensiones con los fallos en las pruebas diagn\u00f3sticas en el cribado de mama. \u201cHoy ha sido la mamograf\u00eda, pero ma\u00f1ana ser\u00e1 otra \u00e1rea. Hay listas de espera para todo. Gobiernan con desidia, no escuchan, tienen la misma soberbia de la mayor\u00eda absoluta de PSOE con sus 37 a\u00f1os de gobierno, est\u00e1n poniendo parches y esto no es un problema de dinero sino de gesti\u00f3n, de cubrir las necesidades de tu poblaci\u00f3n\u201d. L\u00f3pez propone un \u201cpacto de comunidad por la sanidad\u201d en los que se d\u00e9 \u201cmarcha atr\u00e1s a las privatizaciones\u201d.<\/p>\n<p class=\"\">\u00bfVa a tener este traspi\u00e9 impacto electoral? \u201cTengo mis dudas hacia d\u00f3nde va a bascular, porque la izquierda tiene que dar expectativas a la gente, <a href=\"https:\/\/elpais.com\/espana\/2025-09-25\/vox-amenaza-a-moreno-con-una-campana-dura-vamos-a-polarizar-y-mucho.html\" target=\"_self\" rel=\"nofollow noopener\" title=\"https:\/\/elpais.com\/espana\/2025-09-25\/vox-amenaza-a-moreno-con-una-campana-dura-vamos-a-polarizar-y-mucho.html\">si no llegar\u00e1 Vox<\/a>\u201d, advierte L\u00f3pez. En el PP creen que no, aunque consideran razonable que haya momentos duros. El partido, bajo la direcci\u00f3n del secretario general, Antonio Repullo, lleva muchos meses trabajando bajo radar. Hacen sondeos provincializados, han programado un centenar de reuniones comarcales discretas donde citan a l\u00edderes vecinales, referentes locales con dirigentes populares, pero no para lanzarles discursos, sino para escucharlos y pegarse a su piel. Andaluc\u00eda a tu lado, se llama el proyecto. En realidad, est\u00e1 haciendo lo que hac\u00eda el PSOE hasta que este partido perdi\u00f3 los cinco sentidos. Moreno protagoniz\u00f3 d\u00edas atr\u00e1s un acto de estos, este s\u00ed con muchos focos, donde anotaba en una libretita las propuestas que le suger\u00edan los invitados, que salieron encantados.<\/p>\n<p class=\"\">\u201cLas crisis son muy pasajeras y no es el momento de movilizar. Nosotros part\u00edamos con 43 esca\u00f1os meses antes de las elecciones de 2022 y luego fueron 58. El PSOE est\u00e1 intentando cebar a Vox, pero eso es escupir para arriba\u201d, afirma un soci\u00f3logo del PP, que se fija sobre todo en que aunque Moreno pierda la mayor\u00eda absoluta actual siempre sumar\u00e1 con Vox. Fuentes del entorno de Moreno admiten que esa eventualidad le espeluzna, mientras que desde el partido ultra trasladan a otros interlocutores: \u201cSi es as\u00ed, Moreno va a sudar sangre\u201d. En el PSOE reconocen que no hacen nada para combatir a Vox y asisten con cierto desapego al creciente enfrentamiento entre los partidos de la derecha.<\/p>\n<p class=\"\">\u201cQueda mucho, no vamos a votar hoy, la gente no est\u00e1 activada, y hay mucha sobreexcitaci\u00f3n\u201d, templan en el PP que ponen en el foco en que \u201clo importante es solucionarlo\u201d. Los populares aseguran que el fallo no es regional, sino que est\u00e1 muy localizado en el hospital Virgen del Roc\u00edo de Sevilla y que va haber \u201cmuchos ceses\u201d <a href=\"https:\/\/elpais.com\/sociedad\/2025-10-08\/perfil-rocio-hernandez-la-gestora-hieratica-sin-cintura-politica-que-dimite-por-el-escandalo-de-las-mamografias.html\" target=\"_self\" rel=\"nofollow noopener\" title=\"https:\/\/elpais.com\/sociedad\/2025-10-08\/perfil-rocio-hernandez-la-gestora-hieratica-sin-cintura-politica-que-dimite-por-el-escandalo-de-las-mamografias.html\">tras el de la consejera de Salud<\/a> porque no se ha trasladado a San Telmo una informaci\u00f3n muy sensible. De camino, contrastan con otros gobiernos donde las dimisiones son una anomal\u00eda. Estas fuentes destacan la importancia de gestionar bien, entre otros motivos, para \u201capagar\u201d el circuito de transferencia de votos al partido de Santiago Abascal. \u201cVox se despierta cuando hay picos de violencia pol\u00edtica, pero cuando el PP gestiona bien nuestro voto pachorro se activa porque le ve la utilidad\u201d. Por primera vez en los siete a\u00f1os de Gobierno, varios dirigentes populares no han podido ocultar su irritaci\u00f3n con la comunicaci\u00f3n pol\u00edtica aplicada en este asunto porque ha situado a Moreno en el punto central de la diana y adem\u00e1s sin tener todos los datos.<\/p>\n<p class=\"\">En esta crisis hay algo que el PP no ha podido controlar. \u201cEl enganche de la informaci\u00f3n ha salido de los circuitos cl\u00e1sicos\u201d, admite un dirigente. Tambi\u00e9n es ah\u00ed donde se fija el PSOE. Los socialistas llevan tres a\u00f1os buscando un martillo pil\u00f3n que desgaste a Moreno y han elegido la sanidad como principal elemento de erosi\u00f3n. \u201cDesde un an\u00e1lisis hecho sin coraz\u00f3n este asunto le ha venido bien a nuestra estrategia pol\u00edtica, hemos saltado a los telediarios nacionales y el relato que dec\u00edamos ha encontrado eco\u201d. El PSOE ha pospuesto una campa\u00f1a con autobuses, del tipo de los que lanza la organizaci\u00f3n ultraconservadora Hazte O\u00edr, con el lema \u201cSalvar la sanidad p\u00fablica\u201d. El retraso se debe a que quiere que todas las mareas, sindicatos y partidos de izquierda se sumen, tal vez porque la credibilidad del PSOE no est\u00e1 como en los viejos tiempos y prefiere ir en comandita que en solitario.<\/p>\n<p class=\"\">No obstante, desde la direcci\u00f3n regional que lidera Mar\u00eda Jes\u00fas Montero aplacan el optimismo de algunos de sus dirigentes \u2015el objetivo es que pierda la mayor\u00eda absoluta, reconocen\u2015, aunque advierten con sorpresa que \u201cal PP le est\u00e1 pasando lo que le ocurri\u00f3 a Susana D\u00edaz, que crey\u00f3 que estaba todo hecho\u201d. El secretario general del Partido Comunista de Andaluc\u00eda, Ernesto Alba, <a href=\"https:\/\/elpais.com\/espana\/andalucia\/2025-10-06\/iu-apuesta-por-el-secretario-general-del-pca-como-candidato-a-presidir-la-junta.html\" target=\"_self\" rel=\"nofollow noopener\" title=\"https:\/\/elpais.com\/espana\/andalucia\/2025-10-06\/iu-apuesta-por-el-secretario-general-del-pca-como-candidato-a-presidir-la-junta.html\">candidato de IU a las primarias<\/a> en la coalici\u00f3n Por Andaluc\u00eda, pide \u201cprudencia\u201d, reconoce que \u201chay subid\u00f3n\u201d en el estado de \u00e1nimo, pero eso no es garant\u00eda de \u00e9xito. \u201cMiles de personas se manifiestan en Madrid contra Ayuso y luego gana por mayor\u00eda absoluta\u201d, dice. Conf\u00eda sobre todo en la movilizaci\u00f3n de las izquierdas y aconseja al PSOE que \u201cse espabile\u201d.<\/p>\n<p class=\"\">M\u00e1s a la izquierda se encuentra Adelante Andaluc\u00eda. Su portavoz, Jos\u00e9 Ignacio Garc\u00eda, templa: \u201cEstamos sin duda ante el peor momento de Moreno. \u00bfQue esto sea suficiente para que pierda? Queda mucho tiempo, veremos. Y el PP tiene el viento de todo tipo a favor. Pero al menos hay una crisis important\u00edsima\u201d. A las izquierdas a la izquierda del PSOE se sumar\u00e1 casi seguro Podemos, fragmentando a\u00fan m\u00e1s el voto en este espacio \u2013\u201cel desperdicio metab\u00f3lico del voto\u201d, lo llama Montero- aunque antes tendr\u00e1 que verbalizar (o no) su salida de Por Andaluc\u00eda.<\/p>\n","protected":false},"excerpt":{"rendered":"Juan Manuel Moreno est\u00e1 en campa\u00f1a. Quiere volver a ganar por mayor\u00eda absoluta las elecciones andaluzas de 2026.&hellip;\n","protected":false},"author":2,"featured_media":171021,"comment_status":"","ping_status":"","sticky":false,"template":"","format":"standard","meta":{"footnotes":""},"categories":[8],"tags":[259,17,18,17019,45690,25,24,13,14,11,26166,19,20,9,10,15,16,957,46769,956,18264,1699,23,12,21,22],"class_list":{"0":"post-171020","1":"post","2":"type-post","3":"status-publish","4":"format-standard","5":"has-post-thumbnail","7":"category-espana","8":"tag-andalucia","9":"tag-breaking-news","10":"tag-breakingnews","11":"tag-cancer-mama","12":"tag-elecciones-andaluzas","13":"tag-es","14":"tag-espana","15":"tag-featured-news","16":"tag-featurednews","17":"tag-headlines","18":"tag-juan-manuel-moreno","19":"tag-latest-news","20":"tag-latestnews","21":"tag-news","22":"tag-noticias","23":"tag-noticias-destacadas","24":"tag-noticiasdestacadas","25":"tag-partidos-politicos","26":"tag-por-andalucia","27":"tag-pp","28":"tag-protestas-sociales","29":"tag-psoe","30":"tag-spain","31":"tag-titulares","32":"tag-ultimas-noticias","33":"tag-ultimasnoticias"},"share_on_mastodon":{"url":"","error":""},"_links":{"self":[{"href":"https:\/\/www.europesays.com\/es\/wp-json\/wp\/v2\/posts\/171020","targetHints":{"allow":["GET"]}}],"collection":[{"href":"https:\/\/www.europesays.com\/es\/wp-json\/wp\/v2\/posts"}],"about":[{"href":"https:\/\/www.europesays.com\/es\/wp-json\/wp\/v2\/types\/post"}],"author":[{"embeddable":true,"href":"https:\/\/www.europesays.com\/es\/wp-json\/wp\/v2\/users\/2"}],"replies":[{"embeddable":true,"href":"https:\/\/www.europesays.com\/es\/wp-json\/wp\/v2\/comments?post=171020"}],"version-history":[{"count":0,"href":"https:\/\/www.europesays.com\/es\/wp-json\/wp\/v2\/posts\/171020\/revisions"}],"wp:featuredmedia":[{"embeddable":true,"href":"https:\/\/www.europesays.com\/es\/wp-json\/wp\/v2\/media\/171021"}],"wp:attachment":[{"href":"https:\/\/www.europesays.com\/es\/wp-json\/wp\/v2\/media?parent=171020"}],"wp:term":[{"taxonomy":"category","embeddable":true,"href":"https:\/\/www.europesays.com\/es\/wp-json\/wp\/v2\/categories?post=171020"},{"taxonomy":"post_tag","embeddable":true,"href":"https:\/\/www.europesays.com\/es\/wp-json\/wp\/v2\/tags?post=171020"}],"curies":[{"name":"wp","href":"https:\/\/api.w.org\/{rel}","templated":true}]}}