{"id":171026,"date":"2025-10-12T05:00:08","date_gmt":"2025-10-12T05:00:08","guid":{"rendered":"https:\/\/www.europesays.com\/es\/171026\/"},"modified":"2025-10-12T05:00:08","modified_gmt":"2025-10-12T05:00:08","slug":"los-toros-la-excepcion-en-una-espana-que-avanza-en-la-proteccion-de-los-animales-clima-y-medio-ambiente","status":"publish","type":"post","link":"https:\/\/www.europesays.com\/es\/171026\/","title":{"rendered":"Los toros, la excepci\u00f3n en una Espa\u00f1a que avanza en la protecci\u00f3n de los animales | Clima y Medio Ambiente"},"content":{"rendered":"<p class=\"\">Decepci\u00f3n y traici\u00f3n. As\u00ed califica A\u00efda Gasc\u00f3n, directora de AnimaNaturalis, organizaci\u00f3n de defensa de los animales, el cerrojazo de este mi\u00e9rcoles del pleno del Congreso a tramitar la <a href=\"https:\/\/elpais.com\/cultura\/2025-10-07\/el-congreso-rechaza-debatir-la-derogacion-de-la-proteccion-cultural-a-los-toros-con-la-abstencion-decisiva-del-psoe.html\" target=\"_self\" rel=\"nofollow noopener\" title=\"https:\/\/elpais.com\/cultura\/2025-10-07\/el-congreso-rechaza-debatir-la-derogacion-de-la-proteccion-cultural-a-los-toros-con-la-abstencion-decisiva-del-psoe.html\">Iniciativa Legislativa Popular (ILP) <\/a>que pretend\u00eda despojar a la tauromaquia de su condici\u00f3n de patrimonio cultural. Los toros siguen as\u00ed bajo la tutela del Estado y las comunidades aut\u00f3nomas no tienen posibilidad de prohibir estos festejos. No bastaron las casi 664.777 firmas recogidas por ciudadanos para convencer al PSOE, que se abstuvo, a pesar de que hab\u00eda mostrado su apoyo previo. Fueron 57 votos a favor contra 169, de PP, Vox y UPN.<\/p>\n<p class=\"\">Con esta decisi\u00f3n, <a href=\"https:\/\/elpais.com\/cultura\/el-toro-por-los-cuernos\/2025-10-10\/sorpresa-mayuscula-la-tauromaquia-seguira-siendo-patrimonio-cultural-de-espana.html\" target=\"_self\" rel=\"nofollow noopener\" title=\"https:\/\/elpais.com\/cultura\/el-toro-por-los-cuernos\/2025-10-10\/sorpresa-mayuscula-la-tauromaquia-seguira-siendo-patrimonio-cultural-de-espana.html\">que aplaude el mundo del toro<\/a>, se acab\u00f3 de un plumazo con la opci\u00f3n de abrir el debate pol\u00edtico de una pol\u00e9mica que cobra fuerza en una Espa\u00f1a en la que se ha producido un cambio social y legal palpable en la relaci\u00f3n con los animales. En 2022, pasaron de ser considerados cosas a seres sintientes y, por lo tanto, con derechos. Un a\u00f1o despu\u00e9s, se endurecieron las penas por maltrato, que pueden llegar hasta tres a\u00f1os de prisi\u00f3n si se causa la muerte del animal, y <a href=\"https:\/\/elpais.com\/clima-y-medio-ambiente\/2023-09-29\/entra-en-vigor-la-ley-de-bienestar-animal-la-norma-que-nace-a-medias.html\" target=\"_self\" rel=\"nofollow noopener\" title=\"https:\/\/elpais.com\/clima-y-medio-ambiente\/2023-09-29\/entra-en-vigor-la-ley-de-bienestar-animal-la-norma-que-nace-a-medias.html\">entr\u00f3 en vigor la ley de bienestar animal<\/a>. <\/p>\n<p class=\"\">Esta norma, todav\u00eda en desarrollo, proh\u00edbe el uso de especies salvajes en circos, pero mantiene contradicciones, como la celebraci\u00f3n de espect\u00e1culos en los que participan delfines y orcas en los zool\u00f3gicos. Sucumbi\u00f3 tambi\u00e9n a la presi\u00f3n del sector cineg\u00e9tico, dejando fuera a los perros de caza; los toros, animales de granja y de experimentaci\u00f3n tampoco entran en su \u00f3rbita.<\/p>\n<p><img decoding=\"auto\" class=\"_re lazyload a_m-h\" height=\"276\"  width=\"414\"  src=\"https:\/\/www.europesays.com\/es\/wp-content\/uploads\/2025\/10\/DRYXWO252FCWTESSO4GJX3OJJE.jpg\" loading=\"lazy\"\/>El diestro Alejandro Talavante observa al picador en una corrida durante la corrida de la Feria de Oto\u00f1o en Las Ventas.  Borja S\u00e1nchez-Trillo (EFE)<\/p>\n<p class=\"\">Jos\u00e9 Manuel R\u00edos, profesor titular de Derecho Penal en la Universidad de C\u00e1diz y especialista en maltrato animal, considera que, a d\u00eda de hoy, \u201cse est\u00e1 dando una protecci\u00f3n muy buena a los animales, tanto que se puede hablar de un derecho penal aut\u00f3nomo para ellos\u201d. Pero considera \u201cmuy complicado\u201d que el n\u00famero de espect\u00e1culos taurinos baje, a pesar de que \u201cno tienen encaje alguno, como tampoco la caza con galgo\u201d, como demuestran los cambios producidos en la relaci\u00f3n con los animales.<b> <\/b>\u201cPero es una actividad legal\u201d, plantea.<\/p>\n<p class=\"\">Para Gasc\u00f3n, la mayor contradicci\u00f3n es que \u201clas corridas de toros sigan estando protegidas y fomentadas por las administraciones con dinero p\u00fablico\u201d. Sin tener en cuenta, adem\u00e1s, que \u201ctodas las leyes de protecci\u00f3n animal auton\u00f3micas proh\u00edben maltratar a los animales en espect\u00e1culos, pero en los toros se permite por tradici\u00f3n\u201d. <\/p>\n<p>P\u00e9rdida de p\u00fablico<\/p>\n<p class=\"\">La ca\u00edda de los espect\u00e1culos taurinos comenz\u00f3 hace d\u00e9cadas de forma continuada, pero se estanc\u00f3 hace unos seis a\u00f1os. \u201cEs como si existiera un techo de cristal, favorecido por las subvenciones que recibe el sector o por ventajas como el bono cultural joven [400 euros que se entregan al cumplir 18 a\u00f1os para gastar en cultura] y que se puede utilizar en festejos taurinos\u201d, plantea Gasc\u00f3n. <\/p>\n<p class=\"\">El hecho es que un 8% de los espa\u00f1oles mayores de 15 a\u00f1os ha ido a espect\u00e1culos taurinos de todo tipo \u2015desde corridas y novilladas a encierros, suelta de vaquillas o toros embolados\u2015, seg\u00fan la Encuesta de H\u00e1bitos y Pr\u00e1cticas Culturales en Espa\u00f1a del Ministerio de Cultura de 2024-2025. La misma cifra que antes de la pandemia. A corridas, novilladas o rejones (que implican muerte del toro en la plaza) ha asistido el 5,9%. <\/p>\n<p class=\"\">En casi dos d\u00e9cadas, se aprecia una bajada del 55% en el n\u00famero de espect\u00e1culos taurinos que implican la muerte del toro en la plaza. En 2009, se celebraron 2.684 festejos de ese tipo, en 2019 hab\u00edan ca\u00eddo a 1.425 y en 2024 fueron 1.457, con datos del Ministerio de Cultura. La Asociaci\u00f3n Nacional de Organizadores de Espect\u00e1culos Taurinos (ANOET) enmarca el fuerte descenso a la crisis econ\u00f3mica de 2008 y apunta a una recuperaci\u00f3n de la actividad que alcanza cifras de prepandemia: en la temporada 2024, se lidiaron 8.387 toros en plazas de toros, en t\u00e9rminos generales son seis reses por corrida.<\/p>\n<p class=\"\">El \u00fanico formato taurino que gusta cada vez m\u00e1s \u2015crece de forma sostenida, el 0,7%\u2015 es el de las fiestas populares (encierros, vaquillas o toros embolados), que suelen ser gratuitos. \u201cEs muy preocupante, porque son los m\u00e1s complicados de controlar y donde se producen m\u00e1s muertes accidentales cada a\u00f1o, tanto de personas como de animales\u201d, indica Gasc\u00f3n. Seg\u00fan una investigaci\u00f3n de su organizaci\u00f3n (AnimaNaturalis), los ayuntamientos destinan m\u00e1s de 42 millones para estas celebraciones. <\/p>\n<p class=\"\">Las ayudas econ\u00f3micas al mundo del toro, que denuncian los animalistas porque implican un fomento de la actividad, son dif\u00edciles de rastrear, debido a su heterogeneidad. Llegan desde ayuntamientos, comunidades aut\u00f3nomas, diputaciones&#8230; o de la Pol\u00edtica Agraria Com\u00fan (PAC), que apoya a los ganaderos de toros de lidia. En los presupuestos generales de la Comunidad de Madrid de 2025, por ejemplo, aparecen 4,5 millones para asuntos taurinos y 1,7 para la Fiesta del Toro, organizada por la Fundaci\u00f3n Toro de Lidia. Y en Castilla y Le\u00f3n se dan este a\u00f1o 300.000 euros como apoyo al circuito de novilladas, adem\u00e1s de 24.000 euros para el funcionamiento de las escuelas taurinas. <\/p>\n<p class=\"\">En la encuesta de h\u00e1bitos culturales se detecta tambi\u00e9n cierta p\u00e9rdida de p\u00fablico adulto que se ha compensado con la irrupci\u00f3n de m\u00e1s j\u00f3venes de entre 15 y 24 a\u00f1os. Marcos Crespo es uno de estos j\u00f3venes aficionados. Tiene 25 a\u00f1os, vive en Noblejas (Toledo) y no procede de una familia especialmente taurina. \u201cMe han gustado los toros desde que iba a las ferias de los pueblos de alrededor con 13 o 14 a\u00f1os\u201d, explica. <\/p>\n<p class=\"\">Le encantan los animales, tiene caballos y perros a los que nunca maltratar\u00eda. Pero los diferencia del espect\u00e1culo de las corridas de toros, donde aparecen \u201csensaciones muy dif\u00edciles de explicar cuando te sientas en el tendido y ves la lucha entre un ser humano y un animal fiero que te puede matar. Hay que vivirlo\u201d, plantea. <\/p>\n<p class=\"\">\u00bfHay algo de moda en ir a los toros? \u201cEs cierto que hay gente joven que va a la plaza como si fuera de fiesta, algunos borrachos, y se pierde el respeto al animal y al se\u00f1or que se est\u00e1 jugando la vida\u201d, responde. En su opini\u00f3n, el auge entre los j\u00f3venes se debe al intento de prohibir los toros, que ha generado una reacci\u00f3n contraria. <\/p>\n<p>Una soluci\u00f3n compleja<\/p>\n<p class=\"\">\u201cLa soluci\u00f3n no es nada sencilla, porque est\u00e1n sobre la mesa valores culturales y de patrimonio\u201d, aporta Christian Moyano, investigador postdoctoral del CSIC, fil\u00f3sofo y doctor en Ciencias Ambientales. La pregunta es \u201cc\u00f3mo preservar la cultura propia de Espa\u00f1a, que es la tauromaquia, con unos valores que est\u00e9n a la altura de los tiempos en los que vivimos\u201d. <\/p>\n<p class=\"\">Llegados a este punto, \u201cse trata de negociar y trabajar desde la pol\u00edtica\u201d. En su opini\u00f3n, se puede mantener una identidad que re\u00fana a la gente, que conmemore al toro, pero que no haya ning\u00fan toro sufriendo por medio. \u201cSe podr\u00eda sustituir, por ejemplo, por una figura. Puede sonar infantil, pero es un acto de madurez\u201d, plantea. Sabe que es complicado, porque lo que existe de fondo es un sentimiento identitario de pertenencia a un grupo, a un colectivo. \u201cPero eso no se tiene por qu\u00e9 perder\u201d, asegura. <\/p>\n<p class=\"\">A pesar del varapalo, las asociaciones animalistas contin\u00faan adelante y esperan poder eliminar la protecci\u00f3n del Estado a los toros en forma de patrimonio cultural. La semana pr\u00f3xima comenzar\u00e1n reuniones con diferentes partidos pol\u00edticos, porque est\u00e1n pensando presentar la propuesta por medio de ellos. <\/p>\n<p class=\"\">\u201cEn mayo de 2023 <a href=\"\" rel=\"\" title=\"\">se prohibieron las corridas de toros en Colombia<\/a>, despu\u00e9s de varios intentos, as\u00ed que no nos vamos a desanimar\u201d, advierte Gasc\u00f3n. La prohibici\u00f3n de las corridas entrar\u00e1 en vigor en 2027 y el objetivo es que exista un periodo de transici\u00f3n en el que las plazas se utilicen para conciertos, obras de teatro, campeonatos de ajedrez y ferias de emprendimientos. <\/p>\n","protected":false},"excerpt":{"rendered":"Decepci\u00f3n y traici\u00f3n. As\u00ed califica A\u00efda Gasc\u00f3n, directora de AnimaNaturalis, organizaci\u00f3n de defensa de los animales, el cerrojazo&hellip;\n","protected":false},"author":2,"featured_media":171027,"comment_status":"","ping_status":"","sticky":false,"template":"","format":"standard","meta":{"footnotes":""},"categories":[277],"tags":[3685,373,4456,168,25,24,2793,41910,1480,42641,6688,251,3799,492,23,167,374,444],"class_list":{"0":"post-171026","1":"post","2":"type-post","3":"status-publish","4":"format-standard","5":"has-post-thumbnail","7":"category-toreo","8":"tag-animales","9":"tag-bullfighting","10":"tag-congreso-diputados","11":"tag-deportes","12":"tag-es","13":"tag-espana","14":"tag-espectaculos","15":"tag-ilp","16":"tag-maltrato-animal","17":"tag-maltrato-animales-fiestas","18":"tag-medio-ambiente","19":"tag-ministerio-de-cultura","20":"tag-ocio","21":"tag-sociedad","22":"tag-spain","23":"tag-sports","24":"tag-toreo","25":"tag-toros"},"share_on_mastodon":{"url":"","error":""},"_links":{"self":[{"href":"https:\/\/www.europesays.com\/es\/wp-json\/wp\/v2\/posts\/171026","targetHints":{"allow":["GET"]}}],"collection":[{"href":"https:\/\/www.europesays.com\/es\/wp-json\/wp\/v2\/posts"}],"about":[{"href":"https:\/\/www.europesays.com\/es\/wp-json\/wp\/v2\/types\/post"}],"author":[{"embeddable":true,"href":"https:\/\/www.europesays.com\/es\/wp-json\/wp\/v2\/users\/2"}],"replies":[{"embeddable":true,"href":"https:\/\/www.europesays.com\/es\/wp-json\/wp\/v2\/comments?post=171026"}],"version-history":[{"count":0,"href":"https:\/\/www.europesays.com\/es\/wp-json\/wp\/v2\/posts\/171026\/revisions"}],"wp:featuredmedia":[{"embeddable":true,"href":"https:\/\/www.europesays.com\/es\/wp-json\/wp\/v2\/media\/171027"}],"wp:attachment":[{"href":"https:\/\/www.europesays.com\/es\/wp-json\/wp\/v2\/media?parent=171026"}],"wp:term":[{"taxonomy":"category","embeddable":true,"href":"https:\/\/www.europesays.com\/es\/wp-json\/wp\/v2\/categories?post=171026"},{"taxonomy":"post_tag","embeddable":true,"href":"https:\/\/www.europesays.com\/es\/wp-json\/wp\/v2\/tags?post=171026"}],"curies":[{"name":"wp","href":"https:\/\/api.w.org\/{rel}","templated":true}]}}