{"id":171030,"date":"2025-10-12T05:05:08","date_gmt":"2025-10-12T05:05:08","guid":{"rendered":"https:\/\/www.europesays.com\/es\/171030\/"},"modified":"2025-10-12T05:05:08","modified_gmt":"2025-10-12T05:05:08","slug":"por-que-ha-borrado-los-mensajes-el-precio-que-paga-alex-palou-por-su-portazo-a-mclaren","status":"publish","type":"post","link":"https:\/\/www.europesays.com\/es\/171030\/","title":{"rendered":"\u00ab\u00bfPor qu\u00e9 ha borrado los mensajes?\u00bb El precio que paga \u00c1lex Palou por su portazo a McLaren"},"content":{"rendered":"\n<p> El caso <strong>McLaren vs. Palou sigue cogiendo tracci\u00f3n y gran inter\u00e9s. <\/strong>Enfrenta <a href=\"https:\/\/www.elconfidencial.com\/deportes\/formula-1\/2025-05-27\/alex-palou-500-millas-indycar-formula-1-mclaren_4137723\/\" target=\"_blank\" rel=\"nofollow noopener\">a uno de los mejores pilotos del mundo<\/a> contra un hist\u00f3rico de la F\u00f3rmula 1 y est\u00e1 sirviendo tambi\u00e9n para iluminar ese <strong>complejo mundo entre bastidores<\/strong> de las carreras, alimentado por los intereses m\u00e1s descarnados. <\/p>\n<p> \u00abComo hemos visto, las grandes cifras que se han reclamado en este asunto s<strong>on algo que no tengo como persona, como piloto<\/strong>\u00ab, explicaba <strong><a href=\"https:\/\/www.elconfidencial.com\/deportes\/formula-1\/2025-10-10\/alex-palou-mclaren-zak-brown-indycar-formula-1_4225558\/\" target=\"_self\" rel=\"nofollow noopener\">\u00c1lex Palou<\/a> <\/strong>en su declaraci\u00f3n ante el juez en Londres, aludiendo a la cobertura de su actual equipo para <strong>responder a los 21 millones de d\u00f3lares q<\/strong>ue le reclama McLaren por resolver unilateralmente su contrato a finales de 2023. <\/p>\n<p> <strong>Chip Ganassi <\/strong>decidi\u00f3 conservar a Palou a toda costa, aunque al espa\u00f1ol <a href=\"https:\/\/www.elconfidencial.com\/deportes\/formula-1\/2025-08-26\/alex-palou-indycar-red-bull-mclaren-formula-1_4196430\/\" target=\"_self\" rel=\"nofollow noopener\">le reten\u00eda un contrato ya firmado con McLaren.<\/a> \u00abEn ese momento, o peleo con CGR, el equipo que me dio la oportunidad de ser campe\u00f3n de IndyCar y ten\u00eda a todo el equipo a mi alrededor, <strong>o me enfrento a alguien que me ha estado enga\u00f1ando <\/strong>y donde no he tenido estas oportunidades\u00bb, explicaba Alex Palou en el juicio. <\/p>\n<p> Ganassi decidi\u00f3 apoyarle para<a href=\"https:\/\/www.elconfidencial.com\/deportes\/formula-1\/2025-10-10\/alex-palou-mclaren-formula-1-indycar-ak-brown_4225831\/pass_b8a343b203945c5a62d93688ec28c2eb\/?_overwrite=true&amp;m=1760109828035\" target=\"_blank\" rel=\"nofollow noopener\"> romper el v\u00ednculo y Palou <\/a>explicaba en el juicio el precio que le supone. \u00abAunque existe esa indemnizaci\u00f3n (que afronta Ganassi), s\u00e9 que<strong> no me pagan lo mismo que a otros pilotos.<\/strong> No estoy entre los tres mejor pagados y no lo estar\u00e9 en el futuro previsible&#8230; por esta indemnizaci\u00f3n. <strong>Voy a tener que pagarla con mi salario base en el futuro, y ya lo estoy haciendo\u00bb.<\/strong> <\/p>\n<blockquote class=\"twitter-tweet\">\n<p lang=\"en\" dir=\"ltr\">Starting to see double \ud83d\udc40<br \/><a href=\"https:\/\/twitter.com\/AlexPalou?ref_src=twsrc%5Etfw\" rel=\"nofollow noopener\" target=\"_blank\">@AlexPalou<\/a> stopped by sculptor Will Behnards&#8217; studio for a first look at his clay likeness for the <a href=\"https:\/\/twitter.com\/BorgTrophy?ref_src=twsrc%5Etfw\" rel=\"nofollow noopener\" target=\"_blank\">@BorgTrophy<\/a> \ud83e\udd2f <a href=\"https:\/\/t.co\/xTMZiYjrRE\" rel=\"nofollow\">pic.twitter.com\/xTMZiYjrRE<\/a><\/p>\n<p>\u2014 NTT INDYCAR SERIES (@IndyCar) <a href=\"https:\/\/twitter.com\/IndyCar\/status\/1970607624451506646?ref_src=twsrc%5Etfw\" rel=\"nofollow noopener\" target=\"_blank\">September 23, 2025<\/a><\/p><\/blockquote>\n<p> <a href=\"https:\/\/www.elconfidencial.com\/deportes\/formula-1\/2025-10-10\/alex-palou-mclaren-formula-1-indycar-ak-brown_4225831\/\" target=\"_self\" rel=\"nofollow noopener\">Zak Brown <\/a>tambi\u00e9n ha acudido dos d\u00edas a declarar, <strong>protagonizando escenas de pel\u00edcula frente al abogado de Palou<\/strong>, muy agresivo con el americano, al que pon\u00eda contra las cuerdas en la segunda sesi\u00f3n cuando le reprochaba<strong> el borrado de mensajes de WhatsApp<\/strong>. A\u00fan queda material por salir a la superficie, pero el que est\u00e1 fluyendo es realmente goloso, un proceso cubierto por el medio brit\u00e1nico MotorSport Mazagine. <\/p>\n<p>            \u00ab\u00bfPor qu\u00e9 nunca apareci\u00f3 el nombre de Oscar?\u00bb           <\/p>\n<p> El espa\u00f1ol <strong>afronta una delicada situaci\u00f3n legal,<\/strong> ya que parte del reconocimiento formal de una ruptura unilateral de contrato. Ser\u00e1 complejo demostrar que fue firmado dolosamente por McLaren. Hasta d\u00f3nde y c\u00f3mo se articulaba contractualmente e<a href=\"https:\/\/www.elconfidencial.com\/deportes\/formula-1\/2022-07-13\/palou-mclaren-formu-a-1-ak-brown_3460040\/\" target=\"_self\" rel=\"nofollow noopener\">se camino hacia la F\u00f3rmula 1, o<\/a> si los objetivos de Palou fueron adecuadamente plasmados en el contrato, ser\u00e1n una de las claves del proceso. <strong>En principio, el equipo legal de Palou intentar\u00e1 que la cuenta sea lo m\u00e1s reducida posible.<\/strong> <\/p>\n<blockquote class=\"twitter-tweet\">\n<p lang=\"en\" dir=\"ltr\">Delighted to bring <a href=\"https:\/\/twitter.com\/AlexPalou?ref_src=twsrc%5Etfw\" rel=\"nofollow noopener\" target=\"_blank\">@AlexPalou<\/a> into the McLaren Racing family! As the INDYCAR champion, Alex is a fantastic addition to the already phenomenal talent we have in our driver roster. Bring on 2023! \ud83d\udc4a <a href=\"https:\/\/t.co\/tRh6cQpndo\" rel=\"nofollow\">pic.twitter.com\/tRh6cQpndo<\/a><\/p>\n<p>\u2014 Zak Brown (@ZBrownCEO) <a href=\"https:\/\/twitter.com\/ZBrownCEO\/status\/1547005689926762497?ref_src=twsrc%5Etfw\" rel=\"nofollow noopener\" target=\"_blank\">July 12, 2022<\/a><\/p><\/blockquote>\n<p> La l\u00ednea de defensa de Nick de Marko Kc, el bufete que representa los intereses de Palou, persigue demostrar que la F\u00f3rmula 1 era su principal objetivo lo que, sin embargo, fue utilizado espuriamente como cebo por Zak Brown para que el catal\u00e1n compitiera en el IndyCar americano, arrebatando a su archienemigo <strong>Chip Ganassi<\/strong> su principal activo. Efectivamente<a href=\"https:\/\/www.elconfidencial.com\/deportes\/formula-1\/2024-03-06\/aplou-indycar-formula-1-24-horas-de-le-mans-mclaren_3843047\/\" target=\"_self\" rel=\"nofollow noopener\">, Palou ha ganado todos los t\u00edtulos desde 2023.<\/a> <\/p>\n<p> Las evidencias testificales del piloto espa\u00f1ol en el juicio consolidan esa l\u00ednea de defensa: estaba dispuesto a sacrificar su carrera en el IndyCar para entrar en la F\u00f3rmula 1, pero Brown jug\u00f3 con ambig\u00fcedad. Por ejemplo, en paralelo a Palou, el equipo brit\u00e1nico contrat\u00f3 a <a href=\"https:\/\/www.elconfidencial.com\/deportes\/formula-1\/2025-10-10\/norris-piastri-mclaren-titulo-de-pilotos_4223354\/\" target=\"_self\" rel=\"nofollow noopener\">Oscar Piastri,<\/a> hoy su piloto oficial. \u00ab<strong>\u00bfPor qu\u00e9 el nombre de Oscar nunca apareci\u00f3 en nuestras conversaciones? <\/strong>\u00bfPor qu\u00e9 fichar a otro novato? Alguien con experiencia, lo entender\u00eda\u2026\u00bb, reprochaba Palou en su declaraci\u00f3n, en la que estaba presente Brown. <\/p>\n<p> Del testimonio del catal\u00e1n se desprend\u00eda la percepci\u00f3n de que<strong> el americano le alentaba con una mano hacia la F\u00f3rmula 1,<\/strong> mientras que con la otra no le proporcionaba las oportunidades prometidas, incluyendo su frenazo a los intereses de <strong>Helmut Marko y Red Bull <\/strong>mostrados por Palou. Este explicaba en el juicio que, hasta que rompi\u00f3 su contrato a finales de 2023, no hab\u00eda dispuesto de la participaci\u00f3n en varias sesiones de libres en grandes premios prometidas (solo tuvo la de Austin 2022) <a href=\"https:\/\/www.elconfidencial.com\/deportes\/formula-1\/2022-09-26\/alex-palou-mclaren-ganassi-indycar-entrevista_3495632\/\" target=\"_self\" rel=\"nofollow noopener\">y sesiones privadas.<\/a> <strong>\u00abCre\u00ed tener derecho a rescindir un contrato basado en mentiras e impresiones falsas\u00bb, declaraba Palou en el juicio.<\/strong> <\/p>\n<blockquote class=\"twitter-tweet\">\n<p lang=\"et\" dir=\"ltr\">Cinema \ud83c\udf7f <a href=\"https:\/\/twitter.com\/BorgTrophy?ref_src=twsrc%5Etfw\" rel=\"nofollow noopener\" target=\"_blank\">@BorgTrophy<\/a> <a href=\"https:\/\/t.co\/KBJV8hmaKL\" rel=\"nofollow\">pic.twitter.com\/KBJV8hmaKL<\/a><\/p>\n<p>\u2014 Alex Palou Montalbo (@AlexPalou) <a href=\"https:\/\/twitter.com\/AlexPalou\/status\/1970174031975629275?ref_src=twsrc%5Etfw\" rel=\"nofollow noopener\" target=\"_blank\">September 22, 2025<\/a><\/p><\/blockquote>\n<p>            \u00abA veces se desactiva sola&#8230;\u00bb           <\/p>\n<p> <strong>Zak Brown testific\u00f3 los dos d\u00edas anteriores<\/strong>. El equipo legal del espa\u00f1ol cuestion\u00f3 agresivamente su estilo negociador, incluyendo testimonios y documentaci\u00f3n de otros <a href=\"https:\/\/www.elconfidencial.com\/deportes\/formula-1\/2025-08-12\/alex-palou-indycar-ganassi-dominio_4189725\/\" target=\"_self\" rel=\"nofollow noopener\">pilotos del IndyCar,<\/a> adem\u00e1s de mensajes internos de McLaren. Para confirmar su estilo de actuaci\u00f3n, el abogado del espa\u00f1ol le acus\u00f3 de haber eliminado pruebas relevantes en el proceso. <\/p>\n<p> Con otro giro propio de un guion cinematogr\u00e1fico, el equipo legal de Palou present\u00f3 a \u00faltima hora una serie de mensajes de WhatsApp, en los que el exdirector del equipo McLaren IndyCar, Gavin Ward, le contaba a un periodista que su equipo utilizaba una opci\u00f3n de la aplicaci\u00f3n para<strong> hacer desaparecer mensajes y conversaciones despu\u00e9s de un periodo determinado, para \u00abcubrirse las espaldas ante demandas\u00bb. El ejecutivo inclu\u00eda otro mensaje: \u00ab<\/strong>Desactivar la configuraci\u00f3n de McLaren de que los mensajes desaparezcan cada siete d\u00edas es realmente liberador\u00bb. <\/p>\n<p>               Zak Brown fue acusado de haber borrado material relevante para el juicio. (AFP7)             <\/p>\n<p> <a href=\"https:\/\/www.elconfidencial.com\/deportes\/formula-1\/2025-01-17\/cantera-red-bull-helmut-marko-carlos-sainz_4044685\/\" target=\"_self\" rel=\"nofollow noopener\">De Marko <\/a>mostraba al americano capturas de pantalla en las que <strong>este ordena mantener todas las comunicaciones <\/strong>sobre el tema en WhatsApp y a \u00abeliminar\u00bb todos los mensajes relacionados con una carpeta denominada Palou. <\/p>\n<p> \u00abHa destruido pruebas en este caso, <strong>ha activado (en la aplicaci\u00f3n) la funci\u00f3n que hace desaparecer los mensajes cuando se le indic\u00f3 que no lo hiciera<\/strong>, porque le preocupaban las consecuencias. Despu\u00e9s de que los abogados le dijeron que no eliminara los mensajes, usted continu\u00f3 haci\u00e9ndolo y le dijo a su personal que lo hiciera\u00bb, le reproch\u00f3 el abogado del espa\u00f1ol a Brown, quien <strong>en respuesta ofreci\u00f3 una d\u00e9bil defensa<\/strong>, alegando que hab\u00eda seguido la pol\u00edtica de la empresa al usar la funci\u00f3n de borrado. <\/p>\n<p> \u00abA veces se desactiva sola&#8230; puede ocurrir sin querer\u00bb. <strong>El juicio y la pel\u00edcula McLaren Vs Palou acaba de empezar. <\/strong>21 millones de d\u00f3lares en juego, <a href=\"https:\/\/www.elconfidencial.com\/deportes\/formula-1\/2023-08-15\/palou-indycar-ganassi-mclaren-honda_3717987\/\" target=\"_self\" rel=\"nofollow noopener\">as\u00ed como credibilidad para las partes<\/a>. Para el profano, una ventana abierta a un mundo de intriga, pol\u00edtica, intereses y uso de la verdad y las apariencias. El mejor equipo del momento contra uno de los mejores pilotos de la historia de IndyCar. \u00bfQui\u00e9n ganar\u00e1? <\/p>\n<p>         <script async src=\"https:\/\/platform.twitter.com\/widgets.js\" charset=\"utf-8\"><\/script><\/p>\n","protected":false},"excerpt":{"rendered":"El caso McLaren vs. Palou sigue cogiendo tracci\u00f3n y gran inter\u00e9s. Enfrenta a uno de los mejores pilotos&hellip;\n","protected":false},"author":2,"featured_media":171031,"comment_status":"","ping_status":"","sticky":false,"template":"","format":"standard","meta":{"footnotes":""},"categories":[270],"tags":[168,25,24,306,271,272,23,167],"class_list":{"0":"post-171030","1":"post","2":"type-post","3":"status-publish","4":"format-standard","5":"has-post-thumbnail","7":"category-formula-1","8":"tag-deportes","9":"tag-es","10":"tag-espana","11":"tag-f1","12":"tag-formula-1","13":"tag-formula1","14":"tag-spain","15":"tag-sports"},"share_on_mastodon":{"url":"","error":""},"_links":{"self":[{"href":"https:\/\/www.europesays.com\/es\/wp-json\/wp\/v2\/posts\/171030","targetHints":{"allow":["GET"]}}],"collection":[{"href":"https:\/\/www.europesays.com\/es\/wp-json\/wp\/v2\/posts"}],"about":[{"href":"https:\/\/www.europesays.com\/es\/wp-json\/wp\/v2\/types\/post"}],"author":[{"embeddable":true,"href":"https:\/\/www.europesays.com\/es\/wp-json\/wp\/v2\/users\/2"}],"replies":[{"embeddable":true,"href":"https:\/\/www.europesays.com\/es\/wp-json\/wp\/v2\/comments?post=171030"}],"version-history":[{"count":0,"href":"https:\/\/www.europesays.com\/es\/wp-json\/wp\/v2\/posts\/171030\/revisions"}],"wp:featuredmedia":[{"embeddable":true,"href":"https:\/\/www.europesays.com\/es\/wp-json\/wp\/v2\/media\/171031"}],"wp:attachment":[{"href":"https:\/\/www.europesays.com\/es\/wp-json\/wp\/v2\/media?parent=171030"}],"wp:term":[{"taxonomy":"category","embeddable":true,"href":"https:\/\/www.europesays.com\/es\/wp-json\/wp\/v2\/categories?post=171030"},{"taxonomy":"post_tag","embeddable":true,"href":"https:\/\/www.europesays.com\/es\/wp-json\/wp\/v2\/tags?post=171030"}],"curies":[{"name":"wp","href":"https:\/\/api.w.org\/{rel}","templated":true}]}}