{"id":171034,"date":"2025-10-12T05:07:08","date_gmt":"2025-10-12T05:07:08","guid":{"rendered":"https:\/\/www.europesays.com\/es\/171034\/"},"modified":"2025-10-12T05:07:08","modified_gmt":"2025-10-12T05:07:08","slug":"el-culebron-juanlu-avista-nuevos-capitulos-en-enero-con-el-napoles","status":"publish","type":"post","link":"https:\/\/www.europesays.com\/es\/171034\/","title":{"rendered":"El culebr\u00f3n Juanlu avista nuevos cap\u00edtulos en enero con el N\u00e1poles"},"content":{"rendered":"<p style=\"\">El culebr\u00f3n <strong>Juanlu<\/strong> promete nuevos cap\u00edtulos en enero con el <strong>N\u00e1poles<\/strong> de nuevo en primer plano. Desde Italia, aseguran que el conjunto partenopeo mantiene la lupa sobre el jugador del <strong>Sevilla FC<\/strong> y su intenci\u00f3n de potenciar la banda derecha con el  &#8230; quinte\u00f1o, que sigue siendo el &#8216;Plan A&#8217;  para satisfacer los deseos del entrenador, <strong>Antonio Conte<\/strong>.<\/p>\n<p class=\"voc-p\" style=\"\">El inter\u00e9s persistente del N\u00e1poles se justifica, seg\u00fan la Gazzetta dello Sport, en la necesidad de ofrecer una alternativa de garant\u00edas a <strong>Di Lorenzo, quien a sus 32 a\u00f1os<\/strong> se ha quedado solo en el puesto de lateral derecho y ha disputado todos los minutos de la temporada a excepci\u00f3n del choque de Champions League ante el Sporting de Portugal por sanci\u00f3n, encuentro en el que Conte reconvirti\u00f3 a Spinazzola a esa posici\u00f3n.<\/p>\n<p class=\"voc-p\" style=\"\">El Sevilla tas\u00f3 al jugador en 20 millones de euros en verano, pero el N\u00e1poles nunca se acerc\u00f3 a esas cantidades. Es m\u00e1s, al cierre del mercado de fichajes de verano, tanto el director deportivo nervionense, <strong>Antonio Cord\u00f3n<\/strong>, como el presidente, <strong>Jos\u00e9 Mar\u00eda del Nido Carrasco<\/strong>, desmintieron la existencia de ofertas firmes del N\u00e1poles por Juanlu S\u00e1nchez, m\u00e1s all\u00e1 de una primera toma de contacto en junio durante una reuni\u00f3n en el S\u00e1nchez-Pizju\u00e1n con <strong>Giovanni Manna<\/strong>, el director deportivo napolitano.<\/p>\n<p class=\"voc-p\" style=\"\">El joven canterano desestim\u00f3 un acuerdo ya pactado con el <strong>Wolverhampton<\/strong> Wanderers ingl\u00e9s, dejando claro que s\u00f3lo quer\u00eda salir rumbo a Italia o permanecer en el Sevilla FC. Su situaci\u00f3n ahora en el equipo de Almeyda no es la ideal. <strong>Jos\u00e9 \u00c1ngel Carmona<\/strong> lo ha adelantado como lateral derecho, ofreciendo un rendimiento cada vez m\u00e1s alto, mientras que Juanlu se ha visto relegado al banquillo en las \u00faltimas jornadas.<\/p>\n<p class=\"voc-p\" style=\"\">El N\u00e1poles no ha olvidado a su objetivo prioritario para reforzar el carril derecho, a pesar de los obst\u00e1culos veraniegos contando con el \u00abs\u00ed\u00bb del jugador. Como Plan B, la misma fuente italiana menciona que <strong>Marc Pubill<\/strong>, actualmente con escaso protagonismo en el Atl\u00e9tico de Madrid, se perfila como la alternativa si el fichaje de Juanlu se vuelve a frustrar este invierno.<\/p>\n","protected":false},"excerpt":{"rendered":"El culebr\u00f3n Juanlu promete nuevos cap\u00edtulos en enero con el N\u00e1poles de nuevo en primer plano. Desde Italia,&hellip;\n","protected":false},"author":2,"featured_media":171035,"comment_status":"","ping_status":"","sticky":false,"template":"","format":"standard","meta":{"footnotes":""},"categories":[268],"tags":[49615,12146,19893,168,17936,25,24,280,282,5515,9494,5024,281,23,167],"class_list":{"0":"post-171034","1":"post","2":"type-post","3":"status-publish","4":"format-standard","5":"has-post-thumbnail","7":"category-futbol","8":"tag-avista","9":"tag-capitulos","10":"tag-culebron","11":"tag-deportes","12":"tag-enero","13":"tag-es","14":"tag-espana","15":"tag-football","16":"tag-futbol","17":"tag-juanlu","18":"tag-napoles","19":"tag-nuevos","20":"tag-soccer","21":"tag-spain","22":"tag-sports"},"share_on_mastodon":{"url":"","error":""},"_links":{"self":[{"href":"https:\/\/www.europesays.com\/es\/wp-json\/wp\/v2\/posts\/171034","targetHints":{"allow":["GET"]}}],"collection":[{"href":"https:\/\/www.europesays.com\/es\/wp-json\/wp\/v2\/posts"}],"about":[{"href":"https:\/\/www.europesays.com\/es\/wp-json\/wp\/v2\/types\/post"}],"author":[{"embeddable":true,"href":"https:\/\/www.europesays.com\/es\/wp-json\/wp\/v2\/users\/2"}],"replies":[{"embeddable":true,"href":"https:\/\/www.europesays.com\/es\/wp-json\/wp\/v2\/comments?post=171034"}],"version-history":[{"count":0,"href":"https:\/\/www.europesays.com\/es\/wp-json\/wp\/v2\/posts\/171034\/revisions"}],"wp:featuredmedia":[{"embeddable":true,"href":"https:\/\/www.europesays.com\/es\/wp-json\/wp\/v2\/media\/171035"}],"wp:attachment":[{"href":"https:\/\/www.europesays.com\/es\/wp-json\/wp\/v2\/media?parent=171034"}],"wp:term":[{"taxonomy":"category","embeddable":true,"href":"https:\/\/www.europesays.com\/es\/wp-json\/wp\/v2\/categories?post=171034"},{"taxonomy":"post_tag","embeddable":true,"href":"https:\/\/www.europesays.com\/es\/wp-json\/wp\/v2\/tags?post=171034"}],"curies":[{"name":"wp","href":"https:\/\/api.w.org\/{rel}","templated":true}]}}