{"id":171036,"date":"2025-10-12T05:08:07","date_gmt":"2025-10-12T05:08:07","guid":{"rendered":"https:\/\/www.europesays.com\/es\/171036\/"},"modified":"2025-10-12T05:08:07","modified_gmt":"2025-10-12T05:08:07","slug":"cuando-le-conoci-llevaba-casada-15-anos-con-otra-persona","status":"publish","type":"post","link":"https:\/\/www.europesays.com\/es\/171036\/","title":{"rendered":"Cuando le conoc\u00ed, llevaba casada 15 a\u00f1os con otra persona"},"content":{"rendered":"<p class=\"c-paragraph\">Qu\u00e9 duda cabe, hoy en d\u00eda, que decir el nombre de <a href=\"https:\/\/www.20minutos.es\/tags\/temas\/noemi-galera.html\" title=\"Noem\u00ed Galera\" rel=\"nofollow noopener\" target=\"_blank\">Noem\u00ed Galera<\/a> es sin\u00f3nimo de <a href=\"https:\/\/www.20minutos.es\/tags\/instituciones-empresas\/operacion-triunfo.html\" title=\"Operaci\u00f3n Triunfo\" rel=\"nofollow noopener\" target=\"_blank\">Operaci\u00f3n Triunfo<\/a>. Pr\u00e1cticamente, ha hecho de todo dentro del reality\u00a0musical, desde participar en los procesos de selecci\u00f3n de los concursantes a ser parte del jurado o, <b>desde la edici\u00f3n de 2017, ser la directora de la academia,<\/b> tomando las riendas de los primeros pasos de todos los j\u00f3venes que pasan el casting y comienzan una futurible carrera como estrellas, como ha sido el caso de algunos de sus alumnos como Aitana Oca\u00f1a, Amaia Romero, Natalia Lacunza, Alba Reche, Lola \u00cdndigo, Paul Thin, Miki N\u00fa\u00f1ez, Agoney o Chica Sobresalto.<\/p>\n<p class=\"c-paragraph\">A sus 58 a\u00f1os, la catalana (naci\u00f3 en Barcelona el 2 de febrero de 1967) es mucho m\u00e1s que la responsable de la academia de OT, habi\u00e9ndose convertido, como muchos exparticipantes han llegado a declarar, en una figura materna para los participantes del concurso que hoy por hoy emite Prime Video. No por nada <b>Galera tiene incluso una habitaci\u00f3n propia en la escuela, ubicada en Terrassa,<\/b> de la cantidad de horas que ha de pasar en ella para que todo salga como el p\u00fablico est\u00e1 acostumbrado a ver.<\/p>\n<p class=\"c-paragraph\">Pero la tambi\u00e9n directora de casting de la productora Gestmusic no es \u00fanicamente alguien acostumbrado a lidiar con la necesidad de darle a los j\u00f3venes una gu\u00eda o de que no haya problemas en el interior de la casa, habida cuenta de que es una convivencia de varios meses y en el que se retransmite el interior pr\u00e1cticamente 24 horas al d\u00eda. Tambi\u00e9n es una mujer que dedicarse su propio tiempo libre para estar con su marido y sus hijos, dado que fuera de Operaci\u00f3n Triunfo\u00a0lleva <b>una vida basada en la confianza y en el amor con Arnau Vil\u00e0, una relaci\u00f3n que comenz\u00f3 por una palabra: instinto.<\/b><\/p>\n<p class=\"c-paragraph\">Vil\u00e0, aunque tambi\u00e9n trabaj\u00f3 en su d\u00eda en el conocido programa, se ha hecho m\u00e1s famoso en el mundillo televisivo <b>por otro espacio tambi\u00e9n dedicado a la m\u00fasica, Tu cara me suena. <\/b>En \u00e9l trabaja como profesor de los famosos, as\u00ed como de director musical del mismo. No es casual, adem\u00e1s, que ambos formatos est\u00e9n producidos en nuestro pa\u00eds por la misma empresa, Gestmusic, ni que alg\u00fan que otro triunfito haya dado el salto de uno a otro.<\/p>\n<p class=\"c-paragraph\">Aun as\u00ed, no es su \u00fanica ocupaci\u00f3n. De hecho, en su perfil de X, tambi\u00e9n conocido como Twitter, su biograf\u00eda reza:<b> \u00abM\u00fasico, compositor, direcci\u00f3n y producci\u00f3n musical&#8230;\u00bb. <\/b>Porque, de hecho, TCMS\u00a0es solo uno de los lugares donde ejerce, ya que tambi\u00e9n ha sido un colaborador muy habitual en las producciones del dramaturgo, director de escena, realizador cinematogr\u00e1fico y guionista Miguel del Arco, como Las noches de Tef\u00eda\u00a0o Las furias. Adem\u00e1s, tambi\u00e9n ha participado en varios musicales.<\/p>\n<p class=\"c-paragraph\">Sin embargo, quiz\u00e1 el m\u00e1s sorprendente de sus trabajos sea el que est\u00e1 relacionado con el mundo del deporte. Y es que <b>Vil\u00e0 ha participado, con los \u00faltimos de Par\u00eds en 2024, hasta en tres Juegos Ol\u00edmpicos,<\/b> siendo parte fundamental de la producci\u00f3n musical que acompa\u00f1\u00f3 los ejercicios de las chicas de China en nataci\u00f3n sincronizada y que les vali\u00f3 para colgarse la medalla de oro.<\/p>\n<p class=\"c-paragraph\">En dichos JJ.\u00a0OO.,<b> adapt\u00f3 e hizo los arreglos de las canciones del grupo Two Steps From Hell,<\/b> una rutina muy rockera a la que el equipo dirigido por Anna Tarr\u00e9s se ajust\u00f3 tan bien que los jueces acabaron por darles la victoria. \u00abHac\u00edamos adaptaciones musicales que ten\u00edamos que tener para ya, porque los chinos son as\u00ed. Mucha m\u00fasica online\u00bb, afirm\u00f3 la que fura seleccionadora espa\u00f1ola en una entrevista, destacando el papel de Vil\u00e0. De hecho, fue Tarr\u00e9s quien confi\u00f3 en un primer momento en Vil\u00e1\u00a0en R\u00edo 2016 cuando llevaba al combinado de Ucrania, as\u00ed como para Tokio 2020 sigui\u00f3 confiando en el trabajo del productor para el equipo de Israel.<\/p>\n<p class=\"c-paragraph\">\u00abCuando le conoc\u00ed, yo llevaba casada 15 a\u00f1os con otra persona\u00bb, rememor\u00f3 Galera sobre los primeros compases de su relaci\u00f3n en el programa Burradas, presentado por su buen amigo \u00c1ngel Ll\u00e1cer \u2014quien, claro, ha participado tanto en OT\u00a0como en Tu cara me suena\u2014. \u00abY en 15 d\u00edas me lie la manta a la cabeza y dije: &#8216;Hasta aqu\u00ed&#8217;. <b>Todo mi entorno pensaba que aquello era una locura, pero a veces uno tiene que arriesgarse para ser feliz. <\/b>Y la mejor decisi\u00f3n que he tomado en mi vida la tom\u00e9 ese d\u00eda\u00bb, a\u00f1adi\u00f3 Noem\u00ed.<\/p>\n<p class=\"c-paragraph\">Porque aquella \u00abburrada\u00bb le ha salido m\u00e1s que bien, dado que llevan juntos precisamente casi 16 a\u00f1os. En una entrevista que concedi\u00f3 Galera al peri\u00f3dico El Pa\u00eds\u00a0en 2024 reflexion\u00f3 sobre c\u00f3mo, tanto en su d\u00eda a d\u00eda como a la hora de hacer los castings y seleccionar a los concursantes, se f\u00eda much\u00edsimo de su instinto. \u00abHay algo bastante irracional, pero me f\u00edo de \u00e9l [de su instinto], porque<b> las grandes decisiones de mi vida las he tomado tir\u00e1ndome a la piscina\u00bb,<\/b> reflexion\u00f3 haciendo referencia a su historia de amor.\u00a0<\/p>\n<p class=\"c-paragraph\">Una, adem\u00e1s, que <b>le ha dado a la pareja sus dos hijos,<\/b>\u00a0Aina, de 15 a\u00f1os, y Lluc, de 13, a quienes el matrimonio \u2014ella fue madre por primera vez a los 43 a\u00f1os\u2014 ha alejado lo m\u00e1ximo posible de las redes sociales. \u00abMe gustar\u00eda que mis hijos no pensar\u00e1n cuando sean mayores que yo les he dedicado poco tiempo\u00bb, le lleg\u00f3 a confesar Galera a Ll\u00e0cer sobre su vida privada m\u00e1s all\u00e1 de la academia de Operaci\u00f3n Triunfo. Una intimidad que Galera y Vil\u00e0 se saltan de vez en cuando para mostrar sus planes lejos de la m\u00fasica, como los viajes que realizan o las visitas a restaurantes que figuran entre lo m\u00e1s granado del panorama gastron\u00f3mico nacional.<\/p>\n","protected":false},"excerpt":{"rendered":"Qu\u00e9 duda cabe, hoy en d\u00eda, que decir el nombre de Noem\u00ed Galera es sin\u00f3nimo de Operaci\u00f3n Triunfo.&hellip;\n","protected":false},"author":2,"featured_media":171037,"comment_status":"","ping_status":"","sticky":false,"template":"","format":"standard","meta":{"footnotes":""},"categories":[174],"tags":[1733,49616,255,146,147,25,24,256,33686,448,10867,23],"class_list":{"0":"post-171036","1":"post","2":"type-post","3":"status-publish","4":"format-standard","5":"has-post-thumbnail","7":"category-famosos","8":"tag-amor","9":"tag-arnau","10":"tag-celebrities","11":"tag-entertainment","12":"tag-entretenimiento","13":"tag-es","14":"tag-espana","15":"tag-famosos","16":"tag-galera","17":"tag-historia","18":"tag-noemi","19":"tag-spain"},"share_on_mastodon":{"url":"","error":""},"_links":{"self":[{"href":"https:\/\/www.europesays.com\/es\/wp-json\/wp\/v2\/posts\/171036","targetHints":{"allow":["GET"]}}],"collection":[{"href":"https:\/\/www.europesays.com\/es\/wp-json\/wp\/v2\/posts"}],"about":[{"href":"https:\/\/www.europesays.com\/es\/wp-json\/wp\/v2\/types\/post"}],"author":[{"embeddable":true,"href":"https:\/\/www.europesays.com\/es\/wp-json\/wp\/v2\/users\/2"}],"replies":[{"embeddable":true,"href":"https:\/\/www.europesays.com\/es\/wp-json\/wp\/v2\/comments?post=171036"}],"version-history":[{"count":0,"href":"https:\/\/www.europesays.com\/es\/wp-json\/wp\/v2\/posts\/171036\/revisions"}],"wp:featuredmedia":[{"embeddable":true,"href":"https:\/\/www.europesays.com\/es\/wp-json\/wp\/v2\/media\/171037"}],"wp:attachment":[{"href":"https:\/\/www.europesays.com\/es\/wp-json\/wp\/v2\/media?parent=171036"}],"wp:term":[{"taxonomy":"category","embeddable":true,"href":"https:\/\/www.europesays.com\/es\/wp-json\/wp\/v2\/categories?post=171036"},{"taxonomy":"post_tag","embeddable":true,"href":"https:\/\/www.europesays.com\/es\/wp-json\/wp\/v2\/tags?post=171036"}],"curies":[{"name":"wp","href":"https:\/\/api.w.org\/{rel}","templated":true}]}}