{"id":171038,"date":"2025-10-12T05:10:17","date_gmt":"2025-10-12T05:10:17","guid":{"rendered":"https:\/\/www.europesays.com\/es\/171038\/"},"modified":"2025-10-12T05:10:17","modified_gmt":"2025-10-12T05:10:17","slug":"libros-recomendados-abigail-thomas-herve-guibert-y-andres-trapiello","status":"publish","type":"post","link":"https:\/\/www.europesays.com\/es\/171038\/","title":{"rendered":"LIBROS RECOMENDADOS | Abigail Thomas, Herv\u00e9 Guibert y Andr\u00e9s Trapiello"},"content":{"rendered":"<p><img decoding=\"async\" src=\"https:\/\/www.europesays.com\/es\/wp-content\/uploads\/2025\/10\/90153e5e-c19d-4735-8be4-be5810af1c68_source-aspect-ratio_default_0.webp.webp\" width=\"111\" height=\"159\" alt=\"\" class=\"ft-helper-img-rd\" loading=\"lazy\"\/>Lo que viene despu\u00e9s&#8230; y que te guste<\/p>\n<p class=\"ft-text\"><strong>Abigail Thomas<\/strong><\/p>\n<p class=\"ft-text\">Errata Naturae<\/p>\n<p class=\"ft-text\">22,50 \u20ac<\/p>\n<p class=\"ft-text\">Genuina y sencilla, <strong>Abigail Thomas<\/strong> siempre escribe sobre el d\u00eda a d\u00eda, sobre las peque\u00f1as alegr\u00edas que nos alivian y custodian en los grandes dramas, sobre su manera de aceptar y resistir a toda la belleza y tristeza que la vida le ha dado. En este nuevo libro, la autora captura la esencia misma de una amistad duradera, la complejidad de la relaci\u00f3n entre madre e hija y la pureza del amor por los perros.<\/p>\n<p><img decoding=\"async\" src=\"https:\/\/www.europesays.com\/es\/wp-content\/uploads\/2025\/10\/d7e64099-847a-4dd7-be14-f71cc61187a7_source-aspect-ratio_default_0.webp.webp\" width=\"111\" height=\"159\" alt=\"\" class=\"ft-helper-img-rd\" loading=\"lazy\"\/>Pr\u00f3spero viento<\/p>\n<p class=\"ft-text\"><strong>Andr\u00e9s Trapiello<\/strong><\/p>\n<p class=\"ft-text\">La Esfera de los Libros<\/p>\n<p class=\"ft-text\">23,90 \u20ac<\/p>\n<p class=\"ft-text\"><strong>&#8216;Pr\u00f3spero viento&#8217;<\/strong> es un ensayo autobiogr\u00e1fico que relata una vida, la de su autor, y la peripecia vital y pol\u00edtica de varias generaciones, desde las postrimer\u00edas de la dictadura franquista hasta hoy mismo. Pionero en rescatar las figuras de <strong>Chaves Nogales, Clara Campoamor o Elena Fort\u00fan<\/strong>, integrantes de la tercera Espa\u00f1a, <strong>Andr\u00e9s Trapiello<\/strong> rastrea aqu\u00ed el origen de la hegemon\u00eda cultural de la izquierda y los nacionalistas.<\/p>\n<p><img decoding=\"async\" src=\"https:\/\/www.europesays.com\/es\/wp-content\/uploads\/2025\/10\/c626af82-b966-452a-8342-6df5f7524ea9_source-aspect-ratio_default_0.webp.webp\" width=\"111\" height=\"159\" alt=\"\" class=\"ft-helper-img-rd\" loading=\"lazy\"\/>Suzanne y Louise<\/p>\n<p class=\"ft-text\"><strong>Herv\u00e9 Guibert<\/strong><\/p>\n<p class=\"ft-text\">Los tres editores \/ Comisura<\/p>\n<p class=\"ft-text\">24 \u20ac<\/p>\n<p class=\"ft-text\">Dos hermanas mayores viven recluidas en un hotel de Par\u00eds. Acompa\u00f1adas por el silencio, un pastor alem\u00e1n y los rituales dom\u00e9sticos, son visitadas peri\u00f3dicamente por su sobrino nieto, el fot\u00f3grafo y escritor <strong>Herv\u00e9 Guibert<\/strong>. All\u00ed desentierran recuerdos, ensayan disputas, se enfrentan a la muerte y coreograf\u00edan lo no vivido. Mezclando texto e imagen, realidad y ficci\u00f3n, Guibert arma una po\u00e9tica \u00abfotonovela\u00bb.<\/p>\n<p><img decoding=\"async\" src=\"https:\/\/www.europesays.com\/es\/wp-content\/uploads\/2025\/10\/009375b3-ea30-4c30-b210-0ceb099d63e5_source-aspect-ratio_default_0.webp.webp\" width=\"111\" height=\"159\" alt=\"\" class=\"ft-helper-img-rd\" loading=\"lazy\"\/>La monta\u00f1a hueca <\/p>\n<p class=\"ft-text\"><strong>B. Catling<\/strong><\/p>\n<p class=\"ft-text\">Aristas Mart\u00ednez<\/p>\n<p class=\"ft-text\">32,90 \u20ac<\/p>\n<p class=\"ft-text\">&#8216;La monta\u00f1a hueca&#8217;, \u00faltima novela de <strong>B. Catling<\/strong>, cuya obra ha sido alabada ha sido alabada por genios como <strong>Alan Moore, Michael Moorcock, Terry Gilliam<\/strong> o Iain Sinclair, es una odisea \u00e9pica en la que despliega una prosa exuberante y erudita, sumergi\u00e9ndose de lleno en las visiones de <strong>El Bosco<\/strong> y <strong>Brueghel el Viejo<\/strong> para ofrecernos una lectura tan deslumbrante como imaginativa.<\/p>\n<p><img decoding=\"async\" src=\"https:\/\/www.europesays.com\/es\/wp-content\/uploads\/2025\/10\/c8fd1b81-d1bb-4b28-8026-f307126bb1d7_source-aspect-ratio_default_0.webp.webp\" width=\"111\" height=\"159\" alt=\"\" class=\"ft-helper-img-rd\" loading=\"lazy\"\/>La intrusa <\/p>\n<p class=\"ft-text\"><strong>Irene Pujadas<\/strong><\/p>\n<p class=\"ft-text\">H&amp;O Editorial<\/p>\n<p class=\"ft-text\">18 \u20ac<\/p>\n<p class=\"ft-text\">En <strong>&#8216;La intrusa&#8217;<\/strong>, Diana es una mujer en la treintena a la que un d\u00eda todo el mundo empieza a decirle que algo ha cambiado en ella. Tanto se lo dicen que acaba por emparanoiarse. Entonces, alguien le propone un viaje al interior de s\u00ed misma, y ella se lanza. A partir de esta premisa, <strong>Irene Pujadas<\/strong> le da una vuelta de tuerca a la presencia del Yo en la literatura contempor\u00e1nea, ya que Diana es una intrusa de s\u00ed misma.<\/p>\n<p><img decoding=\"async\" src=\"https:\/\/www.europesays.com\/es\/wp-content\/uploads\/2025\/10\/35f81b61-1e22-4142-aa87-2074d5b3be5f_source-aspect-ratio_default_0.webp.webp\" width=\"111\" height=\"159\" alt=\"\" class=\"ft-helper-img-rd\" loading=\"lazy\"\/>Una dona de la teva edat <\/p>\n<p class=\"ft-text\"><strong>Gemma Ruiz Pal\u00e0<\/strong><\/p>\n<p class=\"ft-text\">Proa<\/p>\n<p class=\"ft-text\">20,90 \u20ac<\/p>\n<p class=\"ft-text\">Tras el \u00e9xito de <strong>&#8216;Les nostres mares&#8217;<\/strong> (2023), novela con la que gan\u00f3 el Premi Sant Jordi, <strong>Gemma Ruiz Pal\u00e0<\/strong> vuelve a las librer\u00edas con <strong>&#8216;Una dona de la teva edat&#8217;<\/strong>, otra historia de mujeres. La protagonista ve la <strong>menopausia<\/strong> como un punto de inflexi\u00f3n: tras pasar toda la vida amold\u00e1ndose al patr\u00f3n que le impon\u00eda la sociedad, decide irse de casa, retomar su vocaci\u00f3n de escultora y viajar hasta Venecia para participar en la Bienal de Arte.<\/p>\n<p><img decoding=\"async\" src=\"https:\/\/www.europesays.com\/es\/wp-content\/uploads\/2025\/10\/ea2bf763-8abb-4040-a474-174d907c8b05_source-aspect-ratio_default_0.webp.webp\" width=\"111\" height=\"159\" alt=\"\" class=\"ft-helper-img-rd\" loading=\"lazy\"\/>La nova joventut. Poesies furlanes (1941-1974) <\/p>\n<p class=\"ft-text\"><strong>Pier Paolo Pasolini<\/strong><\/p>\n<p class=\"ft-text\">Godall<\/p>\n<p class=\"ft-text\">27 \u20ac<\/p>\n<p class=\"ft-text\">Coincidiendo con el 50\u00ba aniversario de su muerte (el 2 de noviembre), numerosas son las obras de <strong>Pier Paolo Pasolini<\/strong> que se han recuperado este a\u00f1o. Como esta, la \u00faltima que public\u00f3 en vida: una recopilaci\u00f3n de los poemas que escribi\u00f3 y reescribi\u00f3 desde su juventud y hasta el final de sus d\u00edas en friulano (la lengua de su madre). Eloi Creus nos ofrece la primera traducci\u00f3n al catal\u00e1n en este volumen biling\u00fce.<\/p>\n","protected":false},"excerpt":{"rendered":"Lo que viene despu\u00e9s&#8230; y que te guste Abigail Thomas Errata Naturae 22,50 \u20ac Genuina y sencilla, Abigail&hellip;\n","protected":false},"author":2,"featured_media":171039,"comment_status":"","ping_status":"","sticky":false,"template":"","format":"standard","meta":{"footnotes":""},"categories":[172],"tags":[46955,49618,224,8588,1499,146,147,25,1598,24,244,48819,49617,225,34152,1645,2052,23,14885],"class_list":{"0":"post-171038","1":"post","2":"type-post","3":"status-publish","4":"format-standard","5":"has-post-thumbnail","7":"category-libros","8":"tag-abigail","9":"tag-andres-trapiello","10":"tag-books","11":"tag-comic","12":"tag-critica-de-libros","13":"tag-entertainment","14":"tag-entretenimiento","15":"tag-es","16":"tag-escritores","17":"tag-espana","18":"tag-fotografia","19":"tag-herve","20":"tag-herve-guibert","21":"tag-libros","22":"tag-libros-recomendados","23":"tag-novela","24":"tag-poesia","25":"tag-spain","26":"tag-thomas"},"share_on_mastodon":{"url":"","error":""},"_links":{"self":[{"href":"https:\/\/www.europesays.com\/es\/wp-json\/wp\/v2\/posts\/171038","targetHints":{"allow":["GET"]}}],"collection":[{"href":"https:\/\/www.europesays.com\/es\/wp-json\/wp\/v2\/posts"}],"about":[{"href":"https:\/\/www.europesays.com\/es\/wp-json\/wp\/v2\/types\/post"}],"author":[{"embeddable":true,"href":"https:\/\/www.europesays.com\/es\/wp-json\/wp\/v2\/users\/2"}],"replies":[{"embeddable":true,"href":"https:\/\/www.europesays.com\/es\/wp-json\/wp\/v2\/comments?post=171038"}],"version-history":[{"count":0,"href":"https:\/\/www.europesays.com\/es\/wp-json\/wp\/v2\/posts\/171038\/revisions"}],"wp:featuredmedia":[{"embeddable":true,"href":"https:\/\/www.europesays.com\/es\/wp-json\/wp\/v2\/media\/171039"}],"wp:attachment":[{"href":"https:\/\/www.europesays.com\/es\/wp-json\/wp\/v2\/media?parent=171038"}],"wp:term":[{"taxonomy":"category","embeddable":true,"href":"https:\/\/www.europesays.com\/es\/wp-json\/wp\/v2\/categories?post=171038"},{"taxonomy":"post_tag","embeddable":true,"href":"https:\/\/www.europesays.com\/es\/wp-json\/wp\/v2\/tags?post=171038"}],"curies":[{"name":"wp","href":"https:\/\/api.w.org\/{rel}","templated":true}]}}