{"id":171051,"date":"2025-10-12T05:18:08","date_gmt":"2025-10-12T05:18:08","guid":{"rendered":"https:\/\/www.europesays.com\/es\/171051\/"},"modified":"2025-10-12T05:18:08","modified_gmt":"2025-10-12T05:18:08","slug":"que-tiendas-abren-en-malaga-este-12-de-octubre-fiesta-nacional-de-espana","status":"publish","type":"post","link":"https:\/\/www.europesays.com\/es\/171051\/","title":{"rendered":"\u00bfQu\u00e9 tiendas abren en M\u00e1laga este 12 de octubre, Fiesta Nacional de Espa\u00f1a?"},"content":{"rendered":"<p class=\"paragraph\" data-end=\"556\" data-start=\"253\" id=\"paragraph_1\">El <strong data-end=\"344\" data-start=\"297\">12 de octubre, D\u00eda de la Hispanidad, <\/strong>se celebra en toda Espa\u00f1a la Fiesta Nacional, una cita que se instaur\u00f3 en 1987 para recordar el descubrimiento de Am\u00e9rica. Al ser un <strong data-end=\"510\" data-start=\"477\">festivo,\u00a0<\/strong>este d\u00eda trae consigo alteraciones en los horarios habituales de apertura de supermercados y centros comerciales.<\/p>\n<p class=\"paragraph\" data-end=\"862\" data-start=\"558\" id=\"paragraph_2\">A diferencia de otros festivos en los que algunos establecimientos permanecen abiertos por autorizaci\u00f3n especial, este 12 de octubre, domingo,<strong data-end=\"855\" data-start=\"746\"> ning\u00fan supermercado ni centro comercial abrir\u00e1 sus puertas en M\u00e1laga capital ni en la provincia<\/strong>. Tanto las grandes superficies <strong data-end=\"964\" data-start=\"915\">permanecer\u00e1n cerrados durante toda la jornada, a excepci\u00f3n de la zona de cines y restauraci\u00f3n.<\/strong><\/p>\n<p class=\"paragraph\" data-end=\"1169\" data-start=\"864\" id=\"paragraph_3\">Centros comerciales como <strong data-end=\"1047\" data-start=\"992\">Rosaleda, Vialia M\u00e1laga, Larios Centro, Plaza Mayor<\/strong> y <strong data-end=\"1089\" data-start=\"1050\">McArthurGlen Designer Outlet M\u00e1laga<\/strong> no estar\u00e1n operativos. Tampoco abrir\u00e1n otros espacios como <strong data-end=\"1177\" data-start=\"1149\">Los Patios, M\u00e1laga Plaza<\/strong> y <strong data-end=\"1198\" data-start=\"1180\">M\u00e1laga Nostrum<\/strong>, ni grandes cadenas como <strong data-end=\"1286\" data-start=\"1224\">El Corte Ingl\u00e9s, Carrefour, Ikea, Leroy Merlin o Conforama<\/strong>.<\/p>\n<p><img loading=\"lazy\" decoding=\"async\" alt=\"Im\u00e1genes del encendido de las luces de Navidad en la calle Larios de M\u00e1laga.\" height=\"180\" src=\"https:\/\/www.europesays.com\/es\/wp-content\/uploads\/2025\/10\/812179823_237914234_320x180.jpg\" width=\"320\" data-lazy-status=\"processed\" data-lazy-info=\"remove loading item 1\"\/><\/p>\n<p class=\"paragraph\" data-end=\"1414\" data-start=\"1171\" id=\"paragraph_4\">En la provincia, tampoco abrir\u00e1n <strong data-end=\"1411\" data-start=\"1233\">La Ca\u00f1ada (Marbella), Miramar (Fuengirola), Rinc\u00f3n de la Victoria, Puerto Marina Shopping (Benalm\u00e1dena), La Trocha (Co\u00edn), La Ver\u00f3nica (Antequera) y El Ingenio (V\u00e9lez-M\u00e1laga)<\/strong>. S\u00ed que se mantendr\u00e1n activos los restaurantes.<\/p>\n<p><strong data-end=\"1437\" data-start=\"1420\">Supermercados<\/strong><\/p>\n<p class=\"paragraph\" data-end=\"1733\" data-start=\"1566\" id=\"paragraph_5\">Respecto a los supermercados, <strong data-end=\"1684\" data-start=\"1596\">todas las grandes cadenas como Mercadona, Aldi, Lidl, Dia, Alcampo y Supeco cerrar\u00e1n<\/strong> sus puertas por tratarse de un festivo nacional.<\/p>\n<p class=\"paragraph\" data-end=\"1900\" data-start=\"1735\" id=\"paragraph_6\">El <strong>l<\/strong><strong data-end=\"1801\" data-start=\"1762\">unes 13 de octubre s\u00ed\u00a0abrir\u00e1n todos los centros comerciales antes mencionados<\/strong>. Pese a que la jornada festiva se traslada al lunes en Andaluc\u00eda por caer en domingo, los establecimientos est\u00e1n autorizados a abrir sus puertas en este d\u00eda.<\/p>\n<p class=\"paragraph\" id=\"paragraph_7\">La normativa auton\u00f3mica fija que, <strong>adem\u00e1s de atenderse de forma prioritaria al atractivo comercial<\/strong> <strong>de los d\u00edas para las personas consumidoras, se cumplir\u00e1n otros criterios,<\/strong> como la apertura obligatoria de al menos un d\u00eda festivo cuando se produzca la coincidencia de dos o m\u00e1s festivos continuados; o la apertura en los domingos y festivos correspondientes a los per\u00edodos tradicionales de rebajas o ventas promocionales.<\/p>\n<p class=\"paragraph\" id=\"paragraph_8\">Otros criterios establecidos por la normativa son la apertura en <strong>domingos y festivos<\/strong> de mayor afluencia tur\u00edstica.<\/p>\n","protected":false},"excerpt":{"rendered":"El 12 de octubre, D\u00eda de la Hispanidad, se celebra en toda Espa\u00f1a la Fiesta Nacional, una cita&hellip;\n","protected":false},"author":2,"featured_media":171052,"comment_status":"","ping_status":"","sticky":false,"template":"","format":"standard","meta":{"footnotes":""},"categories":[80],"tags":[82,49619,95,94,25,24,14120,6435,8677,23,1284],"class_list":{"0":"post-171051","1":"post","2":"type-post","3":"status-publish","4":"format-standard","5":"has-post-thumbnail","7":"category-economia","8":"tag-business","9":"tag-dia-de-andalucia","10":"tag-economia","11":"tag-economy","12":"tag-es","13":"tag-espana","14":"tag-fiestas-populares","15":"tag-malaga-provincia","16":"tag-planes","17":"tag-spain","18":"tag-vivir"},"share_on_mastodon":{"url":"","error":""},"_links":{"self":[{"href":"https:\/\/www.europesays.com\/es\/wp-json\/wp\/v2\/posts\/171051","targetHints":{"allow":["GET"]}}],"collection":[{"href":"https:\/\/www.europesays.com\/es\/wp-json\/wp\/v2\/posts"}],"about":[{"href":"https:\/\/www.europesays.com\/es\/wp-json\/wp\/v2\/types\/post"}],"author":[{"embeddable":true,"href":"https:\/\/www.europesays.com\/es\/wp-json\/wp\/v2\/users\/2"}],"replies":[{"embeddable":true,"href":"https:\/\/www.europesays.com\/es\/wp-json\/wp\/v2\/comments?post=171051"}],"version-history":[{"count":0,"href":"https:\/\/www.europesays.com\/es\/wp-json\/wp\/v2\/posts\/171051\/revisions"}],"wp:featuredmedia":[{"embeddable":true,"href":"https:\/\/www.europesays.com\/es\/wp-json\/wp\/v2\/media\/171052"}],"wp:attachment":[{"href":"https:\/\/www.europesays.com\/es\/wp-json\/wp\/v2\/media?parent=171051"}],"wp:term":[{"taxonomy":"category","embeddable":true,"href":"https:\/\/www.europesays.com\/es\/wp-json\/wp\/v2\/categories?post=171051"},{"taxonomy":"post_tag","embeddable":true,"href":"https:\/\/www.europesays.com\/es\/wp-json\/wp\/v2\/tags?post=171051"}],"curies":[{"name":"wp","href":"https:\/\/api.w.org\/{rel}","templated":true}]}}