{"id":171059,"date":"2025-10-12T05:22:27","date_gmt":"2025-10-12T05:22:27","guid":{"rendered":"https:\/\/www.europesays.com\/es\/171059\/"},"modified":"2025-10-12T05:22:27","modified_gmt":"2025-10-12T05:22:27","slug":"el-balonmano-nava-en-busca-de-recuperar-la-sonrisa","status":"publish","type":"post","link":"https:\/\/www.europesays.com\/es\/171059\/","title":{"rendered":"El Balonmano Nava, en busca de recuperar la sonrisa"},"content":{"rendered":"<p>El Balonmano Nava afronta este domingo una nueva prueba de fuego en la Liga Nexus Energ\u00eda Asobal. El equipo navero visitar\u00e1 el Quijote Arena para enfrentarse al Caser\u00edo Ciudad Real (12:30 horas) con el objetivo de reencontrarse con la ansiada victoria tras un mes exigente de competici\u00f3n.<\/p>\n<p>Actualmente, el equipo de \u00c1lvaro Senovilla ocupa la duod\u00e9cima posici\u00f3n en la tabla con dos puntos, producto de una victoria y tres derrotas. Dos de estas \u00faltimas derrotas han sido ofreciendo una buena imagen frente a equipos de gran nivel, como Bidasoa Ir\u00fan y Granollers, considerados los principales rivales, con permiso del Barcelona, en esta Liga Asobal. Hasta la fecha, el equipo navero no ha logrado sumar puntos fuera de casa, cayendo en sus dos salidas previas en pistas complicadas como el Santiago Mangu\u00e1n y el Palau d\u2019Esports de Granollers, por lo que el Balonmano Nava buscar\u00e1 su primera alegr\u00eda del curso lejos del Guerreros Naveros.<\/p>\n<p>Enfrente estar\u00e1 un Caser\u00edo Ciudad Real que es uno de los equipos reci\u00e9n ascendidos esta temporada y que, al igual que Nava, suma dos puntos en la clasificaci\u00f3n. Los castellano-manchegos han logrado una victoria en casa ante REBI Cuenca, pero tambi\u00e9n han sufrido derrotas, incluyendo la m\u00e1s reciente ante Ademar Le\u00f3n. Por ello, ambos conjuntos llegan con la necesidad compartida de volver a la senda del triunfo.<\/p>\n<p>En cuanto a su plantilla, el conjunto de Santi Urdales ha realizado grandes fichajes este verano, incorporando jugadores con experiencia en la liga como Sergi Mach, Omar Sherif, Sergio L\u00f3pez y el exnavero Alonso Moreno. Adem\u00e1s, cuenta con el lateral derecho David Fern\u00e1ndez, quien jug\u00f3 en Nava en la temporada 14\/15, junto a los extremos Dani Palomeque y Sergio Casares, quienes tambi\u00e9n son conocidos por la afici\u00f3n navera.<\/p>\n<p>Respecto a los antecedentes, no existen enfrentamientos previos entre ambos equipos en la m\u00e1xima categor\u00eda, por lo que para encontrar referencias hay que remontarse a la temporada 22\/23 en la Divisi\u00f3n de Honor Plata. En aquel encuentro, el Balonmano Nava consigui\u00f3 una victoria en el Quijote Arena (28-34), un resultado que estuvo muy cerca de certificar su hist\u00f3rico ascenso a la Liga Asobal.<\/p>\n","protected":false},"excerpt":{"rendered":"El Balonmano Nava afronta este domingo una nueva prueba de fuego en la Liga Nexus Energ\u00eda Asobal. El&hellip;\n","protected":false},"author":2,"featured_media":171060,"comment_status":"","ping_status":"","sticky":false,"template":"","format":"standard","meta":{"footnotes":""},"categories":[278],"tags":[376,168,25,24,375,23,167],"class_list":{"0":"post-171059","1":"post","2":"type-post","3":"status-publish","4":"format-standard","5":"has-post-thumbnail","7":"category-balonmano","8":"tag-balonmano","9":"tag-deportes","10":"tag-es","11":"tag-espana","12":"tag-handball","13":"tag-spain","14":"tag-sports"},"share_on_mastodon":{"url":"","error":""},"_links":{"self":[{"href":"https:\/\/www.europesays.com\/es\/wp-json\/wp\/v2\/posts\/171059","targetHints":{"allow":["GET"]}}],"collection":[{"href":"https:\/\/www.europesays.com\/es\/wp-json\/wp\/v2\/posts"}],"about":[{"href":"https:\/\/www.europesays.com\/es\/wp-json\/wp\/v2\/types\/post"}],"author":[{"embeddable":true,"href":"https:\/\/www.europesays.com\/es\/wp-json\/wp\/v2\/users\/2"}],"replies":[{"embeddable":true,"href":"https:\/\/www.europesays.com\/es\/wp-json\/wp\/v2\/comments?post=171059"}],"version-history":[{"count":0,"href":"https:\/\/www.europesays.com\/es\/wp-json\/wp\/v2\/posts\/171059\/revisions"}],"wp:featuredmedia":[{"embeddable":true,"href":"https:\/\/www.europesays.com\/es\/wp-json\/wp\/v2\/media\/171060"}],"wp:attachment":[{"href":"https:\/\/www.europesays.com\/es\/wp-json\/wp\/v2\/media?parent=171059"}],"wp:term":[{"taxonomy":"category","embeddable":true,"href":"https:\/\/www.europesays.com\/es\/wp-json\/wp\/v2\/categories?post=171059"},{"taxonomy":"post_tag","embeddable":true,"href":"https:\/\/www.europesays.com\/es\/wp-json\/wp\/v2\/tags?post=171059"}],"curies":[{"name":"wp","href":"https:\/\/api.w.org\/{rel}","templated":true}]}}