{"id":171071,"date":"2025-10-12T05:33:14","date_gmt":"2025-10-12T05:33:14","guid":{"rendered":"https:\/\/www.europesays.com\/es\/171071\/"},"modified":"2025-10-12T05:33:14","modified_gmt":"2025-10-12T05:33:14","slug":"la-fira-del-llibre-60-anos-como-el-corazon-literario-de-valencia","status":"publish","type":"post","link":"https:\/\/www.europesays.com\/es\/171071\/","title":{"rendered":"La Fira del Llibre, 60 a\u00f1os como el coraz\u00f3n literario de Val\u00e8ncia"},"content":{"rendered":"<p><img decoding=\"async\" src=\"https:\/\/www.europesays.com\/es\/wp-content\/uploads\/2025\/10\/1604ea8a-9ccc-4a17-8d84-5fb86d324b0d_alta-libre-aspect-ratio_default_0.jpg\" width=\"1200\" height=\"59\" alt=\"Cintillo Premios Levante 2025\" class=\"ft-helper-img-rd\" loading=\"lazy\" hasdataaida=\"true\"\/><\/p>\n<p class=\"ft-helper-fontColor-quaternary ft-helper-fontSize-body-S ft-helper-spacer-t-xxs\">Cintillo Premios Levante 2025  \/ ED<\/p>\n<p class=\"ft-text\">La <a class=\"ft-link ft-link--decoration\" href=\"https:\/\/www.levante-emv.com\/tags\/fira-del-llibre\/\" target=\"_blank\" rel=\"nofollow noopener\">Fira del Llibre de Val\u00e8ncia<\/a> puede presumir de ser una de las citas culturales m\u00e1s queridas y esperadas de la ciudad. No en vano, <strong>este 2025 ha celebrado su 60 edici\u00f3n<\/strong> con un rotundo \u00e9xito de p\u00fablico y lectores. Por ello, los <a class=\"ft-link ft-link--decoration\" href=\"https:\/\/www.levante-emv.com\/tags\/premios-levante-emv\/\" target=\"_blank\" rel=\"nofollow noopener\">Premios Levante-EMV 2025<\/a> reconocen su labor en favor del fomento de la lectura con su distinci\u00f3n anual en la categor\u00eda de <strong>Cultura<\/strong>.<\/p>\n<p>En el top nacional<\/p>\n<p class=\"ft-text\">Por su trayectoria, extensi\u00f3n y volumen de ventas, la Fira del Llibre de Val\u00e8ncia se consolida a\u00f1o tras a\u00f1o como <strong>el principal evento alrededor del mundo del libro en la ciudad<\/strong>, y como la segunda feria en importancia de Espa\u00f1a.<\/p>\n<p class=\"ft-text\">Por la \u00faltima edici\u00f3n, la celebrada este mismo a\u00f1o en los <strong>Jardines de Viveros<\/strong> \u2014su emplazamiento tradicional\u2014 pasaron m\u00e1s de 400.000 personas y alcanz\u00f3 una facturaci\u00f3n en torno al mill\u00f3n de euros. De este modo, desde el pasado 24 de abril al 4 de mayo, los Jardines de Viveros fueron epicentro de la mejor literatura y lugar de peregrinaci\u00f3n para los \u00e1vidos lectores valencianos. Adem\u00e1s, <strong>por tercer a\u00f1o consecutivo bati\u00f3 su r\u00e9cord de expositores<\/strong> con 91 expositores y 135 casetas. D\u00edas de primavera y lectura.<\/p>\n<p class=\"ft-text\">Este a\u00f1o, adem\u00e1s, la Fira estaba de doble enhorabuena. No solo se ha celebrado una efem\u00e9ride tan significativa como la 60 edici\u00f3n de la feria, sino que tambi\u00e9n <strong>se han conmemorado los 40 a\u00f1os de su presencia en los Jardines de Viveros<\/strong>, un lugar tan arraigado entre los valencianos como lugar de encuentro cultural y social. No hay Fira del Llibre que no se asocie a este pulm\u00f3n verde de la ciudad, con sus calles y albero lleno de letras, escritores y lectores de todas las edades.<\/p>\n<p class=\"ft-text\">Adem\u00e1s, esta edici\u00f3n que desde Levante-EMV celebramos y premiamos ha sido especialmente relevante por convertirse en <strong>un elemento clave en la recuperaci\u00f3n del sector del libro tras la tr\u00e1gica <\/strong><a class=\"ft-link ft-link--decoration\" href=\"https:\/\/www.levante-emv.com\/tags\/dana\/\" target=\"_blank\" rel=\"nofollow noopener\">dana del 29 de octubre de 2024<\/a>. La Fira logr\u00f3 dar un respiro aquellas librer\u00edas afectadas por la riada, que estuvieron presentes incluso antes de poder reabrir sus establecimientos en algunas de las localidades que sufrieron graves da\u00f1os por las aguas.<\/p>\n<p>El Gremi de Llibrers<\/p>\n<p class=\"ft-text\">La Fira del Llibre est\u00e1 organizada por el <strong>Gremi de Llibrers de Val\u00e8ncia<\/strong> y la <strong>Fundaci\u00f3 Fira del Llibre<\/strong>, nacida el a\u00f1o 2018 de la mano del propio Gremi. Tiene lugar a\u00f1o tras a\u00f1o en la ciudad de Val\u00e8ncia desde hace 60 ediciones, en un espacio emblem\u00e1tico como los Jardines de Viveros, para promocionar la lectura y la actividad de las librer\u00edas valencianas. La Fira del Llibre de Val\u00e8ncia es, principalmente, una feria de librer\u00edas, que defiende el papel de las mismas como elemento clave de la cadena del libro y del ecosistema cultural de la sociedad valenciana, en la que act\u00faan como agentes culturales indispensables.<\/p>\n<p class=\"ft-text\">Adem\u00e1s, <strong>la Fira del Llibre de Val\u00e8ncia es el lugar de encuentro del mundo literario y del libro<\/strong>. Un espacio abierto a todo el p\u00fablico lector, con especial atenci\u00f3n a los m\u00e1s j\u00f3venes y a la literatura en valenciano, y a todo el sector del libro. Por ello, son habituales las largu\u00edsimas colas de los lectores m\u00e1s j\u00f3venes en las firmas de sus autores favoritos.<\/p>\n<p class=\"ft-text\">Cada a\u00f1o, durante los d\u00edas que se celebra la Fira, el visitante puede asistir a presentaciones de libros, firmas de autores, clubes de lectura, debates, premios, actos literarios, actividades de fomento de la lectura destinadas al p\u00fablico escolar, entre otras actividades.<\/p>\n<p>Jard\u00edn emblem\u00e1tico<\/p>\n<p class=\"ft-text\">La personalidad de la Fira del Llibre de Val\u00e8ncia viene determinada por el espacio donde tiene lugar, los Jardines de Viveros. La feria est\u00e1 ligada, desde el a\u00f1o 1985, al que se puede considerar como <strong>el jard\u00edn m\u00e1s emblem\u00e1tico de la ciudad <\/strong>por su historia, valor cultural, ecol\u00f3gico y paisaj\u00edstico, extensi\u00f3n y diversidad bot\u00e1nica. <strong>El paseo Antonio Machado de los Jardines del Real es parte indisoluble de la Fira<\/strong> y su imagen ic\u00f3nica, con las filas de casetas de librer\u00edas ocupando ambos lados. Con el crecimiento de la Fira los \u00faltimos a\u00f1os, \u00e9sta tambi\u00e9n ocupa la explanada situada en frente del Museo de Ciencias Naturales de la ciudad.<\/p>\n<p class=\"ft-text\">Este entorno permite disfrutar, todav\u00eda m\u00e1s, de los espacios dedicados a la venta y exposici\u00f3n de libros as\u00ed como de las actividades culturales complementarias.<\/p>\n","protected":false},"excerpt":{"rendered":"Cintillo Premios Levante 2025 \/ ED La Fira del Llibre de Val\u00e8ncia puede presumir de ser una de&hellip;\n","protected":false},"author":2,"featured_media":171072,"comment_status":"","ping_status":"","sticky":false,"template":"","format":"standard","meta":{"footnotes":""},"categories":[172],"tags":[224,12189,4835,146,147,25,10558,24,49622,433,906,225,2437,49621,49623,23],"class_list":{"0":"post-171071","1":"post","2":"type-post","3":"status-publish","4":"format-standard","5":"has-post-thumbnail","7":"category-libros","8":"tag-books","9":"tag-comunitat-valenciana","10":"tag-corazon","11":"tag-entertainment","12":"tag-entretenimiento","13":"tag-es","14":"tag-espacio","15":"tag-espana","16":"tag-fira-del-llibre","17":"tag-jovenes","18":"tag-librerias","19":"tag-libros","20":"tag-llibre","21":"tag-premios-levante-emv-fira-llibre-cultura","22":"tag-premios-levante-emv","23":"tag-spain"},"share_on_mastodon":{"url":"","error":""},"_links":{"self":[{"href":"https:\/\/www.europesays.com\/es\/wp-json\/wp\/v2\/posts\/171071","targetHints":{"allow":["GET"]}}],"collection":[{"href":"https:\/\/www.europesays.com\/es\/wp-json\/wp\/v2\/posts"}],"about":[{"href":"https:\/\/www.europesays.com\/es\/wp-json\/wp\/v2\/types\/post"}],"author":[{"embeddable":true,"href":"https:\/\/www.europesays.com\/es\/wp-json\/wp\/v2\/users\/2"}],"replies":[{"embeddable":true,"href":"https:\/\/www.europesays.com\/es\/wp-json\/wp\/v2\/comments?post=171071"}],"version-history":[{"count":0,"href":"https:\/\/www.europesays.com\/es\/wp-json\/wp\/v2\/posts\/171071\/revisions"}],"wp:featuredmedia":[{"embeddable":true,"href":"https:\/\/www.europesays.com\/es\/wp-json\/wp\/v2\/media\/171072"}],"wp:attachment":[{"href":"https:\/\/www.europesays.com\/es\/wp-json\/wp\/v2\/media?parent=171071"}],"wp:term":[{"taxonomy":"category","embeddable":true,"href":"https:\/\/www.europesays.com\/es\/wp-json\/wp\/v2\/categories?post=171071"},{"taxonomy":"post_tag","embeddable":true,"href":"https:\/\/www.europesays.com\/es\/wp-json\/wp\/v2\/tags?post=171071"}],"curies":[{"name":"wp","href":"https:\/\/api.w.org\/{rel}","templated":true}]}}