{"id":171077,"date":"2025-10-12T05:37:12","date_gmt":"2025-10-12T05:37:12","guid":{"rendered":"https:\/\/www.europesays.com\/es\/171077\/"},"modified":"2025-10-12T05:37:12","modified_gmt":"2025-10-12T05:37:12","slug":"dejen-que-los-ninos-vivan","status":"publish","type":"post","link":"https:\/\/www.europesays.com\/es\/171077\/","title":{"rendered":"Dejen que los ni\u00f1os vivan"},"content":{"rendered":"<p>                <img decoding=\"async\" class=\"lazy\" loading=\"lazy\" data-src=\"https:\/\/static.eldiario.es\/clip\/99c46054-eb4b-4a99-8f26-374f3d613246_16-9-aspect-ratio_default_0.jpg\" src=\"data:image\/svg+xml,%3Csvg xmlns=\" http:=\"\" viewbox=\"0 0 16 9\" alt=\"Protestas propalestina en una marcha en Oslo el 11 de octubre de 2025\"\/><\/p>\n<p class=\"article-text\">\n        Un grupo de hinchas de la selecci\u00f3n noruega desplegaron este s\u00e1bado en el partido contra el combinado de Israel una pancarta que rezaba \u201cDejen que los ni\u00f1os vivan\u201d. Tambi\u00e9n se vieron muchas banderas palestinas en el estadio de Oslo.\n    <\/p>\n<p class=\"article-text\">\n         El encuentro de clasificaci\u00f3n para el Mundial de 2026 se est\u00e1 disputando en estos momentos y, a falta de 20 minutos para el final, Noruega gana por 5 goles a 0 a la selecci\u00f3n israel\u00ed.\n    <\/p>\n<p class=\"article-text\">\n        Israel solo se ha clasificado para un mundial de f\u00fabol, el de M\u00e9xico 1970, pero cay\u00f3 eliminada en la primera fase.\n    <\/p>\n<blockquote class=\"twitter-tweet\" data-lang=\"es\"><p><a href=\"https:\/\/twitter.com\/X\/status\/1977047627041779805?ref_src=twsrc%5Etfw\" rel=\"nofollow noopener\" target=\"_blank\"><\/p><\/blockquote>\n<p class=\"article-text\">\n        Por <strong>Virginia Sarabia<\/strong>\n    <\/p>\n<p>                                    <script async src=\"https:\/\/platform.twitter.com\/widgets.js\" charset=\"utf-8\"><\/script><\/p>\n","protected":false},"excerpt":{"rendered":"Un grupo de hinchas de la selecci\u00f3n noruega desplegaron este s\u00e1bado en el partido contra el combinado de&hellip;\n","protected":false},"author":2,"featured_media":171078,"comment_status":"","ping_status":"","sticky":false,"template":"","format":"standard","meta":{"footnotes":""},"categories":[93],"tags":[168,2125,25,24,694,1458,74,23,167,1885],"class_list":{"0":"post-171077","1":"post","2":"type-post","3":"status-publish","4":"format-standard","5":"has-post-thumbnail","7":"category-deportes","8":"tag-deportes","9":"tag-directo","10":"tag-es","11":"tag-espana","12":"tag-gaza","13":"tag-hora","14":"tag-israel","15":"tag-spain","16":"tag-sports","17":"tag-ultima"},"share_on_mastodon":{"url":"","error":""},"_links":{"self":[{"href":"https:\/\/www.europesays.com\/es\/wp-json\/wp\/v2\/posts\/171077","targetHints":{"allow":["GET"]}}],"collection":[{"href":"https:\/\/www.europesays.com\/es\/wp-json\/wp\/v2\/posts"}],"about":[{"href":"https:\/\/www.europesays.com\/es\/wp-json\/wp\/v2\/types\/post"}],"author":[{"embeddable":true,"href":"https:\/\/www.europesays.com\/es\/wp-json\/wp\/v2\/users\/2"}],"replies":[{"embeddable":true,"href":"https:\/\/www.europesays.com\/es\/wp-json\/wp\/v2\/comments?post=171077"}],"version-history":[{"count":0,"href":"https:\/\/www.europesays.com\/es\/wp-json\/wp\/v2\/posts\/171077\/revisions"}],"wp:featuredmedia":[{"embeddable":true,"href":"https:\/\/www.europesays.com\/es\/wp-json\/wp\/v2\/media\/171078"}],"wp:attachment":[{"href":"https:\/\/www.europesays.com\/es\/wp-json\/wp\/v2\/media?parent=171077"}],"wp:term":[{"taxonomy":"category","embeddable":true,"href":"https:\/\/www.europesays.com\/es\/wp-json\/wp\/v2\/categories?post=171077"},{"taxonomy":"post_tag","embeddable":true,"href":"https:\/\/www.europesays.com\/es\/wp-json\/wp\/v2\/tags?post=171077"}],"curies":[{"name":"wp","href":"https:\/\/api.w.org\/{rel}","templated":true}]}}