{"id":171088,"date":"2025-10-12T05:43:08","date_gmt":"2025-10-12T05:43:08","guid":{"rendered":"https:\/\/www.europesays.com\/es\/171088\/"},"modified":"2025-10-12T05:43:08","modified_gmt":"2025-10-12T05:43:08","slug":"la-gestion-del-pp-hunde-aun-mas-la-valoracion-de-los-andaluces-sobre-su-sistema-sanitario-espana","status":"publish","type":"post","link":"https:\/\/www.europesays.com\/es\/171088\/","title":{"rendered":"La gesti\u00f3n del PP hunde a\u00fan m\u00e1s la valoraci\u00f3n de los andaluces sobre su sistema sanitario | Espa\u00f1a"},"content":{"rendered":"<p class=\"\">Antes de las <a href=\"https:\/\/elpais.com\/politica\/2018\/12\/02\/actualidad\/1543774582_128933.html\" rel=\"nofollow noopener\" target=\"_blank\">elecciones andaluzas de diciembre de 2018<\/a>, casi nadie cre\u00eda que el PSOE fuera a perder el poder. Encuestas en mano, resultaba poco veros\u00edmil. Y sin embargo, o quiz\u00e1s por eso, Juan Manuel Moreno no paraba de repetir una muletilla: \u201cCuando sea presidente\u201d. Una y otra vez. \u201cCuando sea presidente\u201d, anunciaba el candidato del PP, Andaluc\u00eda ser\u00e1 un tit\u00e1n econ\u00f3mico. \u201cCuando sea presidente\u201d, adi\u00f3s al impuesto de sucesiones. As\u00ed acto tras acto, promesa tras promesa. <\/p>\n<p class=\"\">No hab\u00eda terreno m\u00e1s f\u00e9rtil para la promesa que la sanidad p\u00fablica, el punto flaco de Susana D\u00edaz, que sufri\u00f3 <a href=\"https:\/\/elpais.com\/politica\/2017\/02\/02\/actualidad\/1486057234_769762.html\" rel=\"nofollow noopener\" target=\"_blank\">manifestaciones masivas<\/a> contra su gesti\u00f3n. \u201cCuando sea presidente\u201d, se compromet\u00eda Moreno en mayo de 2018, los salarios de los sanitarios subir\u00e1n para que \u201cno se tengan que ir\u201d. \u201cCuando sea presidente\u201d, a\u00f1ad\u00eda durante la campa\u00f1a, gestionar\u00e1n la sanidad \u201cprofesionales, no pol\u00edticos\u201d. A mes y medio de las urnas, lanzaba un mensaje que ahora le recuerdan sus adversarios en plena <a href=\"https:\/\/elpais.com\/sociedad\/2025-10-08\/cronologia-de-la-crisis-de-las-mamografias-la-junta-de-andalucia-reacciona-ano-y-medio-despues-de-conocer-los-primeros-casos.html\" rel=\"nofollow noopener\" target=\"_blank\">crisis de las mamograf\u00edas<\/a>: \u201cLucho para que las mujeres afectadas por el c\u00e1ncer de mama tengan esperanza. Cuando sea presidente, me comprometo a garantizar los tratamientos oncol\u00f3gicos en 30 d\u00edas\u201d. <\/p>\n<p class=\"\">Todo incid\u00eda en una idea recurrente que Moreno usaba desde la campa\u00f1a anterior: \u201cCuando sea presidente, Andaluc\u00eda tendr\u00e1 la sanidad que nos merecemos\u201d.<\/p>\n<p class=\"\">Contra pron\u00f3stico, Moreno fue presidente. Aunque lo logr\u00f3 con solo 26 diputados del PP, <a href=\"https:\/\/elpais.com\/politica\/2019\/01\/16\/actualidad\/1547657697_139882.html\" rel=\"nofollow noopener\" target=\"_blank\">gracias a Ciudadanos y a Vox<\/a>, desde entonces se ha consolidado. <a href=\"https:\/\/elpais.com\/espana\/elecciones-andalucia\/2022-06-19\/moreno-logra-la-mayoria-absoluta-y-frena-en-seco-a-vox.html\" rel=\"nofollow noopener\" target=\"_blank\">En 2025 subi\u00f3 a 58 esca\u00f1os<\/a>, cifra que lleva tatuada \u2014literalmente: se tatu\u00f3 la mu\u00f1eca con el n\u00famero\u2014 y que supera por tres la mayor\u00eda absoluta. Y las encuestas muestran hasta ahora que lo que fue durante cerca de 40 a\u00f1os un feudo socialista <a href=\"https:\/\/elpais.com\/espana\/2025-07-17\/moreno-conserva-su-mayoria-absoluta-y-la-corrupcion-lastra-al-psoe-de-montero-segun-el-cis-andaluz.html\" rel=\"nofollow noopener\" target=\"_blank\">hoy es un fort\u00edn popular<\/a>. <\/p>\n<p class=\"\">Pero hay algo que se le ha resistido a Moreno: la sanidad, su quebradero de cabeza. No solo porque haya recurrido ya a <a href=\"https:\/\/elpais.com\/espana\/andalucia\/2025-10-09\/el-consejero-de-presidencia-andaluz-asumira-la-cartera-de-salud-de-forma-interina.html\" target=\"_self\" rel=\"nofollow noopener\" title=\"https:\/\/elpais.com\/espana\/andalucia\/2025-10-09\/el-consejero-de-presidencia-andaluz-asumira-la-cartera-de-salud-de-forma-interina.html\">cuatro consejeros<\/a>, ni porque <a href=\"https:\/\/www.canalsur.es\/noticias\/andalucia\/tres-gerentes-del-sas-declararan-en-noviembre-por-los-contratos-de-emergencia\/2195684.html\" rel=\"nofollow noopener\" target=\"_blank\">haya<\/a> <a href=\"https:\/\/elpais.com\/espana\/2025-09-10\/el-juez-cita-a-declarar-a-la-numero-dos-de-hacienda-por-los-contratos-sanitarios-a-dedo-de-la-junta-andaluza.html\" rel=\"nofollow noopener\" target=\"_blank\">tres gerentes del Servicio Andaluz de Salud investigados<\/a> por <a href=\"https:\/\/elpais.com\/espana\/2024-10-22\/la-intervencion-ve-irregularidades-en-el-92-de-los-contratos-sanitarios-adjudicados-a-dedo-por-la-junta-de-andalucia-en-2021.html\" rel=\"nofollow noopener\" target=\"_blank\">contrataciones a dedo<\/a>, ni porque se haya mantenido el <a href=\"https:\/\/elpais.com\/espana\/andalucia\/2025-09-02\/los-andaluces-canalizan-su-indignacion-con-la-presentacion-de-mas-de-57000-firmas-para-avalar-una-ley-que-blinde-la-sanidad-publica.html\" rel=\"nofollow noopener\" target=\"_blank\">goteo de protestas<\/a>. Adem\u00e1s de todo ello, Moreno no se ha acercado ni remotamente a convencer a los andaluces de que tienen \u201cla sanidad que nos merecemos\u201d. La <a href=\"https:\/\/elpais.com\/sociedad\/2025-10-08\/perfil-rocio-hernandez-la-gestora-hieratica-sin-cintura-politica-que-dimite-por-el-escandalo-de-las-mamografias.html\" target=\"_self\" rel=\"nofollow noopener\" title=\"https:\/\/elpais.com\/sociedad\/2025-10-08\/perfil-rocio-hernandez-la-gestora-hieratica-sin-cintura-politica-que-dimite-por-el-escandalo-de-las-mamografias.html\">crisis del cribado<\/a> cae sobre una sociedad instalada en el descontento sobre el funcionamiento del pilar sanitario del Estado del bienestar. <\/p>\n<p class=\"\">Con el PP en el poder, los principales indicadores de opini\u00f3n p\u00fablica sobre el desempe\u00f1o de la sanidad p\u00fablica han ca\u00eddo. En no pocas ocasiones, con serios empeoramientos. No es que antes hubiera una visi\u00f3n id\u00edlica. Ya en la etapa del PSOE, Andaluc\u00eda se hab\u00eda colocado entre las comunidades m\u00e1s descontentas. Pero los n\u00fameros se han hundido a\u00fan m\u00e1s. La serie de bar\u00f3metros sanitarios del CIS, con 7.800 entrevistas en cada entrega, arroja dos conclusiones. La primera, que la comunidad es la menos satisfecha, cuando antes de la llegada al poder del PP ese puesto lo ocupaba Canarias. La segunda, que el deterioro de los indicadores es m\u00e1s marcado que en el conjunto del pa\u00eds.<\/p>\n<p>Notas al sistema<\/p>\n<p class=\"\">Andaluc\u00eda sale mal parada cuando el CIS pregunta por la nota de satisfacci\u00f3n, siendo 1 la m\u00ednima y 10 la m\u00e1xima, con seis \u00e1reas del sistema sanitario p\u00fablico: atenci\u00f3n primaria, consulta con el especialista, tres tipos de urgencias \u2014en hospital, en atenci\u00f3n primaria y v\u00eda 061 o 112\u2014 e ingreso hospitalario. En cinco de ellas \u2014todas, menos ingreso hospitalario\u2014, la evoluci\u00f3n de las notas entre el bar\u00f3metro de octubre de 2018, \u00faltimo con el PSOE, y el de abril de 2025, el m\u00e1s reciente, es m\u00e1s negativa en Andaluc\u00eda que en el conjunto de Espa\u00f1a, incluso aunque en los cinco casos el punto de partida andaluz era m\u00e1s bajo. En lo que respecta a consulta especializada, la nota cae del 6,72 al 5,3; en atenci\u00f3n primaria, de 7,01 al 5,59.<\/p>\n<p class=\"\">Aunque las diferencias entre comunidades no son grandes, resultado a resultado componen una imagen: Andaluc\u00eda, que ya ven\u00eda en el grupo de rezagados, se queda a\u00fan m\u00e1s atr\u00e1s. La media de sus seis notas pasa entre 2018 y 2025 de ser la segunda m\u00e1s baja, por delante de Canarias, a ser la m\u00e1s baja de todas. Los encuestados de la comunidad con capital en Sevilla son los que arrojan una peor nota de satisfacci\u00f3n en tres de las seis \u00e1reas: atenci\u00f3n primaria, urgencias 061 y 112 y urgencias en atenci\u00f3n primaria. En otras dos, Andaluc\u00eda es pen\u00faltima y antepen\u00faltima. En cuatro de las seis, hay un empeoramiento en la posici\u00f3n con respecto al resto de comunidades, un descenso en lo que se podr\u00eda llamar el ranking de satisfacci\u00f3n. <\/p>\n<p class=\"\">\u201cSi en toda Espa\u00f1a pesa el <a href=\"https:\/\/elpais.com\/sociedad\/2025-03-13\/asi-esta-el-sistema-sanitario-cinco-anos-despues-de-la-pandemia-mas-personal-pero-tambien-mas-colapso.html\" rel=\"nofollow noopener\" target=\"_blank\">factor covid<\/a>, en Andaluc\u00eda el fuerte descontento con la atenci\u00f3n primaria, primera toma de contacto con el sistema, provoca un arrastre hacia abajo del prestigio de todo el conjunto\u00bb, se\u00f1ala Joan Carles March, profesor de la Escuela Andaluza de Salud P\u00fablica. \u201cEsto no cae del cielo. C\u00f3mo funciona la atenci\u00f3n primaria <a href=\"https:\/\/elpais.com\/espana\/2025-02-09\/el-sistematico-doble-rasero-de-canal-sur-a-favor-del-pp.html\" target=\"_self\" rel=\"nofollow noopener\" title=\"https:\/\/elpais.com\/espana\/2025-02-09\/el-sistematico-doble-rasero-de-canal-sur-a-favor-del-pp.html\">no es algo que los andaluces vean por televisi\u00f3n<\/a>. Lo viven. No funciona igual en todas partes, pero es frecuente que esa puerta al sistema tenga <a href=\"https:\/\/elpais.com\/espana\/andalucia\/2024-11-12\/los-medicos-andaluces-discrepan-de-moreno-y-senalan-a-la-falta-de-profesionales-como-el-principal-problema-de-los-centros-de-salud.html\" rel=\"nofollow noopener\" target=\"_blank\">problemas para abrirse<\/a>. Eso lo contamina todo\u00bb, a\u00f1ade.<\/p>\n<p class=\"\">En el periodo 2018-2015, el porcentaje de andaluces que piensan que el sistema sanitario funciona \u201cbastante bien\u201d o \u201cbien\u201d en Espa\u00f1a ha bajado del 60,8% al 36,3%, m\u00e1s que en el conjunto del pa\u00eds (70,3% a 53,9%). Algo similar, m\u00e1s atenuado, ocurre al pedir a los encuestados una nota de satisfacci\u00f3n con el sistema sanitario p\u00fablico. La puntuaci\u00f3n en Andaluc\u00eda ha ca\u00eddo del 6,2 al 5,5, con m\u00e1s fuerza que en Espa\u00f1a (6,65 a 6,15). En ambos casos, Andaluc\u00eda era en 2018 la segunda comunidad que presentaba una opini\u00f3n m\u00e1s oscura, por detr\u00e1s de Canarias. Ahora ya es la \u00faltima. <\/p>\n<p class=\"\">\u201cAunque estas dos preguntas son sobre Espa\u00f1a, la respuesta est\u00e1 determinada por la experiencia en cada comunidad, porque es una competencia transferida. As\u00ed que los resultados muestran un descontento no solo m\u00e1s pronunciado en Andaluc\u00eda, sino tambi\u00e9n un empeoramiento m\u00e1s marcado\u201d, explica March. <\/p>\n<p>Tiempos de espera<\/p>\n<p class=\"\">El porcentaje de andaluces que declaran que son atendidos por el m\u00e9dico de familia el mismo d\u00eda que lo piden o al siguiente cae durante la etapa del PP del 46,1% al 12,6%, m\u00e1s que en Espa\u00f1a (47,7% a 21,4%). Si hace siete a\u00f1os hab\u00eda cuatro comunidades en peor posici\u00f3n que Andaluc\u00eda, ahora no hay ninguna. <\/p>\n<p class=\"\">\u00bfY cu\u00e1ntos d\u00edas transcurren desde que se pide la cita hasta el d\u00eda fijado?, pregunta el CIS a los encuestados. La media en Andaluc\u00eda ha pasado desde 2018 de 3,72 a 10,63 d\u00edas, una subida de m\u00e1s del 185%. En ese periodo, en Espa\u00f1a ha pasado de 4,77 a 8,78, lo que supone un alza porcentual 100 puntos inferior a la andaluza. Compar\u00e1ndose con las dem\u00e1s, Andaluc\u00eda ha perdido cinco puestos hasta situarse, otra vez, en \u00faltima posici\u00f3n. <\/p>\n<p class=\"\">Andaluc\u00eda tambi\u00e9n empeora su registro m\u00e1s que el conjunto de Espa\u00f1a en cuanto a las demoras superiores a seis meses en la atenci\u00f3n por el especialista, seg\u00fan las respuestas recabadas por el CIS. Aunque en este apartado sigue mejor que la media, pierde dos puestos en la clasificaci\u00f3n. Todo ello se acaba reflejando cuando se pide a los encuestados que comparen su sistema sanitario auton\u00f3mico con el resto. En 2018, cerca de un 30% de los andaluces ve\u00edan mejores sus servicios sanitarios. En abril de 2025, el CIS pregunta c\u00f3mo ven los servicios que presta, los medios, la organizaci\u00f3n y la financiaci\u00f3n de su sistema sanitario comparados con el resto. Los porcentajes de los andaluces que los ven mejores van del 16,2% (medios) al 6,2% (financiaci\u00f3n), siempre lejos del 29,3% de 2018. <\/p>\n<p>Seguros privados<\/p>\n<p class=\"\">Las pistas del creciente descontento tambi\u00e9n llegan del Centro de Estudios Andaluces (Centra), dependiente de la Junta. En junio de 2019, cuando puso en marcha su bar\u00f3metro, un 7,9% ve\u00eda la sanidad como el primer problema de Andaluc\u00eda, por detr\u00e1s de la pol\u00edtica y el paro. En el \u00faltimo estudio del Centra, con datos de junio de este a\u00f1o, el porcentaje es del 16,1%, ya solo por detr\u00e1s del desempleo, lacra hist\u00f3rica de la comunidad. En ese mismo periodo, siguiendo con el Centra, quienes creen que la sanidad es el primer problema de Espa\u00f1a han pasado del 6,4% al 1,8%. Es decir, bajan mientras quienes piensan que s\u00ed lo es en Andaluc\u00eda se duplican.<\/p>\n<p class=\"\">De vuelta al CIS, aunque ahora al bar\u00f3metro general, la percepci\u00f3n de la salud como uno de los tres problemas que m\u00e1s afectan personalmente a los encuestados tambi\u00e9n ha subido en Andaluc\u00eda (del 15,5% al 27,3%) m\u00e1s que en Espa\u00f1a (del 14,1% al 22,1%). Si en 2018 hab\u00eda cinco comunidades en las que los ciudadanos estaban m\u00e1s preocupados por la sanidad que los andaluces, ahora hay solo dos. <\/p>\n<p class=\"\">No todas son opiniones comparativamente sombr\u00edas. Por ejemplo, la visi\u00f3n de los andaluces sobre la <a href=\"https:\/\/elpais.com\/espana\/andalucia\/2025-09-19\/la-junta-andaluza-presume-de-la-reduccion-de-las-listas-de-espera-pero-los-profesionales-advierten-los-tiempos-siguen-siendo-altos.html\" rel=\"nofollow noopener\" target=\"_blank\">evoluci\u00f3n de las listas de espera<\/a> es, vista en conjunto, algo mejor que la que tiene el total de los espa\u00f1oles. No obstante, con los datos por delante, Joan Carles March ve en Andaluc\u00eda un estado de opini\u00f3n \u201cparticularmente negativo dentro de una t\u00f3nica general ya de por s\u00ed negativa\u201d. Y advierte sobre un c\u00edrculo vicioso: \u201cEl deterioro alto de la visi\u00f3n sobre la atenci\u00f3n primaria y la atenci\u00f3n del especialista hospitalario, muy vinculada a la obtenci\u00f3n de un diagn\u00f3stico, supone un fuerte incentivo para la fuga hacia la sanidad privada, lo que a su vez provoca una falta de compromiso con el sistema p\u00fablico que acaba incidiendo negativamente en el mismo\u201d. A March le preocupa que la <a href=\"https:\/\/elpais.com\/sociedad\/2025-10-10\/los-radiologos-advierten-de-que-la-crisis-de-los-cribados-en-andalucia-es-estructural-el-cancer-de-mama-es-la-punta-del-iceberg.html\" target=\"_self\" rel=\"nofollow noopener\" title=\"https:\/\/elpais.com\/sociedad\/2025-10-10\/los-radiologos-advierten-de-que-la-crisis-de-los-cribados-en-andalucia-es-estructural-el-cancer-de-mama-es-la-punta-del-iceberg.html\">crisis del cribado<\/a> alimente esta din\u00e1mica. <\/p>\n<p class=\"\">Entre 2018 y 2024, el porcentaje de asegurados privados ha crecido m\u00e1s en Andaluc\u00eda (25,5%) que en el conjunto de Espa\u00f1a (22,91%), con datos de la patronal Unespa. La comunidad ha pasado de ser la s\u00e9ptima con mayor porcentaje de seguros privados sobre el total de la poblaci\u00f3n a ser la quinta. Sin entrar en el caso andaluz, Juan Sim\u00f3, autor de <a href=\"https:\/\/saludineroap.blogspot.com\/\" rel=\"nofollow noopener\" target=\"_blank\">Salud, dinero y atenci\u00f3n primaria<\/a>, afirma que hay vinculaci\u00f3n entre el deterioro de la confianza en un sistema sanitario y el auge del aseguramiento privado. Y se\u00f1ala que dicho auge favorece una menor inclinaci\u00f3n a \u201cprotestar por el deterioro\u201d del sistema p\u00fablico. <\/p>\n<p class=\"\">La consultora pol\u00edtica Daniela S. Valencia cree el hecho de que en Andaluc\u00eda \u201csea vox populi que el sistema de salud tiene problemas serios\u201d es uno de los tres factores que condicionan ahora negativamente las posibilidades de la Junta de lidiar con la crisis de los cribados. Los otros dos son que Moreno lleg\u00f3 al poder \u201chaciendo bandera de arreglar la sanidad\u201d y que, m\u00e1s de seis a\u00f1os y medio despu\u00e9s, ya no vale el \u201ccomod\u00edn de la herencia recibida\u201d. A eso se suma, a\u00f1ade la directora de la consultora <a href=\"https:\/\/vibrantecomunicacion.com\/\" rel=\"nofollow noopener\" target=\"_blank\">Vibrante<\/a>, que el Gobierno andaluz ha cometido \u201cerrores graves\u201d durante la crisis, como \u201cmostrar falta de empat\u00eda por parte de la ya exconsejera, transmitir sensaci\u00f3n de descontrol por parte de Moreno y solo exhibir firmeza como reacci\u00f3n a las afectadas\u201d.<\/p>\n","protected":false},"excerpt":{"rendered":"Antes de las elecciones andaluzas de diciembre de 2018, casi nadie cre\u00eda que el PSOE fuera a perder&hellip;\n","protected":false},"author":2,"featured_media":171089,"comment_status":"","ping_status":"","sticky":false,"template":"","format":"standard","meta":{"footnotes":""},"categories":[8],"tags":[259,17,18,25,24,13,14,11,26166,19,20,9,10,15,16,956,166,1811,26164,23,12,21,22],"class_list":{"0":"post-171088","1":"post","2":"type-post","3":"status-publish","4":"format-standard","5":"has-post-thumbnail","7":"category-espana","8":"tag-andalucia","9":"tag-breaking-news","10":"tag-breakingnews","11":"tag-es","12":"tag-espana","13":"tag-featured-news","14":"tag-featurednews","15":"tag-headlines","16":"tag-juan-manuel-moreno","17":"tag-latest-news","18":"tag-latestnews","19":"tag-news","20":"tag-noticias","21":"tag-noticias-destacadas","22":"tag-noticiasdestacadas","23":"tag-pp","24":"tag-salud","25":"tag-sanidad","26":"tag-sanidad-privada","27":"tag-spain","28":"tag-titulares","29":"tag-ultimas-noticias","30":"tag-ultimasnoticias"},"share_on_mastodon":{"url":"","error":""},"_links":{"self":[{"href":"https:\/\/www.europesays.com\/es\/wp-json\/wp\/v2\/posts\/171088","targetHints":{"allow":["GET"]}}],"collection":[{"href":"https:\/\/www.europesays.com\/es\/wp-json\/wp\/v2\/posts"}],"about":[{"href":"https:\/\/www.europesays.com\/es\/wp-json\/wp\/v2\/types\/post"}],"author":[{"embeddable":true,"href":"https:\/\/www.europesays.com\/es\/wp-json\/wp\/v2\/users\/2"}],"replies":[{"embeddable":true,"href":"https:\/\/www.europesays.com\/es\/wp-json\/wp\/v2\/comments?post=171088"}],"version-history":[{"count":0,"href":"https:\/\/www.europesays.com\/es\/wp-json\/wp\/v2\/posts\/171088\/revisions"}],"wp:featuredmedia":[{"embeddable":true,"href":"https:\/\/www.europesays.com\/es\/wp-json\/wp\/v2\/media\/171089"}],"wp:attachment":[{"href":"https:\/\/www.europesays.com\/es\/wp-json\/wp\/v2\/media?parent=171088"}],"wp:term":[{"taxonomy":"category","embeddable":true,"href":"https:\/\/www.europesays.com\/es\/wp-json\/wp\/v2\/categories?post=171088"},{"taxonomy":"post_tag","embeddable":true,"href":"https:\/\/www.europesays.com\/es\/wp-json\/wp\/v2\/tags?post=171088"}],"curies":[{"name":"wp","href":"https:\/\/api.w.org\/{rel}","templated":true}]}}