{"id":171092,"date":"2025-10-12T05:45:10","date_gmt":"2025-10-12T05:45:10","guid":{"rendered":"https:\/\/www.europesays.com\/es\/171092\/"},"modified":"2025-10-12T05:45:10","modified_gmt":"2025-10-12T05:45:10","slug":"golpe-en-la-mesa-en-telde-21-25-costa-del-sol-malaga","status":"publish","type":"post","link":"https:\/\/www.europesays.com\/es\/171092\/","title":{"rendered":"Golpe en la mesa en Telde (21-25) \u2013 Costa del Sol M\u00e1laga"},"content":{"rendered":"<p><strong>Victoria contundente del Costa del Sol M\u00e1laga ante el Rocasa Gran Canaria en el Antonio Moreno en un partido que domina de principio a fin<\/strong><\/p>\n<p>Golpe en la mesa del Costa del Sol M\u00e1laga en Telde para colocarse segundo de la Liga Guerreras Iberdrola y culminar una semana sobresaliente. Pleno de victorias para refrendar el crecimiento de estas semanas, tanto en la pista como en lo an\u00edmico. Las panteras se mostraron autoritarias en el Antonio Moreno, donde dominaron al Rocasa Gran Canaria de principio a fin. Triunfo contundente y solvente (21-25) para marcharse al par\u00f3n internacional en el mejor momento de este inicio de temporada. <\/p>\n<p>Las malague\u00f1as sal\u00edan dominando a un escenario complicado y candente. En un pesta\u00f1eo abr\u00edan la tijera y avanzaban con un ligero colch\u00f3n (1-3, 2-4). Ya se hac\u00eda notar bajo palos Alice Fernandes, que devolv\u00eda la confianza del banquillo con varias intervenciones de inicio. Acabar\u00eda con nueve en la primera mitad, siendo uno de los factores decisivos en ese tramo. Isa Medeiros le cog\u00eda el testigo a Joana Resende y ampliaba desde la l\u00ednea de siete metros (4-8). Hab\u00eda una gran puesta en escena tambi\u00e9n atr\u00e1s. Lo ten\u00eda que parar Carlos Herrera en el minuto 15. Tocaba la tecla y comenzaba a aparecer Silvia Navarro, que cerraba su porter\u00eda y por ah\u00ed conten\u00edan las locales. Varias intervenciones no permit\u00eda hacer el break a las malague\u00f1as, ahora con Pi\u00f1eira encontrando el camino hacia el gol. Al descanso, un corto 9-11. <\/p>\n<p>Tras el paso por vestuarios el equipo de Suso Gallardo fue un cicl\u00f3n. En cuatro minutos se pasaba del 9-11 al 9-15, en una se\u00f1al inequ\u00edvoca de que quer\u00edan acabar pronto con el choque. Resende ejerc\u00eda de l\u00edder, dirigiendo y finalizando, y Fernandes se agigantaba en su \u00e1rea. Lo paraban las canarias, que volv\u00edan a pedir tiempo muerto antes del 50. Para entonces el marcador luc\u00eda un duro 13-20 que mostraba la superioridad de las malague\u00f1as. Siete tantos fue la m\u00e1xima, sobre la que se fue fortific\u00f3 la victoria. <\/p>\n<p>El Rocasa Gran Canaria no se rindi\u00f3 y empuj\u00f3 hasta el final, pero Isa Medeiros lo cerraba desde los siete metros, donde estuvo brillante. Dos puntos de mucho m\u00e9rito para ponerle la guinda a dos semanas de nota alt\u00edsima, sobre las que continuar construyendo. Pase a la tercera ronda de la EHF European Cup y triunfos sobre dos rivales potentes para colocarse segundas de la Liga Guerreras Iberdrola (con un partido m\u00e1s que el Mecalia Atl\u00e9tico Guard\u00e9s, tercero ahora). Merecido descanso internacional para el Costa del Sol M\u00e1laga. <\/p>\n","protected":false},"excerpt":{"rendered":"Victoria contundente del Costa del Sol M\u00e1laga ante el Rocasa Gran Canaria en el Antonio Moreno en un&hellip;\n","protected":false},"author":2,"featured_media":171093,"comment_status":"","ping_status":"","sticky":false,"template":"","format":"standard","meta":{"footnotes":""},"categories":[278],"tags":[376,168,25,24,375,23,167],"class_list":{"0":"post-171092","1":"post","2":"type-post","3":"status-publish","4":"format-standard","5":"has-post-thumbnail","7":"category-balonmano","8":"tag-balonmano","9":"tag-deportes","10":"tag-es","11":"tag-espana","12":"tag-handball","13":"tag-spain","14":"tag-sports"},"share_on_mastodon":{"url":"","error":""},"_links":{"self":[{"href":"https:\/\/www.europesays.com\/es\/wp-json\/wp\/v2\/posts\/171092","targetHints":{"allow":["GET"]}}],"collection":[{"href":"https:\/\/www.europesays.com\/es\/wp-json\/wp\/v2\/posts"}],"about":[{"href":"https:\/\/www.europesays.com\/es\/wp-json\/wp\/v2\/types\/post"}],"author":[{"embeddable":true,"href":"https:\/\/www.europesays.com\/es\/wp-json\/wp\/v2\/users\/2"}],"replies":[{"embeddable":true,"href":"https:\/\/www.europesays.com\/es\/wp-json\/wp\/v2\/comments?post=171092"}],"version-history":[{"count":0,"href":"https:\/\/www.europesays.com\/es\/wp-json\/wp\/v2\/posts\/171092\/revisions"}],"wp:featuredmedia":[{"embeddable":true,"href":"https:\/\/www.europesays.com\/es\/wp-json\/wp\/v2\/media\/171093"}],"wp:attachment":[{"href":"https:\/\/www.europesays.com\/es\/wp-json\/wp\/v2\/media?parent=171092"}],"wp:term":[{"taxonomy":"category","embeddable":true,"href":"https:\/\/www.europesays.com\/es\/wp-json\/wp\/v2\/categories?post=171092"},{"taxonomy":"post_tag","embeddable":true,"href":"https:\/\/www.europesays.com\/es\/wp-json\/wp\/v2\/tags?post=171092"}],"curies":[{"name":"wp","href":"https:\/\/api.w.org\/{rel}","templated":true}]}}