{"id":171094,"date":"2025-10-12T05:46:12","date_gmt":"2025-10-12T05:46:12","guid":{"rendered":"https:\/\/www.europesays.com\/es\/171094\/"},"modified":"2025-10-12T05:46:12","modified_gmt":"2025-10-12T05:46:12","slug":"quien-torea-hoy-domingo-12-de-octubre-en-las-fiestas-del-pilar-2025-en-zaragoza-este-es-el-cartel-completo","status":"publish","type":"post","link":"https:\/\/www.europesays.com\/es\/171094\/","title":{"rendered":"\u00bfQui\u00e9n torea hoy, domingo 12 de octubre, en las Fiestas del Pilar 2025 en Zaragoza? Este es el cartel completo"},"content":{"rendered":"\n<p> <strong>\u200b<\/strong>La plaza de toros de La Misericordia acoge hoy, domingo 12 de octubre, una destacada corrida dentro del abono pilarista. A partir de las 17:30 horas se lidiar\u00e1n toros de la ganader\u00eda <strong>Pincha<\/strong> para tres toreros de distintas trayectorias que llegan a Zaragoza en momentos muy diferentes de su carrera: <strong>Alberto \u00c1lvarez<\/strong>, <strong>Rom\u00e1n<\/strong> y <strong>Jos\u00e9 Fernando Molina<\/strong>. <\/p>\n<p> <strong>Alberto \u00c1lvarez<\/strong>, natural de Ejea de los Caballeros (Zaragoza), vuelve a presentarse ante el p\u00fablico zaragozano tras su participaci\u00f3n en la corrida de agosto en su localidad natal, donde comparti\u00f3 cartel con David Galv\u00e1n y Trist\u00e1n Barroso frente a toros de Lagunajanda.<strong> Torero de corte cl\u00e1sico y s\u00f3lida experiencia<\/strong>, afronta esta tarde con la responsabilidad de representar de nuevo a Arag\u00f3n en el d\u00eda grande de sus fiestas. <\/p>\n<p>              <img decoding=\"async\" class=\"inTextNews__img\" alt=\"Foto: fiesta-taurina-pilar-2025-zaragoza-cartel-1qrt-1tna\" src=\"https:\/\/www.europesays.com\/es\/wp-content\/uploads\/2025\/10\/f.elconfidencial.com\/original\/4d7\/923\/1b2\/4d79231b20ab0a555b08e2d8cc453bd0.jpg\"  \/>     <\/p>\n<p>TE PUEDE INTERESAR<\/p>\n<p>      <a class=\"inTextNews__title\" href=\"https:\/\/www.elconfidencial.com\/espana\/aragon\/2025-10-02\/fiesta-taurina-pilar-2025-zaragoza-cartel-1qrt-1tna_4220114\/\" onclick=\"window.ECCO.emit(&#039;amplitude&#039;, { dataEventName: &#039;click_related_article_module&#039;, data: { related_article_url: &#039;https:\/\/www.elconfidencial.com\/espana\/aragon\/2025-10-02\/fiesta-taurina-pilar-2025-zaragoza-cartel-1qrt-1tna_4220114\/&#039;, related_article_author: &#039;Roberto Ruiz&#039;, related_article_section: &#039;aragon&#039; } })\" rel=\"nofollow noopener\" target=\"_blank\"> Programa completo de toros por las Fiestas del Pilar 2025: cartel de cada d\u00eda, horario de las corridas y toreros <\/a>   <\/p>\n<p>    El Confidencial   <\/p>\n<p> <strong>Rom\u00e1n<\/strong>, por su parte, llega tras una temporada muy completa en la que ha demostrado madurez y capacidad de superaci\u00f3n. En la <strong>Feria de Fallas 2025<\/strong> obtuvo la <strong>Puerta Grande<\/strong> con una exigente corrida de <strong>La Quinta<\/strong>, en la que se vio obligado a lidiar cinco toros por la cogida de su compa\u00f1ero Borja Jim\u00e9nez. Esa gesta lo reafirm\u00f3 como uno de los nombres m\u00e1s firmes del escalaf\u00f3n actual, valorado por su entrega y autenticidad. <\/p>\n<p>            Toros en el D\u00eda del Pilar           <\/p>\n<p> Completa el cartel <strong>Jos\u00e9 Fernando Molina<\/strong>, joven albacete\u00f1o que contin\u00faa consolid\u00e1ndose como una de las grandes promesas del toreo. En los \u00faltimos meses ha dejado actuaciones destacadas en plazas como <strong>Las Ventas<\/strong>, donde reapareci\u00f3 con coraje tras una cornada, y en <strong>Saint-Vincent de Tyrosse<\/strong>, donde cort\u00f3 dos orejas y demostr\u00f3 car\u00e1cter y ambici\u00f3n. <\/p>\n<p>              <img decoding=\"async\" class=\"inTextNews__img\" alt=\"Foto: supermercados-zaragoza-horarios-13-octubre-1qrt-1tna\" src=\"https:\/\/www.europesays.com\/es\/wp-content\/uploads\/2025\/10\/f.elconfidencial.com\/original\/511\/f19\/8f5\/511f198f59ef23b5a6cfd1a6692456ba.jpg\"  \/>     <\/p>\n<p>TE PUEDE INTERESAR<\/p>\n<p>      <a class=\"inTextNews__title\" href=\"https:\/\/www.elconfidencial.com\/espana\/aragon\/2025-10-11\/supermercados-zaragoza-horarios-13-octubre-1qrt-1tna_4224848\/\" onclick=\"window.ECCO.emit(&#039;amplitude&#039;, { dataEventName: &#039;click_related_article_module&#039;, data: { related_article_url: &#039;https:\/\/www.elconfidencial.com\/espana\/aragon\/2025-10-11\/supermercados-zaragoza-horarios-13-octubre-1qrt-1tna_4224848\/&#039;, related_article_author: &#039;Roberto Ruiz&#039;, related_article_section: &#039;aragon&#039; } })\" rel=\"nofollow noopener\" target=\"_blank\"> Horario de Mercadona, Lidl, Carrefour&#8230; Qu\u00e9 supermercados abren el lunes 13 octubre en Zaragoza, festivo por el Pilar <\/a>   <\/p>\n<p>    El Confidencial   <\/p>\n<p> Las entradas para esta corrida pueden adquirirse a trav\u00e9s de <a href=\"https:\/\/bacantix.com\/Entradas\/WebForms\/Forms\/Venta.aspx?id=plzaragoza&amp;codigo=020523001000054000087\" target=\"_blank\" rel=\"nofollow noopener\">la plataforma oficial Bacantix<\/a>, con precios que van desde los <strong>15 euros m\u00e1s gastos de gesti\u00f3n en andanada<\/strong> hasta los <strong>125 euros m\u00e1s gastos de gesti\u00f3n en las localidades de mayor visibilidad de tendido<\/strong>. <\/p>\n<p> <strong>\u200b<\/strong>La plaza de toros de La Misericordia acoge hoy, domingo 12 de octubre, una destacada corrida dentro del abono pilarista. A partir de las 17:30 horas se lidiar\u00e1n toros de la ganader\u00eda <strong>Pincha<\/strong> para tres toreros de distintas trayectorias que llegan a Zaragoza en momentos muy diferentes de su carrera: <strong>Alberto \u00c1lvarez<\/strong>, <strong>Rom\u00e1n<\/strong> y <strong>Jos\u00e9 Fernando Molina<\/strong>. <\/p>\n","protected":false},"excerpt":{"rendered":"\u200bLa plaza de toros de La Misericordia acoge hoy, domingo 12 de octubre, una destacada corrida dentro del&hellip;\n","protected":false},"author":2,"featured_media":171095,"comment_status":"","ping_status":"","sticky":false,"template":"","format":"standard","meta":{"footnotes":""},"categories":[277],"tags":[373,168,25,24,23,167,374],"class_list":{"0":"post-171094","1":"post","2":"type-post","3":"status-publish","4":"format-standard","5":"has-post-thumbnail","7":"category-toreo","8":"tag-bullfighting","9":"tag-deportes","10":"tag-es","11":"tag-espana","12":"tag-spain","13":"tag-sports","14":"tag-toreo"},"share_on_mastodon":{"url":"","error":""},"_links":{"self":[{"href":"https:\/\/www.europesays.com\/es\/wp-json\/wp\/v2\/posts\/171094","targetHints":{"allow":["GET"]}}],"collection":[{"href":"https:\/\/www.europesays.com\/es\/wp-json\/wp\/v2\/posts"}],"about":[{"href":"https:\/\/www.europesays.com\/es\/wp-json\/wp\/v2\/types\/post"}],"author":[{"embeddable":true,"href":"https:\/\/www.europesays.com\/es\/wp-json\/wp\/v2\/users\/2"}],"replies":[{"embeddable":true,"href":"https:\/\/www.europesays.com\/es\/wp-json\/wp\/v2\/comments?post=171094"}],"version-history":[{"count":0,"href":"https:\/\/www.europesays.com\/es\/wp-json\/wp\/v2\/posts\/171094\/revisions"}],"wp:featuredmedia":[{"embeddable":true,"href":"https:\/\/www.europesays.com\/es\/wp-json\/wp\/v2\/media\/171095"}],"wp:attachment":[{"href":"https:\/\/www.europesays.com\/es\/wp-json\/wp\/v2\/media?parent=171094"}],"wp:term":[{"taxonomy":"category","embeddable":true,"href":"https:\/\/www.europesays.com\/es\/wp-json\/wp\/v2\/categories?post=171094"},{"taxonomy":"post_tag","embeddable":true,"href":"https:\/\/www.europesays.com\/es\/wp-json\/wp\/v2\/tags?post=171094"}],"curies":[{"name":"wp","href":"https:\/\/api.w.org\/{rel}","templated":true}]}}