{"id":171101,"date":"2025-10-12T05:54:13","date_gmt":"2025-10-12T05:54:13","guid":{"rendered":"https:\/\/www.europesays.com\/es\/171101\/"},"modified":"2025-10-12T05:54:13","modified_gmt":"2025-10-12T05:54:13","slug":"patricia-llosa-entre-los-invitados-a-la-boda","status":"publish","type":"post","link":"https:\/\/www.europesays.com\/es\/171101\/","title":{"rendered":"Patricia Llosa, entre los invitados a la boda"},"content":{"rendered":"<p class=\"paragraph\" id=\"paragraph_1\">El centro hist\u00f3rico de <strong>C\u00e1ceres<\/strong> ha acogido este <strong>s\u00e1bado, 11 de octubre<\/strong>, uno de los enlaces m\u00e1s destacados del oto\u00f1o. <strong>Fernando Palazuelo<\/strong>, hermano de <strong>Sof\u00eda Palazuelo<\/strong> (33), se ha casado con la actriz peruana <strong>Micaela Belmont<\/strong> (31).<\/p>\n<p class=\"paragraph\" id=\"paragraph_2\">La celebraci\u00f3n ha reunido a algunos miembros de la aristocracia espa\u00f1ola, como los<strong> duques de Hu\u00e9scar<\/strong>, y a destacadas personalidades de la alta sociedad peruana, como <a href=\"https:\/\/www.elespanol.com\/corazon\/celebrities\/20250829\/patricia-exmujer-mario-vargas-llosa-fotografiada-primer-verano-sin-escritor-gran-apoyo-hijo-alvaro\/1003743904155_0.html?utm_cmp_rs=linksinline\" rel=\"nofollow noopener\" target=\"_blank\">la exmujer de <strong>Mario Vargas Llosa<\/strong>, <strong>Patricia Llosa<\/strong> (80).<\/a><\/p>\n<p class=\"paragraph\" id=\"paragraph_3\">La <strong>ceremonia religiosa<\/strong> ha dado comienzo a las 14:00 horas en la <strong>parroquia de<\/strong> <strong>Santiago<\/strong>, uno de los templos m\u00e1s antiguos de la ciudad, cuyos or\u00edgenes se remontan al siglo XII. En \u00e9l se ha podido ver a la novia, muy elegante, enfundada en <strong>un espectacular vestido con tiras inspirado en los trenzados tradicionales de su pa\u00eds natal<\/strong>, acompa\u00f1ado por un ramo de calas blancas. <\/p>\n<p><img loading=\"lazy\" decoding=\"async\" alt=\"Fernando, hermano mayor de Sof\u00eda Palazuelo, se casa el pr\u00f3ximo 11 de octubre en el palacio de Godoy, en C\u00e1ceres.\" height=\"180\" src=\"https:\/\/www.europesays.com\/es\/wp-content\/uploads\/2025\/10\/1003743878652_257846995_320x180.jpg\" width=\"320\" data-lazy-status=\"processed\" data-lazy-info=\"remove loading item 1\"\/><\/p>\n<p><img decoding=\"async\" alt=\"Micaela Belmont, a su entrada a la iglesia de Santiago, en C\u00e1ceres, donde ha tenido lugar el enlace.\" data-imgm=\"true\" height=\"854\" loading=\"lazy\"  src=\"https:\/\/www.europesays.com\/es\/wp-content\/uploads\/2025\/10\/1003743965378_259311933_1280x1706.jpg\"  width=\"640\"\/><\/p>\n<p>                                                            Micaela Belmont, a su entrada a la iglesia de Santiago, en C\u00e1ceres, donde ha tenido lugar el enlace.<\/p>\n<p>                    GTRES<\/p>\n<p>Micaela, arropada por su hermano<\/p>\n<p class=\"paragraph\" id=\"paragraph_4\">Micaela, sonriente y visiblemente feliz, ha entrado en la iglesia del brazo de su hermano, <strong>Rafael Belmont \u00c1lvarez-Calder\u00f3n.<\/strong><\/p>\n<p class=\"paragraph\" id=\"paragraph_5\">En ausencia del padre de ambos, el empresario <strong>Rafael Belmont<\/strong>, que fue gerente de la importadora peruana <strong>Perufarma<\/strong>, fallecido hace casi seis a\u00f1os, el arquitecto ha hecho los honores de padrino y ha accedido con la actriz al interior del edificio.<\/p>\n<p class=\"paragraph\" id=\"paragraph_6\">Entre los<strong> 250 invitados<\/strong>, ha destacado la presencia de Sof\u00eda Palazuelo, junto a su marido, el<strong> duque de Hu\u00e9scar<\/strong>, <strong>Fernando Fitz-James Stuart<\/strong> (34).<\/p>\n<p><img decoding=\"async\" alt=\"Los duques de Hu\u00e9scar, en la boda de Fernando Palazuelo y Micaela Belmont.\" data-imgm=\"true\" height=\"240\" loading=\"lazy\"  src=\"https:\/\/www.europesays.com\/es\/wp-content\/uploads\/2025\/10\/1003743965384_259312042_854x640.jpg\"  width=\"320\"\/><\/p>\n<p>                                                            Los duques de Hu\u00e9scar, en la boda de Fernando Palazuelo y Micaela Belmont.<\/p>\n<p>                    GTRES<\/p>\n<p>Los duques de Hu\u00e9scar, muy elegantes<\/p>\n<p class=\"paragraph\" id=\"paragraph_7\">Ambos han acaparado todas las miradas nada m\u00e1s llegar. Cl\u00e1sicos y elegantes, han sido los asistentes m\u00e1s sofisticados de la cita.<\/p>\n<p class=\"paragraph\" id=\"paragraph_8\">Cabe recordar que la pareja <a href=\"https:\/\/www.elespanol.com\/corazon\/famosos\/20250916\/fernando-fitz-james-sofia-palazuelo-convierten-padres-tercer-hijo-primer-varon\/1003743927031_0.html?utm_cmp_rs=linksinline\" rel=\"nofollow noopener\" target=\"_blank\">dio la bienvenida a su tercer hijo en com\u00fan, su primer var\u00f3n<\/a>, al que han llamado Fernando -al igual que su padre, el pasado 10 de septiembre.<\/p>\n<p class=\"paragraph\" id=\"paragraph_9\">Tambi\u00e9n se ha dejado ver buena parte de la familia<strong> Palazuelo-Barroso<\/strong>, as\u00ed como un nutrido grupo de amigos del matrimonio llegados desde Per\u00fa, entre ellos empresarios, artistas y amigos de la novia y su familia.<\/p>\n<p><img decoding=\"async\" alt=\"Piru Urqujo, Trist\u00e1n Ram\u00edrez y Patricia Llosa han sido algunos de los 250 invitados que han asistido a la boda.\" data-imgm=\"true\" height=\"180\" loading=\"lazy\"  src=\"https:\/\/www.europesays.com\/es\/wp-content\/uploads\/2025\/10\/1003743965409_259312394_1024x576.jpg\"  width=\"320\"\/><\/p>\n<p>                                                            Piru Urqujo, Trist\u00e1n Ram\u00edrez y Patricia Llosa han sido algunos de los 250 invitados que han asistido a la boda.<\/p>\n<p>                    Europa Press<\/p>\n<p>La viuda de Vargas Llosa, invitada<\/p>\n<p class=\"paragraph\" id=\"paragraph_10\">Tambi\u00e9n han estado presentes en la ceremonia<strong> \u00c1gatha Ruiz de la Prada<\/strong> (65) junto a su hijo <strong>Trist\u00e1n Ram\u00edrez<\/strong> (38).<\/p>\n<p class=\"paragraph\" id=\"paragraph_11\">Asimismo, <strong>Piru Urquijo<\/strong>, abuela de <strong>Teresa Urquijo y Moreno<\/strong>, mujer de<strong> Jos\u00e9 Luis Mart\u00ednez-Almeida<\/strong>; adem\u00e1s de miembros del Ejecutivo local, como el concejal de Servicios P\u00fablicos<strong>, Pedro Muriel,<\/strong> no han querido perderse esta cita.<\/p>\n<p><img decoding=\"async\" alt=\"Fernando Palazuelo y Micaela Belmont se han convertido este s\u00e1bado, 11 de octubre, en marido y mujer.\" data-imgm=\"true\" height=\"1152\" loading=\"lazy\"  src=\"https:\/\/www.europesays.com\/es\/wp-content\/uploads\/2025\/10\/1003743965404_259312351_960x1706.jpg\"  width=\"648\"\/><\/p>\n<p>                                                            Fernando Palazuelo y Micaela Belmont se han convertido este s\u00e1bado, 11 de octubre, en marido y mujer.<\/p>\n<p>                    GTRES<\/p>\n<p>Banquete en el palacio de Godoy<\/p>\n<p class=\"paragraph\" id=\"paragraph_12\">Tras la ceremonia, los reci\u00e9n casados y sus invitados se han trasladado al imponente <strong>Palacio de Godoy,<\/strong> un edificio renacentista del <strong>siglo XVI reconvertido en hotel de lujo<\/strong> que opera la cadena<strong> Hilton. <\/strong>All\u00ed est\u00e1 previsto que tenga lugar la celebraci\u00f3n con un banquete de inspiraci\u00f3n mediterr\u00e1nea y gui\u00f1os a la cultura peruana.<\/p>\n<p class=\"paragraph\" id=\"paragraph_13\">Hace apenas unos d\u00edas, <strong data-end=\"54\" data-start=\"32\">Fernando Palazuelo <\/strong>y su prometida organizaron una exclusiva <strong data-end=\"162\" data-start=\"144\">fiesta preboda<\/strong> en <strong data-end=\"176\" data-start=\"166\">Toledo<\/strong>, ciudad que guarda una estrecha relaci\u00f3n con la historia familiar del novio.<\/p>\n<p class=\"paragraph\" id=\"paragraph_14\">El escenario elegido no pudo ser m\u00e1s simb\u00f3lico: el <strong data-end=\"327\" data-start=\"305\">Palacio de Galiana<\/strong>, una joya arquitect\u00f3nica situada a orillas del r\u00edo <strong data-end=\"387\" data-start=\"379\">Tajo<\/strong>, vinculada desde hace generaciones a la familia <strong data-end=\"447\" data-start=\"436\">Barroso<\/strong>, por l\u00ednea materna de Fernando, y que actualmente gestiona su hermana Sof\u00eda.<\/p>\n<p class=\"paragraph\" data-end=\"686\" data-is-last-node=\"\" data-is-only-node=\"\" data-start=\"483\" id=\"paragraph_15\">Los reci\u00e9n desposados, que viven a caballo entre <strong data-end=\"537\" data-start=\"520\">Espa\u00f1a y Per\u00fa<\/strong>, quisieron reunir a familiares y amigos m\u00e1s cercanos en un almuerzo \u00edntimo y elegante, marcado por la emoci\u00f3n previa al gran d\u00eda.<\/p>\n","protected":false},"excerpt":{"rendered":"El centro hist\u00f3rico de C\u00e1ceres ha acogido este s\u00e1bado, 11 de octubre, uno de los enlaces m\u00e1s destacados&hellip;\n","protected":false},"author":2,"featured_media":171102,"comment_status":"","ping_status":"","sticky":false,"template":"","format":"standard","meta":{"footnotes":""},"categories":[174],"tags":[23288,255,146,147,25,24,256,46897,991,18759,23],"class_list":{"0":"post-171101","1":"post","2":"type-post","3":"status-publish","4":"format-standard","5":"has-post-thumbnail","7":"category-famosos","8":"tag-casa-de-alba","9":"tag-celebrities","10":"tag-entertainment","11":"tag-entretenimiento","12":"tag-es","13":"tag-espana","14":"tag-famosos","15":"tag-fernando-juan-fitz-james-stuart-y-solis","16":"tag-mario-vargas-llosa","17":"tag-sofia-palazuelo","18":"tag-spain"},"share_on_mastodon":{"url":"","error":""},"_links":{"self":[{"href":"https:\/\/www.europesays.com\/es\/wp-json\/wp\/v2\/posts\/171101","targetHints":{"allow":["GET"]}}],"collection":[{"href":"https:\/\/www.europesays.com\/es\/wp-json\/wp\/v2\/posts"}],"about":[{"href":"https:\/\/www.europesays.com\/es\/wp-json\/wp\/v2\/types\/post"}],"author":[{"embeddable":true,"href":"https:\/\/www.europesays.com\/es\/wp-json\/wp\/v2\/users\/2"}],"replies":[{"embeddable":true,"href":"https:\/\/www.europesays.com\/es\/wp-json\/wp\/v2\/comments?post=171101"}],"version-history":[{"count":0,"href":"https:\/\/www.europesays.com\/es\/wp-json\/wp\/v2\/posts\/171101\/revisions"}],"wp:featuredmedia":[{"embeddable":true,"href":"https:\/\/www.europesays.com\/es\/wp-json\/wp\/v2\/media\/171102"}],"wp:attachment":[{"href":"https:\/\/www.europesays.com\/es\/wp-json\/wp\/v2\/media?parent=171101"}],"wp:term":[{"taxonomy":"category","embeddable":true,"href":"https:\/\/www.europesays.com\/es\/wp-json\/wp\/v2\/categories?post=171101"},{"taxonomy":"post_tag","embeddable":true,"href":"https:\/\/www.europesays.com\/es\/wp-json\/wp\/v2\/tags?post=171101"}],"curies":[{"name":"wp","href":"https:\/\/api.w.org\/{rel}","templated":true}]}}