{"id":171123,"date":"2025-10-12T06:08:12","date_gmt":"2025-10-12T06:08:12","guid":{"rendered":"https:\/\/www.europesays.com\/es\/171123\/"},"modified":"2025-10-12T06:08:12","modified_gmt":"2025-10-12T06:08:12","slug":"el-bmc-de-algeciras-no-sufre-para-ganar-en-herencia-24-33","status":"publish","type":"post","link":"https:\/\/www.europesays.com\/es\/171123\/","title":{"rendered":"El BMC de Algeciras no sufre para ganar en Herencia (24-33)"},"content":{"rendered":"<p><strong>FICHA T\u00c9CNICA:\u00a0<\/strong><\/p>\n<p><strong>BALONMANO HERENCIA (24)<\/strong>: Fran Fern\u00e1ndez (3), Javi Ca\u00f1as, Dani L\u00f3pez (2), Marius Ionut (1), Pedro G\u00f3mez-Calcerrada (1), Manu Romero, Guille Tendero (2), Pablo D\u00edaz, Ra\u00fal Madalin, Carlos V\u00e9lez (3), Diego Gallego, Javi Gal\u00e1n (3), Rafa Moya (9) y \u00c1lvaro Nieto.<\/p>\n<p><strong>BALONMANO CIUDAD DE ALGECIRAS (33)<\/strong>: Amando Garc\u00eda, Gonzalo Cervera (4), Marcos Salas (2), Sebas Restrepo (8), Ronaldo Carrasco (4), Jos\u00e9 S\u00e1nchez (2), \u00c1lvaro G\u00f3mez, Jaime S\u00e1nchez (1), Samu Ferrero (1), Hamsa Abderrahaman (2), Pablo Mart\u00edn, Dani Hern\u00e1ndez (1), Pablo Medina (4), Alberto Sanz (2), Pedro Jaime y Aitor Barrera (2).<\/p>\n<p><strong>\u00c1RBITROS<\/strong>: Bou Arjona y Mart\u00ednez P\u00e9rez. Excluyeron con dos minutos por parte local a Fran Fern\u00e1ndez (53\u2019) y Javi Gal\u00e1n (15\u2019) y por parte visitante a Amando Garc\u00eda (39\u2019), Jos\u00e9 S\u00e1nchez (54\u2019) y Alberto Sanz (41\u2019).<\/p>\n<p><strong>PARCIAL CADA CINCO MINUTOS<\/strong>: 3-4; 7-7; 10-9; 10-14; 11-15; 13-16 \/\/ 14-19; 17-20; 20-25; 20-27; 22-31 y 24-33.<\/p>\n<p><strong>INCIDENCIAS<\/strong>: Partido correspondiente a la quinta jornada del Grupo F de Primera Nacional disputado en el Pabell\u00f3n Villarta de San Juan.<\/p>\n<p><strong>CR\u00d3NICA<\/strong>: El Balonmano Ciudad de Algeciras ha sumado su cuarta victoria de la temporada tras imponerse por 24-33 al BM Herencia en un partido c\u00f3modo para los de I\u00f1aki P\u00e9rez.<\/p>\n<p>Los castellano-manchegos, in\u00e9ditos en triunfos hasta la fecha, salieron fuertes a pista con un intenso inicio que les permiti\u00f3 ponerse por delante (10-9, m.15) pero un aceler\u00f3n en defensa de los visitantes les permiti\u00f3 enganchar tres goles en contra hasta el descanso para irse a vestuarios tres arriba en el electr\u00f3nico (13-16).<\/p>\n<p>En la segunda mitad los algecire\u00f1os romper\u00edan el partido (20-25, m.45) antes de una recta final en la que el equipo manchego baj\u00f3 los brazos frente a la mayor rotaci\u00f3n de un Ciudad de Algeciras que tuvo a Sebas Restrepo con ocho goles como el m\u00e1s destacado.<\/p>\n","protected":false},"excerpt":{"rendered":"FICHA T\u00c9CNICA:\u00a0 BALONMANO HERENCIA (24): Fran Fern\u00e1ndez (3), Javi Ca\u00f1as, Dani L\u00f3pez (2), Marius Ionut (1), Pedro G\u00f3mez-Calcerrada&hellip;\n","protected":false},"author":2,"featured_media":171124,"comment_status":"","ping_status":"","sticky":false,"template":"","format":"standard","meta":{"footnotes":""},"categories":[278],"tags":[376,168,25,24,375,23,167],"class_list":{"0":"post-171123","1":"post","2":"type-post","3":"status-publish","4":"format-standard","5":"has-post-thumbnail","7":"category-balonmano","8":"tag-balonmano","9":"tag-deportes","10":"tag-es","11":"tag-espana","12":"tag-handball","13":"tag-spain","14":"tag-sports"},"share_on_mastodon":{"url":"","error":""},"_links":{"self":[{"href":"https:\/\/www.europesays.com\/es\/wp-json\/wp\/v2\/posts\/171123","targetHints":{"allow":["GET"]}}],"collection":[{"href":"https:\/\/www.europesays.com\/es\/wp-json\/wp\/v2\/posts"}],"about":[{"href":"https:\/\/www.europesays.com\/es\/wp-json\/wp\/v2\/types\/post"}],"author":[{"embeddable":true,"href":"https:\/\/www.europesays.com\/es\/wp-json\/wp\/v2\/users\/2"}],"replies":[{"embeddable":true,"href":"https:\/\/www.europesays.com\/es\/wp-json\/wp\/v2\/comments?post=171123"}],"version-history":[{"count":0,"href":"https:\/\/www.europesays.com\/es\/wp-json\/wp\/v2\/posts\/171123\/revisions"}],"wp:featuredmedia":[{"embeddable":true,"href":"https:\/\/www.europesays.com\/es\/wp-json\/wp\/v2\/media\/171124"}],"wp:attachment":[{"href":"https:\/\/www.europesays.com\/es\/wp-json\/wp\/v2\/media?parent=171123"}],"wp:term":[{"taxonomy":"category","embeddable":true,"href":"https:\/\/www.europesays.com\/es\/wp-json\/wp\/v2\/categories?post=171123"},{"taxonomy":"post_tag","embeddable":true,"href":"https:\/\/www.europesays.com\/es\/wp-json\/wp\/v2\/tags?post=171123"}],"curies":[{"name":"wp","href":"https:\/\/api.w.org\/{rel}","templated":true}]}}