{"id":171125,"date":"2025-10-12T06:09:20","date_gmt":"2025-10-12T06:09:20","guid":{"rendered":"https:\/\/www.europesays.com\/es\/171125\/"},"modified":"2025-10-12T06:09:20","modified_gmt":"2025-10-12T06:09:20","slug":"no-esta-foto-no-muestra-el-fin-de-la-carrera-del-torero-alvaro-munera-tras-sentirse-arrepentido-durante-una-corrida-%c2%b7-maldita-es","status":"publish","type":"post","link":"https:\/\/www.europesays.com\/es\/171125\/","title":{"rendered":"No, esta foto no muestra \u00abel fin de la carrera del torero \u00c1lvaro M\u00fanera\u00bb tras sentirse arrepentido durante una corrida \u00b7 Maldita.es"},"content":{"rendered":"<p>\n        Lo que circula<br \/>\n        \u00abUna foto del torero \u00c1lvaro M\u00fanera arrepentido durante una corrida muestra su fin de la carrera\u00bb\n    <\/p>\n<p>\n            Esta foto marca el fin de la carrera del torero Alvaro Munera quien dijo \u00abde pronto mire al toro. Ten\u00eda esa mirada inocente pidi\u00e9ndome justicia. Sent\u00ed una plegaria por la vida. Me sent\u00ed como mierda por todo el dolor que he producido a estos nobles animales\u00bb.&#13;<br \/>\n&#13;<br \/>\n\u00abY de repente mir\u00e9 al toro. Ten\u00eda esta inocencia&#8230;, que todos los animales tienen en sus ojos, y me mir\u00f3 con esta s\u00faplica. Era un grito de justicia, muy, muy profundo dentro de m\u00ed. Lo describo como una plegaria porque si uno confiesa, se tiene esperanza que uno sea perdonado. Me sent\u00ed como la peor mierda del mundo.\u00bb&#13;<br \/>\n&#13;<br \/>\nEsta foto muestra el colapso del torero \u00c1lvaro Munera, conforme se concientiz\u00f3 a la mitad de su \u00faltima corrida&#8230; de la injusticia al animal. Desde ese d\u00eda se volvi\u00f3 opositor a las corridas de toros.&#13;<br \/>\n&#13;<br \/>\nhttps:\/\/www.facebook.com\/share\/p\/TY63bzC6gEWHY3ja\/&#13;<br \/>\nDurante una tensa corrida, el torero \u00c1lvaro M\u00fanera hizo lo impensable. Mientras el p\u00fablico rug\u00eda esperando el siguiente movimiento dram\u00e1tico, de repente se apart\u00f3 del toro, camin\u00f3 hasta el borde de la arena y se sent\u00f3. Se hizo el silencio entre los espectadores.&#13;<br \/>\nM\u00e1s tarde, M\u00fanera revel\u00f3 el momento que le transform\u00f3 para siempre:&#13;<br \/>\n\u00abEn ese instante, olvid\u00e9 el peligro de los cuernos. S\u00f3lo ve\u00eda sus ojos, no llenos de rabia, sino de inocencia. No estaba atacando; estaba suplicando por su vida. Me di cuenta de que no era una pelea, sino un acto de crueldad. Dej\u00e9 caer mi espada, abandon\u00e9 la arena y jur\u00e9 no volver a luchar. En vez de eso, luchar\u00eda contra un mundo que convierte el sufrimiento en entretenimiento\u00bb.&#13;<br \/>\nM\u00fanera abandon\u00f3 la tauromaquia y se convirti\u00f3 en un defensor de la crueldad contra los animales, utilizando su plataforma para luchar por los mismos seres que una vez combati\u00f3. Su historia es un poderoso testimonio de la fuerza de la compasi\u00f3n y el valor que se necesita para cambiar. A veces, basta un momento de conexi\u00f3n para ver el mundo de otra manera. \ud83d\udc02&#13;<br \/>\nRelato de c\u00f3mo el extorero colombiano \u00c1lvaro M\u00fanera detuvo una corrida para no atacar al toro, en el momento en que decidi\u00f3 dejarlo&#13;<br \/>\n&#13;<br \/>\nhttps:\/\/www.facebook.com\/share\/p\/1AMYcn9pdZ\/\n        <\/p>\n<p>                Temas<\/p>\n<p>animalistas<\/p>\n<p>maltrato animal<\/p>\n<p>tauromaquia<\/p>\n<p>toros<\/p>\n<p>corridas de toros<\/p>\n<p>arrepentimiento<\/p>\n<p>toreros<\/p>\n<p>toreo<\/p>\n<p>plazas de toros<\/p>\n<p><strong>Lo que sabemos<\/strong>:\u00a0ni M\u00fanera es el torero que aparece en la foto, ni tampoco son suyas las palabras que se le atribuyen en la misma.<\/p>\n<p><strong>El torero de la foto es S\u00e1nchez Vara, no \u00c1lvaro Munera<\/strong><\/p>\n<p>El torero de la imagen no es \u00c1lvaro M\u00fanera, sino el guadalajare\u00f1o Javier S\u00e1nchez Vara, tal y como nos confirma el apoderado de este \u00faltimo, Carlos S\u00e1nchez. Adem\u00e1s, desde el portal especializado <a target=\"_blank\" rel=\"noopener noreferrer nofollow\" href=\"http:\/\/mundotoro.com\">mundotoro.com<\/a> tambi\u00e9n nos afirman que el que aparece en la foto es S\u00e1nchez Vara.<\/p>\n<p>Asimismo, el propio \u00c1lvaro M\u00fanera nos ha desmentido a trav\u00e9s de WhatsApp que sea el diestro de la foto o haber dicho esas palabras.<\/p>\n<p>S\u00ed es cierto que M\u00fanera se volvi\u00f3 cr\u00edtico con la tauromaquia tras poner fin a su carrera, pero esto ocurri\u00f3 cuando en 1984, a los 18 a\u00f1os de edad, cuando sufri\u00f3 una grave cogida en Albacete que lo dej\u00f3 en silla de ruedas. El diario El Pa\u00eds se hizo eco de este suceso en <a target=\"_blank\" rel=\"noopener noreferrer nofollow\" href=\"https:\/\/elpais.com\/diario\/1984\/09\/24\/cultura\/464824816_850215.html\">una noticia<\/a> publicada el 24 de septiembre de 1984, en la que hablaba de su \u00abpar\u00e1lisis en las extremidades inferiores\u00bb como consecuencia de una \u00abfractura con aplastamiento en la quinta v\u00e9rtebra cervical\u00bb.<\/p>\n<p><strong>\u00bfDe d\u00f3nde sale el texto?<\/strong><\/p>\n<p>El texto con el que circula la imagen tampoco es de \u00c1lvaro M\u00fanera; es una adaptaci\u00f3n de una columna del escritor Antonio Gala que aparece recogida \u00aben un libro de art\u00edculos bajo el t\u00edtulo La casa Sosegada\u00bb, publicado por la Editorial Planeta en 1998, seg\u00fan nos confirma la Fundaci\u00f3n Antonio Gala para J\u00f3venes Creadores.*<\/p>\n<p>\u00abY de repente mir\u00f3 hacia m\u00ed. Con la inocencia de todos los animales reflejada en los ojos, pero tambi\u00e9n con una imploraci\u00f3n. Era la querella contra la injusticia inexplicable, la s\u00faplica frente a la innecesaria crueldad. Sent\u00ed que, garganta arriba, me sub\u00eda un sofoco\u00bb.<\/p>\n<p>*En un primer momento atribuimos la frase a una columna publicada en El Pa\u00eds el 30 de julio de 1995, pero dicho peri\u00f3dico nos ha comunicado que no se public\u00f3 en dicha fecha.<\/p>\n","protected":false},"excerpt":{"rendered":"Lo que circula \u00abUna foto del torero \u00c1lvaro M\u00fanera arrepentido durante una corrida muestra su fin de la&hellip;\n","protected":false},"author":2,"featured_media":171126,"comment_status":"","ping_status":"","sticky":false,"template":"","format":"standard","meta":{"footnotes":""},"categories":[277],"tags":[373,168,25,24,23,167,374],"class_list":{"0":"post-171125","1":"post","2":"type-post","3":"status-publish","4":"format-standard","5":"has-post-thumbnail","7":"category-toreo","8":"tag-bullfighting","9":"tag-deportes","10":"tag-es","11":"tag-espana","12":"tag-spain","13":"tag-sports","14":"tag-toreo"},"share_on_mastodon":{"url":"","error":""},"_links":{"self":[{"href":"https:\/\/www.europesays.com\/es\/wp-json\/wp\/v2\/posts\/171125","targetHints":{"allow":["GET"]}}],"collection":[{"href":"https:\/\/www.europesays.com\/es\/wp-json\/wp\/v2\/posts"}],"about":[{"href":"https:\/\/www.europesays.com\/es\/wp-json\/wp\/v2\/types\/post"}],"author":[{"embeddable":true,"href":"https:\/\/www.europesays.com\/es\/wp-json\/wp\/v2\/users\/2"}],"replies":[{"embeddable":true,"href":"https:\/\/www.europesays.com\/es\/wp-json\/wp\/v2\/comments?post=171125"}],"version-history":[{"count":0,"href":"https:\/\/www.europesays.com\/es\/wp-json\/wp\/v2\/posts\/171125\/revisions"}],"wp:featuredmedia":[{"embeddable":true,"href":"https:\/\/www.europesays.com\/es\/wp-json\/wp\/v2\/media\/171126"}],"wp:attachment":[{"href":"https:\/\/www.europesays.com\/es\/wp-json\/wp\/v2\/media?parent=171125"}],"wp:term":[{"taxonomy":"category","embeddable":true,"href":"https:\/\/www.europesays.com\/es\/wp-json\/wp\/v2\/categories?post=171125"},{"taxonomy":"post_tag","embeddable":true,"href":"https:\/\/www.europesays.com\/es\/wp-json\/wp\/v2\/tags?post=171125"}],"curies":[{"name":"wp","href":"https:\/\/api.w.org\/{rel}","templated":true}]}}