{"id":171133,"date":"2025-10-12T06:17:09","date_gmt":"2025-10-12T06:17:09","guid":{"rendered":"https:\/\/www.europesays.com\/es\/171133\/"},"modified":"2025-10-12T06:17:09","modified_gmt":"2025-10-12T06:17:09","slug":"900-metros-cuadrados-un-olivar-y-pista-de-tenis","status":"publish","type":"post","link":"https:\/\/www.europesays.com\/es\/171133\/","title":{"rendered":"900 metros cuadrados, un olivar y pista de tenis"},"content":{"rendered":"<p style=\"\"><a href=\"https:\/\/www.abc.es\/gente\/george-clooney-abandona-festival-venecia-motivos-salud-20250828181620-nt.html\" target=\"_self\" data-voc-vtm-id=\"in-text-traffic\" title=\"George Clooney\" data-mrf-link=\"www.abc.es\" rel=\"nofollow noopener\">George Clooney<\/a> ha encontrado su refugio en el sur de Francia. Alejado por completo del bullicio de Hollywood y los fot\u00f3grafos, el actor, junto a su mujer, Amal Clooney y sus hijos, se ha establecido en Brignoles, una apacible localidad en la regi\u00f3n de  &#8230; la Provenza. <\/p>\n<p class=\"voc-p\" style=\"\">La finca, a la que el mismo int\u00e9rprete de &#8216;Ocean&#8217;s Eleven&#8217; llama \u00abgranja\u00bb, es una imponenete residencial rural con todo el encanto provenzal. Bajo el nombre de &#8216;Domaine du Canadel&#8217;, la propiedad cuenta con m\u00e1s de <strong>900 metros cuadrados<\/strong> construidos, situada en una mansi\u00f3n del siglo XVIII que se reparte en tres pisos comunicados por una escalera de piedra. Cuenta con piscina, <strong>un bosque privado<\/strong>, vi\u00f1edos, un lago, una <strong>pista de tenis<\/strong> y, finalmente, su principal encanto, un <strong>campo de lavanda.<\/strong><\/p>\n<p class=\"voc-p\" style=\"\">El olivar, otro de los atractivos de la finca, cuenta con cerca de un centenar de \u00e1rboles. Adem\u00e1s, la familia dispone de otros espacios al aire libre como <strong>zonas de picnic<\/strong>, \u00e1reas de juego y una <strong>pista para jugar petanca<\/strong>. Si bien de momento no ha trascendido cu\u00e1ntas habitaciones y ba\u00f1os tiene la vivienda, lo que s\u00ed se sabe es que fue remodelada a mediados de 1990. <\/p>\n<p class=\"voc-p\" style=\"\">En una reciente entrevista con &#8216;Esquire&#8217;, el actor explic\u00f3 que la decisi\u00f3n de mudarse a Francia fue motivada por el deseo de ofrecerle una infancia distinta a sus hijos, alejados del foco medi\u00e1tico y todo lo que conlleva vivir en Los \u00c1ngeles. \u00abTenemos mucha suerte, <strong>vivimos en una granja en Francia.<\/strong> Buena parte de mi vida, cuando era ni\u00f1o, fue en una granja y lo odiaba, pero ahora, para ellos, es distinto: no est\u00e1n pegados al iPad. Cenan con adultos y tienen que recoger sus platos. Tienen una vida mucho mejor\u00ab, confes\u00f3.<\/p>\n<p class=\"voc-p\" style=\"\">Adem\u00e1s, Clooney se habl\u00f3 sobre la diferencia cultural que hay entre Estados Unidos y Europa: \u00abEn Francia, a la gente la fama le importa un comino\u00bb, dijo, asegurando que all\u00ed pueden disfrutar de una vida m\u00e1s normal, sin los paparazzi ni la presi\u00f3n constante que acompa\u00f1a a las estrellas de Hollywood.<\/p>\n<p><img decoding=\"async\" loading=\"lazy\" src=\"https:\/\/www.europesays.com\/es\/wp-content\/uploads\/2025\/10\/clooney-pareja-U73477243048sLA-760x427@diario_abc.jpg\" class=\"voc-img\" width=\"760\" height=\"427\" alt=\"As\u00ed es la espectacular finca donde vive George Clooney y su familia en Francia: 900 metros cuadrados, un olivar y pista de tenis\" data-voc-vtm-id=\"in-text-traffic\"\/><\/p>\n<p>GTRES<\/p>\n<p>\nBrignloes, el coraz\u00f3n de la Provenza\n<\/p>\n<p class=\"voc-p\" style=\"\">El entorno donde viven los Clooney es tan encantador como su casa. Brignoles es un pueblo que conserva todo el esp\u00edritu de la Provenza: calles adoquinadas, plazas con terrazas sombreadas, mercados de productos locales y una comunidad en la que todos se conocen.<\/p>\n<p class=\"voc-p\" style=\"\">Las ferias agr\u00edcolas, las fiestas de la vendimia y las tradiciones rurales forman parte de la vida cotidiana del lugar. Un escenario perfecto para una familia que, a pesar de la fama, busca normalidad.<\/p>\n<p class=\"voc-p\" style=\"\">No es la primera vez que el actor apuesta por residir junto a un lago o rodeado de naturaleza. Durante a\u00f1os, su residencia m\u00e1s conocida fue <strong>Villa Oleandra<\/strong>, a orillas del <strong>Lago di Como<\/strong>, en Italia, una propiedad que finalmente puso a la venta en 2023. <\/p>\n<p class=\"voc-p\" style=\"\">Finalmente, cabe resaltar que este cambio no ha supuesto un retiro profesional para Clooney, que sigue vinculado al cine y al teatro. Desde su finca francesa, el actor ha seguido desarrollando proyectos como productor, director y guionista, alternando sus compromisos laborales con la vida familiar.<\/p>\n","protected":false},"excerpt":{"rendered":"George Clooney ha encontrado su refugio en el sur de Francia. Alejado por completo del bullicio de Hollywood&hellip;\n","protected":false},"author":2,"featured_media":171134,"comment_status":"","ping_status":"","sticky":false,"template":"","format":"standard","meta":{"footnotes":""},"categories":[174],"tags":[18054,255,4595,34094,146,147,25,24,5604,367,256,7828,317,49631,915,26343,5839,23,327,1343],"class_list":{"0":"post-171133","1":"post","2":"type-post","3":"status-publish","4":"format-standard","5":"has-post-thumbnail","7":"category-famosos","8":"tag-18054","9":"tag-celebrities","10":"tag-clooney","11":"tag-cuadrados","12":"tag-entertainment","13":"tag-entretenimiento","14":"tag-es","15":"tag-espana","16":"tag-espectacular","17":"tag-familia","18":"tag-famosos","19":"tag-finca","20":"tag-francia","21":"tag-geroge","22":"tag-metros","23":"tag-olivar","24":"tag-pista","25":"tag-spain","26":"tag-tenis","27":"tag-vive"},"share_on_mastodon":{"url":"","error":""},"_links":{"self":[{"href":"https:\/\/www.europesays.com\/es\/wp-json\/wp\/v2\/posts\/171133","targetHints":{"allow":["GET"]}}],"collection":[{"href":"https:\/\/www.europesays.com\/es\/wp-json\/wp\/v2\/posts"}],"about":[{"href":"https:\/\/www.europesays.com\/es\/wp-json\/wp\/v2\/types\/post"}],"author":[{"embeddable":true,"href":"https:\/\/www.europesays.com\/es\/wp-json\/wp\/v2\/users\/2"}],"replies":[{"embeddable":true,"href":"https:\/\/www.europesays.com\/es\/wp-json\/wp\/v2\/comments?post=171133"}],"version-history":[{"count":0,"href":"https:\/\/www.europesays.com\/es\/wp-json\/wp\/v2\/posts\/171133\/revisions"}],"wp:featuredmedia":[{"embeddable":true,"href":"https:\/\/www.europesays.com\/es\/wp-json\/wp\/v2\/media\/171134"}],"wp:attachment":[{"href":"https:\/\/www.europesays.com\/es\/wp-json\/wp\/v2\/media?parent=171133"}],"wp:term":[{"taxonomy":"category","embeddable":true,"href":"https:\/\/www.europesays.com\/es\/wp-json\/wp\/v2\/categories?post=171133"},{"taxonomy":"post_tag","embeddable":true,"href":"https:\/\/www.europesays.com\/es\/wp-json\/wp\/v2\/tags?post=171133"}],"curies":[{"name":"wp","href":"https:\/\/api.w.org\/{rel}","templated":true}]}}