{"id":171147,"date":"2025-10-12T06:29:09","date_gmt":"2025-10-12T06:29:09","guid":{"rendered":"https:\/\/www.europesays.com\/es\/171147\/"},"modified":"2025-10-12T06:29:09","modified_gmt":"2025-10-12T06:29:09","slug":"que-es-la-formacion-mirlo-la-principal-novedad-del-desfile-de-las-fuerzas-armadas-que-sustituye-a-la-patrulla-aguila","status":"publish","type":"post","link":"https:\/\/www.europesays.com\/es\/171147\/","title":{"rendered":"Qu\u00e9 es la formaci\u00f3n Mirlo, la principal novedad del Desfile de las Fuerzas Armadas que sustituye a la Patrulla \u00c1guila"},"content":{"rendered":"<p style=\"\">La gran novedad del Desfile de las Fuerzas Armadas ser\u00e1 la presencia de la formaci\u00f3n Mirlo durante la Fiesta Nacional. \u00c9sta ser\u00e1 la que sustituya a la <a href=\"https:\/\/www.abc.es\/espana\/exhibicion-aerea-patrulla-aguila-san-javier-imagenes-20250615163402-ga.html\" title=\"www.abc.es\" data-voc-vtm-id=\"in-text-traffic\" data-mrf-link=\"www.abc.es\" rel=\"nofollow noopener\" target=\"_blank\">Patrulla \u00c1guila<\/a>, que tras cuatro d\u00e9cadas de servicio se hab\u00eda convertido en uno de los elementos m\u00e1s  &#8230; conocidos por el p\u00fablico.<\/p>\n<p class=\"voc-p\" style=\"\">Por lo tanto, este a\u00f1o ser\u00e1 la vez que vea a la formaci\u00f3n Mirlo por el cielo de Madrid en el Desfile de las Fuerzas Armadas. Un estreno cargado de simbolismo y marcado por un notable paso a la modernidad.<\/p>\n<p class=\"voc-p\" style=\"\">El reconocible rugido de los C-101 Aviojet ser\u00e1 sustituido por el amortiguado ruido de los <a href=\"https:\/\/abcblogs.abc.es\/a-tu-aire\/2022\/05\/07\/ya-vuela-en-la-academia-general-del-aire-el-pilatus-pc-21\/\" title=\"abcblogs.abc.es\" data-voc-vtm-id=\"in-text-traffic\" data-mrf-link=\"abcblogs.abc.es\" rel=\"nofollow noopener\" target=\"_blank\">Pilatus PC-21<\/a>. Lo que no cambiar\u00e1 ser\u00e1 el cielo de Madrid, que se te\u00f1ir\u00e1 de la bandera nacional para dar un toque a\u00fan m\u00e1s patriota en el D\u00eda de las Fuerzas Armadas. <\/p>\n<p>\n\u00bfC\u00f3mo es la formaci\u00f3n Mirlo?\n<\/p>\n<p class=\"voc-p\" style=\"\">Los Pilatus PC-21 son unas aeronaves suizas de turboh\u00e9lice, una maquina de \u00faltima generaci\u00f3n que rebosa de modernidad. Adem\u00e1s, aportan un mayor rendimiento y est\u00e1n equipadas con avi\u00f3nica digital, convirti\u00e9ndose en aviones de quinta generaci\u00f3n.<\/p>\n<p class=\"voc-p\" style=\"\">El nombre de esta formaci\u00f3n hace referencia al avi\u00f3n E.3 Mirlo, un antiguo avi\u00f3n de la posguerra. Esta formaci\u00f3n, que est\u00e1 <strong>compuesta por instructores de vuelo <\/strong>destinados en la Academia General del Aire, est\u00e1 formada por <strong>cinco aeronaves<\/strong>.<\/p>\n<p><img decoding=\"async\" loading=\"lazy\" src=\"https:\/\/www.europesays.com\/es\/wp-content\/uploads\/2025\/10\/1497752583-kMSG--760x427@diario_abc.jpg\" class=\"voc-img\" width=\"760\" height=\"427\" alt=\"Felipe VI, a bordo del Pilatus PC-21.\" data-voc-vtm-id=\"in-text-traffic\"\/><\/p>\n<p>Felipe VI, a bordo del Pilatus PC-21.<\/p>\n<p>Mat\u00edas Nieto<\/p>\n<p class=\"voc-p\" style=\"\">La formaci\u00f3n Mirlo, adem\u00e1s, ser\u00e1 la responsable de realizar el sobrevuelo en el acto central del D\u00eda de la Fiesta Nacional, empleando por primera vez humos de color que simulan a la bandera espa\u00f1ola. <\/p>\n<p>\nOtras novedades: la F-111 &#8216;Bonifaz&#8217; y el S-82 &#8216;Narciso Monturiol&#8217;\n<\/p>\n<p class=\"voc-p\" style=\"\">Por otro lado, otra de las novedades de este 12 de octubre ser\u00e1 la botadura de la fragata F-111 &#8216;Bonifaz&#8217;. Un nuevo hito en la modernizaci\u00f3n de la flota, ya que <strong>sustituir\u00e1n a las F-110 en la clase &#8216;Santa Mar\u00eda&#8217;.<\/strong><\/p>\n<p class=\"voc-p\" style=\"\">La F-111 &#8216;Bonifaz&#8217; destaca por estar equipada con una avanzada tecnolog\u00eda para la guerra antisubmarina, defensa a\u00e9rea y la guerra electr\u00f3nica. Un paso adelante en las capacidades de la Armada, que refuerzan as\u00ed su proyecci\u00f3n de poder y capacidad intervenci\u00f3n internacional.<\/p>\n<p class=\"voc-p\" style=\"\">Por \u00faltimo, tambi\u00e9n se har\u00e1 la puesta a flote del submarino S-82 &#8216;Narciso Monturiol&#8217;. Esto supone un avance tecnol\u00f3gico para la Armada, apostando por una <strong>flota que fortalece la disuasi\u00f3n y capacidad de proyecci\u00f3n estrat\u00e9gica naval<\/strong>. <\/p>\n","protected":false},"excerpt":{"rendered":"La gran novedad del Desfile de las Fuerzas Armadas ser\u00e1 la presencia de la formaci\u00f3n Mirlo durante la&hellip;\n","protected":false},"author":2,"featured_media":171148,"comment_status":"","ping_status":"","sticky":false,"template":"","format":"standard","meta":{"footnotes":""},"categories":[8],"tags":[49635,49633,17,18,43412,25,24,13,14,7214,26013,11,19,20,49632,9,10,15,16,25295,49634,15068,23,9832,12,21,22],"class_list":{"0":"post-171147","1":"post","2":"type-post","3":"status-publish","4":"format-standard","5":"has-post-thumbnail","7":"category-espana","8":"tag-aguila","9":"tag-armadas","10":"tag-breaking-news","11":"tag-breakingnews","12":"tag-desfile","13":"tag-es","14":"tag-espana","15":"tag-featured-news","16":"tag-featurednews","17":"tag-formacion","18":"tag-fuerzas","19":"tag-headlines","20":"tag-latest-news","21":"tag-latestnews","22":"tag-mirlo","23":"tag-news","24":"tag-noticias","25":"tag-noticias-destacadas","26":"tag-noticiasdestacadas","27":"tag-novedad","28":"tag-patrulla","29":"tag-principal","30":"tag-spain","31":"tag-sustituye","32":"tag-titulares","33":"tag-ultimas-noticias","34":"tag-ultimasnoticias"},"share_on_mastodon":{"url":"","error":""},"_links":{"self":[{"href":"https:\/\/www.europesays.com\/es\/wp-json\/wp\/v2\/posts\/171147","targetHints":{"allow":["GET"]}}],"collection":[{"href":"https:\/\/www.europesays.com\/es\/wp-json\/wp\/v2\/posts"}],"about":[{"href":"https:\/\/www.europesays.com\/es\/wp-json\/wp\/v2\/types\/post"}],"author":[{"embeddable":true,"href":"https:\/\/www.europesays.com\/es\/wp-json\/wp\/v2\/users\/2"}],"replies":[{"embeddable":true,"href":"https:\/\/www.europesays.com\/es\/wp-json\/wp\/v2\/comments?post=171147"}],"version-history":[{"count":0,"href":"https:\/\/www.europesays.com\/es\/wp-json\/wp\/v2\/posts\/171147\/revisions"}],"wp:featuredmedia":[{"embeddable":true,"href":"https:\/\/www.europesays.com\/es\/wp-json\/wp\/v2\/media\/171148"}],"wp:attachment":[{"href":"https:\/\/www.europesays.com\/es\/wp-json\/wp\/v2\/media?parent=171147"}],"wp:term":[{"taxonomy":"category","embeddable":true,"href":"https:\/\/www.europesays.com\/es\/wp-json\/wp\/v2\/categories?post=171147"},{"taxonomy":"post_tag","embeddable":true,"href":"https:\/\/www.europesays.com\/es\/wp-json\/wp\/v2\/tags?post=171147"}],"curies":[{"name":"wp","href":"https:\/\/api.w.org\/{rel}","templated":true}]}}