{"id":171149,"date":"2025-10-12T06:30:10","date_gmt":"2025-10-12T06:30:10","guid":{"rendered":"https:\/\/www.europesays.com\/es\/171149\/"},"modified":"2025-10-12T06:30:10","modified_gmt":"2025-10-12T06:30:10","slug":"que-santo-se-celebra-hoy-consulta-el-santoral-del-domingo-12-de-octubre","status":"publish","type":"post","link":"https:\/\/www.europesays.com\/es\/171149\/","title":{"rendered":"\u00bfQu\u00e9 santo se celebra hoy? Consulta el santoral del domingo 12 de octubre"},"content":{"rendered":"<p>Actualizado  Domingo,<br \/>\n12<br \/>\noctubre<br \/>\n2025<br \/>\n&#8211;<br \/>\n06:55<\/p>\n<p class=\"ue-c-article__paragraph\"><strong>Hoy<\/strong>, domingo <strong>12 de octubre de 2025<\/strong>, la Iglesia cat\u00f3lica celebra en su <a href=\"https:\/\/www.elmundo.es\/t\/sa\/santoral.html\" rel=\"nofollow noopener\" target=\"_blank\"><strong>santoral<\/strong><\/a> las festividades de la <strong>Virgen del Pilar<\/strong>, <strong>San Hedisto<\/strong>, <strong>Santa Domnina<\/strong>, <strong>San Opilio <\/strong>y <strong>San Rotobaldo<\/strong>, entre las de otros santos y beatos.<\/p>\n<p class=\"ue-c-article__paragraph\">Como recuerda el <strong>Martirologio Romano <\/strong>sobre la <strong>festividad del d\u00eda<\/strong>: \u00abFiesta de <strong>Nuestra Se\u00f1ora del Pilar<\/strong>. Seg\u00fan una venerada tradici\u00f3n, la Sant\u00edsima Virgen Mar\u00eda se manifest\u00f3 en Zaragoza sobre una columna o pilar, signo visible de su presencia. Esta tradici\u00f3n encontr\u00f3 su expresi\u00f3n cultual en la misa y en el Oficio que, para toda Espa\u00f1a, decret\u00f3 el papa Clemente XII\u00bb.<\/p>\n<p class=\"ue-c-article__paragraph\">La <strong>Virgen del Pilar<\/strong> es patrona de <strong>Zaragoza<\/strong>, <strong>Arag\u00f3n<\/strong>, la <strong>Guardia Civil<\/strong> y del cuerpo de <strong>Correos<\/strong>. La fecha de su festividad, el 12 de octubre, coincide con la <strong>Fiesta Nacional<\/strong> o <a href=\"https:\/\/www.elmundo.es\/como\/2025\/10\/08\/68e6329021efa0b7078b45dc.html\" rel=\"nofollow noopener\" target=\"_blank\"><strong>D\u00eda de la Hispanidad<\/strong><\/a>, que conmemora el <strong>Descubrimiento de Am\u00e9rica en 1492<\/strong> , as\u00ed como con las <a href=\"https:\/\/www.elmundo.es\/como\/2025\/10\/03\/68df9babe9cf4a2b088b457d.html\" rel=\"nofollow noopener\" target=\"_blank\"><strong>Fiestas del Pilar<\/strong><\/a> de Zaragoza.<\/p>\n<p class=\"ue-c-article__paragraph\">Cuenta la tradici\u00f3n, en textos datados del siglo IX, que Hispania (Espa\u00f1a y Portugal) fue evangelizada por el <strong>Ap\u00f3stol Santiago<\/strong> en el a\u00f1o 40. Desalentado por los pobres resultados que estaba obteniendo en un primer momento, la <strong>Virgen Mar\u00eda<\/strong> apareci\u00f3 en Caesaraugusta (actual Zaragoza) en \u00abcarne mortal\u00bb para animar a Santiago en su misi\u00f3n.<\/p>\n<p class=\"ue-c-article__paragraph\">Como testimonio de su visita, la Madre de Dios habr\u00eda dejado una <strong>columna de jaspe<\/strong>, de ah\u00ed el nombre de pilar que recibe esta advocaci\u00f3n mariana. En ese mismo punto se comenzar\u00eda a construir un iglesia que m\u00e1s tarde dar\u00eda lugar la <strong>Bas\u00edlica del Pilar<\/strong>. Se construy\u00f3 en 1293 y su \u00faltima actualizaci\u00f3n data de 1961. Es uno de los 12 tesoros de Espa\u00f1a y conforma la ruta mariana espiritual con los santuarios de<strong> Torreciudad, Montserrat, Meritxell y Lourdes<\/strong>.<\/p>\n<p>Santoral completo de hoy, 12 de octubre<\/p>\n<p class=\"ue-c-article__paragraph\">El santoral de <strong>hoy, 12 de octubre<\/strong>, festeja y elogia las siguientes onom\u00e1sticas, conmemoraciones y memorias de santos:<\/p>\n<ul class=\"ue-c-article__list ue-c-article__list--unordered\">\n<li>Fiesta de Nuestra Se\u00f1ora del Pilar<\/li>\n<li>San Hedisto de Roma<\/li>\n<li>Santa Domnina de Ainvarza<\/li>\n<li>Conmemoraci\u00f3n de los 4.966 santos m\u00e1rtires de la persecuci\u00f3n del rey arriano Hunerico<\/li>\n<li>San Opilio de Piacenza<\/li>\n<li>San F\u00e9lix IV, papa<\/li>\n<li>San Maximiliano de Lorch<\/li>\n<li>San Rotobaldo de Pav\u00eda<\/li>\n<li>San Seraf\u00edn de Montegranaro (F\u00e9lix) de Nicola<\/li>\n<li>Beato Tom\u00e1s Bullaker<\/li>\n<li>Beato Jos\u00e9 Gonz\u00e1lez Huguet<\/li>\n<li>Beato Pac\u00edfico (Pedro) Salcedo Puchades<\/li>\n<li>Beato Rom\u00e1n Sitko<\/li>\n<\/ul>\n<p class=\"ue-c-article__paragraph\">El <strong>santoral cat\u00f3lico<\/strong> es el conjunto de personas reconocidas por la <strong>Iglesia <\/strong>como santos o beatos en una fecha concreta. El Martirologio Romano es el documento que nombra y distribuye en el calendario a los casi 7.000 santos y beatos reconocidos por la Iglesia.<\/p>\n<p class=\"ue-c-article__paragraph\">Los santos y santas son <strong>hombres y mujeres destacados en las diversas tradiciones religiosas<\/strong> por sus relaciones especiales con las divinidades o por una particular elevaci\u00f3n \u00e9tica. Mientras que la consideraci\u00f3n de beato constituye el tercer paso en el camino de la canonizaci\u00f3n.<\/p>\n","protected":false},"excerpt":{"rendered":"Actualizado Domingo, 12 octubre 2025 &#8211; 06:55 Hoy, domingo 12 de octubre de 2025, la Iglesia cat\u00f3lica celebra&hellip;\n","protected":false},"author":2,"featured_media":171150,"comment_status":"","ping_status":"","sticky":false,"template":"","format":"standard","meta":{"footnotes":""},"categories":[5],"tags":[17,18,2170,729,25,24,13,14,11,19,20,9,10,15,16,5603,27389,23,12,21,22],"class_list":{"0":"post-171149","1":"post","2":"type-post","3":"status-publish","4":"format-standard","5":"has-post-thumbnail","7":"category-titulares","8":"tag-breaking-news","9":"tag-breakingnews","10":"tag-como","11":"tag-dda","12":"tag-es","13":"tag-espana","14":"tag-featured-news","15":"tag-featurednews","16":"tag-headlines","17":"tag-latest-news","18":"tag-latestnews","19":"tag-news","20":"tag-noticias","21":"tag-noticias-destacadas","22":"tag-noticiasdestacadas","23":"tag-religion","24":"tag-santoral","25":"tag-spain","26":"tag-titulares","27":"tag-ultimas-noticias","28":"tag-ultimasnoticias"},"share_on_mastodon":{"url":"","error":""},"_links":{"self":[{"href":"https:\/\/www.europesays.com\/es\/wp-json\/wp\/v2\/posts\/171149","targetHints":{"allow":["GET"]}}],"collection":[{"href":"https:\/\/www.europesays.com\/es\/wp-json\/wp\/v2\/posts"}],"about":[{"href":"https:\/\/www.europesays.com\/es\/wp-json\/wp\/v2\/types\/post"}],"author":[{"embeddable":true,"href":"https:\/\/www.europesays.com\/es\/wp-json\/wp\/v2\/users\/2"}],"replies":[{"embeddable":true,"href":"https:\/\/www.europesays.com\/es\/wp-json\/wp\/v2\/comments?post=171149"}],"version-history":[{"count":0,"href":"https:\/\/www.europesays.com\/es\/wp-json\/wp\/v2\/posts\/171149\/revisions"}],"wp:featuredmedia":[{"embeddable":true,"href":"https:\/\/www.europesays.com\/es\/wp-json\/wp\/v2\/media\/171150"}],"wp:attachment":[{"href":"https:\/\/www.europesays.com\/es\/wp-json\/wp\/v2\/media?parent=171149"}],"wp:term":[{"taxonomy":"category","embeddable":true,"href":"https:\/\/www.europesays.com\/es\/wp-json\/wp\/v2\/categories?post=171149"},{"taxonomy":"post_tag","embeddable":true,"href":"https:\/\/www.europesays.com\/es\/wp-json\/wp\/v2\/tags?post=171149"}],"curies":[{"name":"wp","href":"https:\/\/api.w.org\/{rel}","templated":true}]}}