{"id":171155,"date":"2025-10-12T06:37:10","date_gmt":"2025-10-12T06:37:10","guid":{"rendered":"https:\/\/www.europesays.com\/es\/171155\/"},"modified":"2025-10-12T06:37:10","modified_gmt":"2025-10-12T06:37:10","slug":"la-joya-de-la-f1-vuelve-a-brillar","status":"publish","type":"post","link":"https:\/\/www.europesays.com\/es\/171155\/","title":{"rendered":"La joya de la F1 vuelve a brillar"},"content":{"rendered":"<p data-mrf-recirculation=\"Links P\u00e1rrafos\" class=\"ue-c-article__paragraph paragraph ue-c-article--first-letter-highlighted\">Toto <strong>Wolff<\/strong>, el <strong>omnipotente jefe de Mercedes, tuvo claro que tocaba dar un toque de atenci\u00f3n a Andrea Kimi Antonelli,<\/strong> su tremenda apuesta cuando el equipo de la estrella perdi\u00f3 a la leyenda <strong>Lewis Hamilton<\/strong>. \u201cDecepcionante.<strong> No puedes dejar el coche en la grava y esperar que todo vaya bien<\/strong>. No cambia mi confianza en \u00e9l, pero ha sido decepcionante\u201d, <strong>reflexion\u00f3 <\/strong>tras cerrar la gira europea con s\u00f3lo un punto en el <strong>casillero y el Mercedes empanzado en Monza<\/strong>. Era un mensaje con carga de advertencia para el italiano,<strong> que hab\u00eda brillado en algunas citas como Miami o Canad\u00e1, pero encadenaba malos resultados que pueden quitar confianza<\/strong>\u2026 y el asiento.<\/p>\n<p><img decoding=\"async\" width=\"1024\" height=\"682\" class=\"ue-c-article__image lazyload\" alt=\"Antonelli, en Bak\u00fa.\" loading=\"lazy\" src=\"https:\/\/www.europesays.com\/es\/wp-content\/uploads\/2025\/10\/68cc04829fe11.jpeg\"\/><\/p>\n<p>Antonelli, en Bak\u00fa.LAPRESSE<\/p>\n<p data-mrf-recirculation=\"Links P\u00e1rrafos\" class=\"ue-c-article__paragraph paragraph\">El <strong>italiano <\/strong>no tuvo otra opci\u00f3n que tomarlo por el lado bueno y buscar un paso m\u00e1s. Coincidi\u00f3 con circuitos nuevos, algo que se le ha dado bien en su temporada de debut, y de golpe ha vuelto una versi\u00f3n reconocible de Antonelli.<strong> Fue cuarto en Bak\u00fa y solo el ritmo brutal e inteligencia de Carlos Sainz le dej\u00f3 sin volver al podio. <\/strong>Y sum\u00f3 un consistente quinto en Singapur, que no fue una victoria como la de Russell, pero no estuvo nada mal. \u201cPude lograr m\u00e1s. <strong>El ritmo estaba bien, le gan\u00e9 la posici\u00f3n a Leclerc y pude controlar los problemas de deslizamiento de las ruedas<\/strong>. Perd\u00ed posiciones de inicio y mi carrera fue la de remontar desde ah\u00ed\u201d, <strong>apunt\u00f3 <\/strong>el piloto.<\/p>\n<p data-mrf-recirculation=\"Links P\u00e1rrafos\" class=\"ue-c-article__paragraph paragraph\">No <strong>ha ca\u00eddo un triunfo ni retorn\u00f3, de momento, al podio. <\/strong>Pero subi\u00f3 su entereza, solidez y confianza. De la mano de la confirmaci\u00f3n, que quiz\u00e1 no era necesaria, de su continuidad en Mercedes para 2026. \u201cAl 100%\u201d, precis\u00f3 Wolff. No habr\u00e1 cesiones ni nada parecido. Kimi seguir\u00e1 en las flechas plateadas si no hay un giro inesperado<strong>. \u201cTodas esas historias de subirle a Williams o Alpine son absurdas. Estar\u00e1 en Mercedes, las dem\u00e1s historias no son verdad\u201d, a\u00f1adi\u00f3.<\/strong><\/p>\n<blockquote class=\"ue-c-article__blockquote\">\n<p>Todas esas historias de subirle a Williams o Alpine son absurdas. Estar\u00e1 en Mercedes, las dem\u00e1s historias no son verdad<\/p>\n<p>Andrea KImi Antonelli<\/p><\/blockquote>\n<p><img decoding=\"async\" width=\"1980\" height=\"1320\" class=\"ue-c-article__image lazyload\" alt=\"Antonelli, en el podio de Canad\u00e1.\" loading=\"lazy\" src=\"https:\/\/www.europesays.com\/es\/wp-content\/uploads\/2025\/10\/68501e2bd1cd3.jpeg\"\/><\/p>\n<p>Antonelli, en el podio de Canad\u00e1.LAPRESSE<\/p>\n<p data-mrf-recirculation=\"Links P\u00e1rrafos\" class=\"ue-c-article__paragraph paragraph\">Casi que no exist\u00edan dudas, pero se confirm\u00f3 que seguir\u00e1 con un coche al que se\u00f1alan como el favorito<strong> n\u00famero 1 en 2026. A su lado deber\u00eda estar Russell, cuyo contundente 4\u00ba del campeonato encarece la renovaci\u00f3n. El brit\u00e1nico, adem\u00e1s, es otro valedor de Antonelli<\/strong>. \u201cMe ayud\u00f3 mucho durante la noche\u201d, confes\u00f3 tras la genial pole en <strong>Singapur<\/strong> del s\u00e1bado, pues Russell sufri\u00f3 un incidente en el Libre 2 y tuvo que tomar los ajustes del piloto italiano para su set-up.<\/p>\n<p data-mrf-recirculation=\"Links P\u00e1rrafos\" class=\"ue-c-article__paragraph paragraph\">As\u00ed las cosas, Antonelli vuelve a reforzar su estatus. Que lleg\u00f3 a estar tocado y debe terminar de consolidarse como el novato a seguir. Cosa que estar\u00e1 en discusi\u00f3n a tenor de los resultados de los <strong>Hadjar <\/strong>(parece que ser\u00e1 piloto Red Bull), la velocidad de <strong>Bortoleto <\/strong>o la consistencia de <strong>Bearman <\/strong>con un Haas como grandes exponentes. Quiz\u00e1 otro golpe en la mesa antes del 2026 sirva para confirmar que <strong>Antonelli <\/strong>es<strong> the real deal -el negocio de verdad, como dicen en los Estados Unidos-.<\/strong><\/p>\n","protected":false},"excerpt":{"rendered":"Toto Wolff, el omnipotente jefe de Mercedes, tuvo claro que tocaba dar un toque de atenci\u00f3n a Andrea&hellip;\n","protected":false},"author":2,"featured_media":171156,"comment_status":"","ping_status":"","sticky":false,"template":"","format":"standard","meta":{"footnotes":""},"categories":[270],"tags":[168,25,24,306,271,272,23,167],"class_list":{"0":"post-171155","1":"post","2":"type-post","3":"status-publish","4":"format-standard","5":"has-post-thumbnail","7":"category-formula-1","8":"tag-deportes","9":"tag-es","10":"tag-espana","11":"tag-f1","12":"tag-formula-1","13":"tag-formula1","14":"tag-spain","15":"tag-sports"},"share_on_mastodon":{"url":"","error":""},"_links":{"self":[{"href":"https:\/\/www.europesays.com\/es\/wp-json\/wp\/v2\/posts\/171155","targetHints":{"allow":["GET"]}}],"collection":[{"href":"https:\/\/www.europesays.com\/es\/wp-json\/wp\/v2\/posts"}],"about":[{"href":"https:\/\/www.europesays.com\/es\/wp-json\/wp\/v2\/types\/post"}],"author":[{"embeddable":true,"href":"https:\/\/www.europesays.com\/es\/wp-json\/wp\/v2\/users\/2"}],"replies":[{"embeddable":true,"href":"https:\/\/www.europesays.com\/es\/wp-json\/wp\/v2\/comments?post=171155"}],"version-history":[{"count":0,"href":"https:\/\/www.europesays.com\/es\/wp-json\/wp\/v2\/posts\/171155\/revisions"}],"wp:featuredmedia":[{"embeddable":true,"href":"https:\/\/www.europesays.com\/es\/wp-json\/wp\/v2\/media\/171156"}],"wp:attachment":[{"href":"https:\/\/www.europesays.com\/es\/wp-json\/wp\/v2\/media?parent=171155"}],"wp:term":[{"taxonomy":"category","embeddable":true,"href":"https:\/\/www.europesays.com\/es\/wp-json\/wp\/v2\/categories?post=171155"},{"taxonomy":"post_tag","embeddable":true,"href":"https:\/\/www.europesays.com\/es\/wp-json\/wp\/v2\/tags?post=171155"}],"curies":[{"name":"wp","href":"https:\/\/api.w.org\/{rel}","templated":true}]}}