{"id":171163,"date":"2025-10-12T06:43:07","date_gmt":"2025-10-12T06:43:07","guid":{"rendered":"https:\/\/www.europesays.com\/es\/171163\/"},"modified":"2025-10-12T06:43:07","modified_gmt":"2025-10-12T06:43:07","slug":"rtve-contra-tv3-a-la-conquista-de-la-audiencia-catalana","status":"publish","type":"post","link":"https:\/\/www.europesays.com\/es\/171163\/","title":{"rendered":"RTVE contra TV3, a la conquista de la audiencia catalana"},"content":{"rendered":"<p>En el plat\u00f3 de Late Xou con Marc Gir\u00f3 present\u00f3 RTVE hace unos d\u00edas su programaci\u00f3n exclusivamente por y para Catalu\u00f1a. Se llama, tras mil y una marcas registradas, <strong>La 2Cat<\/strong> y arranca, con un mes <a href=\"https:\/\/www.elindependiente.com\/espana\/2025\/09\/05\/rtve-comienza-a-desplegar-su-plan-cataluna-entre-criticas-por-el-protagonismo-del-hombre-de-junts\/\" rel=\"nofollow noopener\" target=\"_blank\">de retraso<\/a>, este lunes 13 de octubre con un objetivo a muy corto plazo: que el 70% de su programaci\u00f3n in\u00e9dita sea en catal\u00e1n. Su prop\u00f3sito es alcanzar el 100%. Si quieren cotillear su parrilla, <a href=\"https:\/\/www.rtve.es\/play\/la-2-cat\/\" target=\"_blank\" rel=\"noreferrer noopener nofollow\">aqu\u00ed<\/a> pueden hacerlo. Todos los contenidos de <strong>La 2Cat<\/strong> estar\u00e1n disponibles para toda Espa\u00f1a a trav\u00e9s de <a href=\"https:\/\/www.elindependiente.com\/series-y-television\/2025\/04\/25\/rtve-play-contenidos-mas-vistos\/\" rel=\"nofollow noopener\" target=\"_blank\">RTVE Play<\/a>. Otro contar es si habr\u00e1 subt\u00edtulos en espa\u00f1ol. En el momento de su aprobaci\u00f3n la pasada primavera, ning\u00fan miembro del <a href=\"https:\/\/www.elindependiente.com\/series-y-television\/comunicacion\/2025\/09\/18\/el-consejo-de-administracion-de-rtve-sale-en-defensa-de-sarah-santaolalla-y-laura-arroyo-frente-a-los-ataques-inadmisibles\/\" rel=\"nofollow noopener\" target=\"_blank\">Consejo de Administraci\u00f3n<\/a> se opuso. La duda por aquel entonces era si <strong>La 2Cat<\/strong> iba a convivir con La 2 \u2013a secas\u2013 o una iba a engullir a la otra.<\/p>\n<p>Nada nuevo bajo el Sol, en realidad, pues los m\u00edticos estudios de Sant Cugat (Barcelona) llevan m\u00e1s de 40 a\u00f1os abiertos para la producci\u00f3n de espacios de alcance auton\u00f3mico \u2013he ah\u00ed el matinal para La 2 y <a href=\"https:\/\/www.rtve.es\/radio\/radio4\/\" target=\"_blank\" rel=\"noreferrer noopener nofollow\">R\u00e0dio 4<\/a> con Gemma Nierga Caf\u00e9 de ideas\u2013 y nacional, como Saber y ganar, con <a href=\"https:\/\/www.elindependiente.com\/series-y-television\/2025\/06\/05\/jordi-hurtado-saber-ganar-entrevista\/\" rel=\"nofollow noopener\" target=\"_blank\">Jordi Hurtado<\/a> y <a href=\"https:\/\/www.elindependiente.com\/series-y-television\/2025\/09\/13\/rodrigo-vazquez-presentador-de-saber-y-ganar-respetare-el-formato-y-lo-hare-brillar\/\" rel=\"nofollow noopener\" target=\"_blank\">Rodrigo V\u00e1zquez<\/a>, y Culturas 2, con T\u00e0nia Sarrias. Sant Cugat siempre ha sido base de operaciones para ensayo y error. El espacio de entrevistas de Marc Gir\u00f3 es el perfecto ejemplo.<\/p>\n<p>Late Xou con Marc Gir\u00f3, el paradigma de Sant Cugat<\/p>\n<p>Late Xou arranc\u00f3 a principios de 2023 como un contenido hablado en catal\u00e1n para la desconexi\u00f3n de La 2 en Catalu\u00f1a. Tras aquella primera temporada, continu\u00f3 en la parrilla del segundo canal de TVE, pero ya en espa\u00f1ol y para todo el pa\u00eds. A\u00fan as\u00ed, su primera ventana era <a href=\"https:\/\/www.elindependiente.com\/series-y-television\/2025\/06\/24\/rtve-play-contenidos-mas-vistos-abril\/\" rel=\"nofollow noopener\" target=\"_blank\">RTVE Play<\/a>, donde estaba disponible varias horas antes de su emisi\u00f3n en abierto. Y a principios de 2025 ascendi\u00f3 a La 1 como continuaci\u00f3n de <a href=\"https:\/\/www.elindependiente.com\/series-y-television\/2025\/10\/04\/motos-vs-broncano-2-el-hormiguero-hizo-pleno-en-septiembre-contra-la-revuelta\/\" rel=\"nofollow noopener\" target=\"_blank\">La revuelta<\/a>. Se trata de un camino que tambi\u00e9n hizo Andreu Buenafuente, ahora presentador de <a href=\"https:\/\/www.elindependiente.com\/series-y-television\/comunicacion\/2025\/10\/05\/el-plan-de-jose-pablo-lopez-y-de-pedro-sanchez-para-rtve-da-resultado-la-audiencia-se-dispara\/\" rel=\"nofollow noopener\" target=\"_blank\">Futuro imperfecto<\/a> cada jueves noche en La 1, que primero produjo en 2022 cinco programas especiales sobre c\u00f3micos (Gila, Eugenio&#8230;) para la desconexi\u00f3n en Catalu\u00f1a.<\/p>\n<p>TV3 es la televisi\u00f3n auton\u00f3mica m\u00e1s vista con diferencia en Espa\u00f1a<\/p>\n<p>Gir\u00f3 y Buenafuente se han dejado querer por Prado del Rey (el primero negoci\u00f3 durante meses unas nuevas condiciones), pero RTVE Catalu\u00f1a, con los periodistas <a href=\"https:\/\/www.elindependiente.com\/series-y-television\/2021\/07\/12\/el-periodista-oriol-nolis-es-nombrado-nuevo-director-de-rtve-catalunya\/\" rel=\"nofollow noopener\" target=\"_blank\">Oriol Nolis<\/a> y Laura Folguera al mando, est\u00e1 dispuesta a tener una mayor influencia sobre el p\u00fablico aut\u00f3ctono en una comunidad aut\u00f3noma donde no hay cadena, p\u00fablica o privada, que haga sombra a <a href=\"https:\/\/www.elindependiente.com\/series-y-television\/comunicacion\/2025\/09\/11\/tv3-sube-el-sueldo-al-productor-independentista-mas-mordaz-36-millones-de-euros\/\" rel=\"nofollow noopener\" target=\"_blank\">TV3<\/a>. En septiembre registr\u00f3 su dato m\u00e1s alto en dicho mes durante los \u00faltimos 13 a\u00f1os con un 14,6% de cuota de pantalla; unas cifras a las que s\u00f3lo se aproxima Arag\u00f3n TV. Le siguen con distancia <a href=\"https:\/\/www.elindependiente.com\/tendencias\/cultura\/2024\/02\/17\/del-noir-gallego-a-luar-la-tvg-como-cantera-del-talento-audiovisual\/\" rel=\"nofollow noopener\" target=\"_blank\">TVG<\/a> (Galicia), Canal Sur (Andaluc\u00eda) y <a href=\"https:\/\/www.elindependiente.com\/politica\/2019\/09\/25\/etb-refugio-para-los-independentistas-catalanes-ante-la-tibia-tv3\/\" rel=\"nofollow noopener\" target=\"_blank\">ETB2<\/a> (Pa\u00eds Vasco). Si quieren abrir una barber\u00eda, h\u00e1ganlo enfrente o al lado de otra&#8230;<\/p>\n<p>La 2Cat y 3Cat, un l\u00edo de marcas<\/p>\n<p>En aquella presentaci\u00f3n de La 2Cat con la flor y nata de RTVE Catalu\u00f1a, el presidente de la Corporaci\u00f3n, Jos\u00e9 Pablo L\u00f3pez, verbaliz\u00f3 su \u00abcompromiso\u00bb con el \u00abpluriling\u00fcismo\u00bb. Durante los \u00faltimos a\u00f1os y ante el vac\u00edo de poder de <a href=\"https:\/\/www.3cat.cat\/3cat\/\" target=\"_blank\" rel=\"noreferrer noopener nofollow\">3Cat<\/a> en cuanto a ficci\u00f3n propia, RTVE ha producido series en catal\u00e1n \u2013muy buenas\u2013 como Ser o no ser, Dieciocho y Esto no es Suecia. De cara a la galer\u00eda, La 2Cat es un \u00abcomplemento\u00bb a TV3. De puertas para dentro, La 2Cat es un v\u00e1lido intento de RTVE por convencer al p\u00fablico catal\u00e1n de que les elijan y vean.<\/p>\n<p>Y lo har\u00e1n este curso bajo la m\u00e1xima con la que operan \u2013casi\u2013 todas las emisoras: una programaci\u00f3n en directo. Al Caf\u00e9 de ideas, veterano matinal de La 2Cat con <a href=\"https:\/\/www.elindependiente.com\/series-y-television\/comunicacion\/2024\/07\/23\/rtve-recupera-el-debate-59-segundos-lo-presentara-gemma-nierga-y-lo-co-producira-mediapro\/\" rel=\"nofollow noopener\" target=\"_blank\">Gemma Nierga<\/a> (07.50) se le une El segundo caf\u00e9 (10.35) con Cristina Villanueva, rostro de laSexta desde su debut hace casi veinte a\u00f1os.<\/p>\n<p>Tendr\u00e1n, por supuesto, telediario propio con dos ediciones (13.55 y 20.30), a diferencia del resto de informativos territoriales; cocina (Cuina brutal con <a href=\"https:\/\/www.elindependiente.com\/tendencias\/2021\/08\/04\/chef-bosquet-prefiero-la-carne\/\" rel=\"nofollow noopener\" target=\"_blank\">Chef Bosquet<\/a>), deportes (De cara a barraca), coraz\u00f3n (Mamarazzis), un concurso con el actor Peter Vives, tertulia pol\u00edtica a mediod\u00eda\u2026 Hay quien se pregunta por qu\u00e9 no hace lo propio RTVE all\u00e1 \u2013Castilla y Le\u00f3n, Cantabria\u2013 donde no hay una televisi\u00f3n p\u00fablica. \u00bfY Galicia y Pa\u00eds Vasco? Por la tarde contin\u00faa el magac\u00edn L&#8217;altaveu, donde colabora <a href=\"https:\/\/www.elindependiente.com\/gente\/2023\/02\/24\/salvame-colecta-operacion-chelo-garcia-cortes\/\" rel=\"nofollow noopener\" target=\"_blank\">Chelo Garc\u00eda-Cort\u00e9s<\/a>.<\/p>\n<p>Aqu\u00ed la tierra (catalana)<\/p>\n<p>Porque para La 2Cat han tirado la casa por la ventana con personalidades \u2013talento\u2013 del circuito audiovisual catal\u00e1n. He ah\u00ed el fichaje de Jordi Bast\u00e9, director y presentador del matinal de RAC 1 (la radio m\u00e1s escuchada en Catalu\u00f1a), para un espacio semanal y nocturno de entrevistas, Plano secuencia. Laura Fa y Lorena V\u00e1zquez, las Mamarazzis de El Peri\u00f3dico, <a href=\"https:\/\/www.elindependiente.com\/espana\/2025\/10\/06\/bob-pop-alcalde-de-barcelona-no-tengo-nada-que-perder\/\" rel=\"nofollow noopener\" target=\"_blank\">Bob Pop<\/a> y Candela Pe\u00f1a\u2026 son algunos de los fichajes para los programas de entretenimiento.<\/p>\n<p>Tres son los formatos de La 2 que tambi\u00e9n se emitir\u00e1n de manera simult\u00e1nea en La 2Cat: Saber y ganar, Malas lenguas y Cifras y letras. No sorprende que se mantenga el espacio de <a href=\"https:\/\/www.elindependiente.com\/series-y-television\/comunicacion\/2025\/05\/23\/el-consejo-de-informativos-de-tve-abre-una-investigacion-a-los-programas-de-javier-ruiz-y-jesus-cintora\/\" rel=\"nofollow noopener\" target=\"_blank\">info-entretenimiento<\/a> con Jes\u00fas Cintora, pues Catalu\u00f1a es uno de los territorios donde mejor rinde. El pasado jueves, Malas lenguas registr\u00f3 en La 1 un 13,3% de cuota de pantalla, por encima de la media nacional (12,4%) y s\u00f3lo por detr\u00e1s de Murcia (22%), Navarra (19,6%), Madrid (16,6%), Valencia (16,1%) y Baleares (14,6%). S\u00ed sorprende el doblete de Jacob Petrus, que presentar\u00e1 en La 2Cat el esqueje catal\u00e1n de Aqu\u00ed la tierra, de apenas 20 minutos, una hora antes que en La 1 a nivel nacional.<\/p>\n<p>PUBLICIDAD<\/p>\n","protected":false},"excerpt":{"rendered":"En el plat\u00f3 de Late Xou con Marc Gir\u00f3 present\u00f3 RTVE hace unos d\u00edas su programaci\u00f3n exclusivamente por&hellip;\n","protected":false},"author":2,"featured_media":171164,"comment_status":"","ping_status":"","sticky":false,"template":"","format":"standard","meta":{"footnotes":""},"categories":[171],"tags":[1980,146,147,25,24,1827,518,23,807,214],"class_list":{"0":"post-171163","1":"post","2":"type-post","3":"status-publish","4":"format-standard","5":"has-post-thumbnail","7":"category-tv","8":"tag-cataluna","9":"tag-entertainment","10":"tag-entretenimiento","11":"tag-es","12":"tag-espana","13":"tag-medios","14":"tag-rtve","15":"tag-spain","16":"tag-television","17":"tag-tv"},"share_on_mastodon":{"url":"","error":""},"_links":{"self":[{"href":"https:\/\/www.europesays.com\/es\/wp-json\/wp\/v2\/posts\/171163","targetHints":{"allow":["GET"]}}],"collection":[{"href":"https:\/\/www.europesays.com\/es\/wp-json\/wp\/v2\/posts"}],"about":[{"href":"https:\/\/www.europesays.com\/es\/wp-json\/wp\/v2\/types\/post"}],"author":[{"embeddable":true,"href":"https:\/\/www.europesays.com\/es\/wp-json\/wp\/v2\/users\/2"}],"replies":[{"embeddable":true,"href":"https:\/\/www.europesays.com\/es\/wp-json\/wp\/v2\/comments?post=171163"}],"version-history":[{"count":0,"href":"https:\/\/www.europesays.com\/es\/wp-json\/wp\/v2\/posts\/171163\/revisions"}],"wp:featuredmedia":[{"embeddable":true,"href":"https:\/\/www.europesays.com\/es\/wp-json\/wp\/v2\/media\/171164"}],"wp:attachment":[{"href":"https:\/\/www.europesays.com\/es\/wp-json\/wp\/v2\/media?parent=171163"}],"wp:term":[{"taxonomy":"category","embeddable":true,"href":"https:\/\/www.europesays.com\/es\/wp-json\/wp\/v2\/categories?post=171163"},{"taxonomy":"post_tag","embeddable":true,"href":"https:\/\/www.europesays.com\/es\/wp-json\/wp\/v2\/tags?post=171163"}],"curies":[{"name":"wp","href":"https:\/\/api.w.org\/{rel}","templated":true}]}}