{"id":171165,"date":"2025-10-12T06:46:13","date_gmt":"2025-10-12T06:46:13","guid":{"rendered":"https:\/\/www.europesays.com\/es\/171165\/"},"modified":"2025-10-12T06:46:13","modified_gmt":"2025-10-12T06:46:13","slug":"nuevo-problema-en-el-reina-sofia-la-policia-se-lleva-a-un-aficionado-del-merida-por-liarla-en-plena-grada-salamancartv-al-dia","status":"publish","type":"post","link":"https:\/\/www.europesays.com\/es\/171165\/","title":{"rendered":"Nuevo problema en el Reina Sof\u00eda: la Polic\u00eda se lleva a un aficionado del M\u00e9rida por liarla en plena grada &#8211; SALAMANCArtv AL D\u00cdA"},"content":{"rendered":"<p class=\"prip\"><strong>Nuevo problema en el Reina Sof\u00eda por el que la Polic\u00eda Nacional se ha tenido que llevar a un aficionado del M\u00e9rida por liarla<\/strong> en plena grada -concretamente en la vieja-.<\/p>\n<p>De hecho, tras el <a href=\"https:\/\/salamancartvaldia.es\/noticia\/2025-10-11-fotos-y-video-unionistas-vuelve-a-la-senda-de-la-victoria-a-costa-del-merida-2-0-378151?rc=10\" target=\"_blank\" rel=\"noopener noopener  noreferrer nofollow\" title=\"Ir a: https:\/\/salamancartvaldia.es\/noticia\/2025-10-11-fotos-y-video-unionistas-vuelve-a-la-senda-de-la-victoria-a-costa-del-merida-2-0-378151?rc=10\">1-0<\/a>, obra de Abde de rebote, el seguidor ha comenzado a hacer gestos que no tocaban y los agentes han actuado en el lugar para evitar mayores complicaciones.<\/p>\n<p>No obstante, dicha persona ha tenido un <strong>peque\u00f1o forcejeo<\/strong> con las autoridades. Esto ha ocurrido tan solo unos d\u00edas despu\u00e9s del escupitajo de un hincha de Unionistas al banquillo del Celta B.<\/p>\n","protected":false},"excerpt":{"rendered":"Nuevo problema en el Reina Sof\u00eda por el que la Polic\u00eda Nacional se ha tenido que llevar a&hellip;\n","protected":false},"author":2,"featured_media":171166,"comment_status":"","ping_status":"","sticky":false,"template":"","format":"standard","meta":{"footnotes":""},"categories":[93],"tags":[20544,168,25,24,7236,3968,3614,23,167,8849],"class_list":{"0":"post-171165","1":"post","2":"type-post","3":"status-publish","4":"format-standard","5":"has-post-thumbnail","7":"category-deportes","8":"tag-aficionado","9":"tag-deportes","10":"tag-es","11":"tag-espana","12":"tag-merida","13":"tag-pelea","14":"tag-salamanca","15":"tag-spain","16":"tag-sports","17":"tag-unionistas"},"share_on_mastodon":{"url":"","error":""},"_links":{"self":[{"href":"https:\/\/www.europesays.com\/es\/wp-json\/wp\/v2\/posts\/171165","targetHints":{"allow":["GET"]}}],"collection":[{"href":"https:\/\/www.europesays.com\/es\/wp-json\/wp\/v2\/posts"}],"about":[{"href":"https:\/\/www.europesays.com\/es\/wp-json\/wp\/v2\/types\/post"}],"author":[{"embeddable":true,"href":"https:\/\/www.europesays.com\/es\/wp-json\/wp\/v2\/users\/2"}],"replies":[{"embeddable":true,"href":"https:\/\/www.europesays.com\/es\/wp-json\/wp\/v2\/comments?post=171165"}],"version-history":[{"count":0,"href":"https:\/\/www.europesays.com\/es\/wp-json\/wp\/v2\/posts\/171165\/revisions"}],"wp:featuredmedia":[{"embeddable":true,"href":"https:\/\/www.europesays.com\/es\/wp-json\/wp\/v2\/media\/171166"}],"wp:attachment":[{"href":"https:\/\/www.europesays.com\/es\/wp-json\/wp\/v2\/media?parent=171165"}],"wp:term":[{"taxonomy":"category","embeddable":true,"href":"https:\/\/www.europesays.com\/es\/wp-json\/wp\/v2\/categories?post=171165"},{"taxonomy":"post_tag","embeddable":true,"href":"https:\/\/www.europesays.com\/es\/wp-json\/wp\/v2\/tags?post=171165"}],"curies":[{"name":"wp","href":"https:\/\/api.w.org\/{rel}","templated":true}]}}