{"id":171174,"date":"2025-10-12T06:51:28","date_gmt":"2025-10-12T06:51:28","guid":{"rendered":"https:\/\/www.europesays.com\/es\/171174\/"},"modified":"2025-10-12T06:51:28","modified_gmt":"2025-10-12T06:51:28","slug":"miles-de-bombas-y-destruccion-visible-por-satelite-mapas-y-graficos-de-dos-anos-de-invasion-de-gaza-internacional","status":"publish","type":"post","link":"https:\/\/www.europesays.com\/es\/171174\/","title":{"rendered":"Miles de bombas y destrucci\u00f3n visible por sat\u00e9lite: mapas y gr\u00e1ficos de dos a\u00f1os de invasi\u00f3n de Gaza | Internacional"},"content":{"rendered":"<p class=\"\">Dos a\u00f1os, 67.000 muertos <a href=\"https:\/\/elpais.com\/internacional\/2025-10-05\/gaza-dos-anos-de-horror-indescriptible-y-un-pequeno-horizonte-de-esperanza.html\" rel=\"nofollow noopener\" target=\"_blank\">y mucho sufrimiento despu\u00e9s<\/a>, el alto el fuego en Gaza entr\u00f3 en vigor <a href=\"https:\/\/elpais.com\/internacional\/2025-10-09\/el-alto-el-fuego-en-gaza-entrara-en-vigor-24-horas-despues-de-que-el-gobierno-israeli-lo-ratifique-esta-tarde.html\" target=\"_self\" rel=\"nofollow noopener\" title=\"https:\/\/elpais.com\/internacional\/2025-10-09\/el-alto-el-fuego-en-gaza-entrara-en-vigor-24-horas-despues-de-que-el-gobierno-israeli-lo-ratifique-esta-tarde.html\">en la madrugada del pasado viernes<\/a>. Esta es una cronolog\u00eda visual de los principales hitos de la guerra.<\/p>\n<p>2023<\/p>\n<p class=\"\">El 7 de octubre de 2023, milicianos de Ham\u00e1s entraron en territorio israel\u00ed para <a href=\"https:\/\/elpais.com\/internacional\/2024-10-06\/la-matanza-del-7-de-octubre-como-hamas-asalto-la-frontera-con-israel-y-asesino-a-1200-personas.html\" target=\"_self\" rel=\"nofollow noopener\" title=\"https:\/\/elpais.com\/internacional\/2024-10-06\/la-matanza-del-7-de-octubre-como-hamas-asalto-la-frontera-con-israel-y-asesino-a-1200-personas.html\">perpetrar una masacre en la que fueron asesinadas 1.195 personas<\/a>, y otras 251 secuestradas. <\/p>\n<p> <img loading=\"lazy\" decoding=\"auto\" id=\"g-oct7map-movil-img\" class=\"g-oct7map-movil-img g-aiImg svelte-1ffbipl\" alt=\"\" src=\"https:\/\/www.europesays.com\/es\/wp-content\/uploads\/2025\/10\/oct7map-movil.jpg\"\/> <\/p>\n<p class=\"g-pstyle0 svelte-1ffbipl\">C\u00edrculos proporcionales<\/p>\n<p class=\"g-pstyle0 svelte-1ffbipl\">al n\u00famero de muertos<\/p>\n<p>                   <img loading=\"lazy\" decoding=\"auto\" id=\"g-oct7map-movil2-img\" class=\"g-oct7map-movil2-img g-aiImg svelte-1ffbipl\" alt=\"\" src=\"https:\/\/www.europesays.com\/es\/wp-content\/uploads\/2025\/10\/oct7map-movil2.jpg\"\/> <\/p>\n<p class=\"g-pstyle0 svelte-1ffbipl\">C\u00edrculos proporcionales<\/p>\n<p class=\"g-pstyle0 svelte-1ffbipl\">al n\u00famero de muertos<\/p>\n<p>                   <img loading=\"lazy\" decoding=\"auto\" id=\"g-oct7map-tableta-img\" class=\"g-oct7map-tableta-img g-aiImg svelte-1ffbipl\" alt=\"\" src=\"https:\/\/www.europesays.com\/es\/wp-content\/uploads\/2025\/10\/oct7map-tableta.jpg\"\/> <\/p>\n<p class=\"g-pstyle0 svelte-1ffbipl\">C\u00edrculos proporcionales<\/p>\n<p class=\"g-pstyle0 svelte-1ffbipl\">al n\u00famero de muertos<\/p>\n<p class=\"\">La represalia de Israel comenz\u00f3 ese mismo d\u00eda con el bombardeo de Gaza. En los primeros d\u00edas, la respuesta israel\u00ed lleg\u00f3 por el aire, con miles de bombardeos. Seg\u00fan el an\u00e1lisis de ACLED (organizaci\u00f3n que recopila datos de conflictos), el ej\u00e9rcito lanz\u00f3 11.000 ataques el primer mes. Para comparar, es una cifra que multiplica por 10 los bombardeos de Rusia sobre Ucrania en la ofensiva rel\u00e1mpago con la que inici\u00f3 la invasi\u00f3n de ese pa\u00eds en febrero de 2022. <\/p>\n<p>\t\t<img loading=\"lazy\" decoding=\"auto\" id=\"g-paises-movil-img\" class=\"g-paises-movil-img g-aiImg\" alt=\"\" src=\"https:\/\/www.europesays.com\/es\/wp-content\/uploads\/2025\/10\/paises-movil.png\"\/><\/p>\n<p class=\"g-pstyle2\">Primeros 30 d\u00edas (24 feb. al 24 mar. de 2022)<\/p>\n<p class=\"g-pstyle2\">Media de 30 d\u00edas (del a\u00f1o 2019)<\/p>\n<p>Fuente: Fuerzas Armadas de Israel, Centro de Operaciones A\u00e9reas Combinadas de EE UU (CAOC) y ACLED.<\/p>\n<p>\t\t<img loading=\"lazy\" decoding=\"auto\" id=\"g-paises-movil2-img\" class=\"g-paises-movil2-img g-aiImg\" alt=\"\" src=\"https:\/\/www.europesays.com\/es\/wp-content\/uploads\/2025\/10\/paises-movil2.png\"\/><\/p>\n<p class=\"g-pstyle2\">Primeros 30 d\u00edas (24 feb. al 24 mar. de 2022)<\/p>\n<p class=\"g-pstyle2\">Media de 30 d\u00edas (del a\u00f1o 2019)<\/p>\n<p>Fuente: Fuerzas Armadas de Israel, Centro de Operaciones A\u00e9reas Combinadas de EE UU (CAOC) y ACLED.<\/p>\n<p>\t\t<img loading=\"lazy\" decoding=\"auto\" id=\"g-paises-tableta-img\" class=\"g-paises-tableta-img g-aiImg\" alt=\"\" src=\"https:\/\/www.europesays.com\/es\/wp-content\/uploads\/2025\/10\/paises-tableta.png\"\/><\/p>\n<p class=\"g-pstyle3\">Primeros 30 d\u00edas (del 24 de febrero al 24 de marzo de 2022)<\/p>\n<p class=\"g-pstyle3\">Media de 30 d\u00edas (del a\u00f1o 2019)<\/p>\n<p>Fuente: Fuerzas Armadas de Israel, Centro de Operaciones A\u00e9reas Combinadas de EE UU (CAOC) y ACLED.<\/p>\n<p class=\"\">La <a href=\"https:\/\/elpais.com\/internacional\/2023-10-27\/mapas-que-ha-destruido-una-semana-de-bombardeos-israelies-en-gaza.html\" target=\"_self\" rel=\"nofollow noopener\" title=\"https:\/\/elpais.com\/internacional\/2023-10-27\/mapas-que-ha-destruido-una-semana-de-bombardeos-israelies-en-gaza.html\">destrucci\u00f3n lleg\u00f3 inmediatamente a la zona norte de la Franja<\/a>, donde previamente viv\u00eda m\u00e1s de un mill\u00f3n de personas, de los dos que compon\u00edan la poblaci\u00f3n gazat\u00ed antes del inicio de la ofensiva. En el siguiente mapa se muestran los edificios da\u00f1ados o destruidos en los primeros 10 d\u00edas de guerra, a partir del an\u00e1lisis de im\u00e1genes satelitales que public\u00f3 la Universidad de Oreg\u00f3n.<\/p>\n<p>\t\t<img loading=\"lazy\" decoding=\"auto\" id=\"g-franja2-movil-img\" class=\"g-franja2-movil-img g-aiImg\" alt=\"\" src=\"https:\/\/www.europesays.com\/es\/wp-content\/uploads\/2025\/10\/franja2-movil.png\"\/><\/p>\n<p class=\"g-pstyle2\">Edificios da\u00f1ados o destruidos en la Franja de Gaza<\/p>\n<p class=\"g-pstyle16\">Fuente: An\u00e1lisis de da\u00f1os a partir de las im\u00e1<\/p>\n<p class=\"g-pstyle16\">genes satelitales de Copernicus Sentinel-1 <\/p>\n<p class=\"g-pstyle16\">elaborado por Corey Scher y Jamon Van Den <\/p>\n<p class=\"g-pstyle16\">Hoek, del CUNY y la Universidad Estatal de <\/p>\n<p class=\"g-pstyle16\">Oreg\u00f3n, respectivamente.<\/p>\n<p>\t\t<img loading=\"lazy\" decoding=\"auto\" id=\"g-franja2-movil2-img\" class=\"g-franja2-movil2-img g-aiImg\" alt=\"\" src=\"https:\/\/www.europesays.com\/es\/wp-content\/uploads\/2025\/10\/franja2-movil2.png\"\/><\/p>\n<p class=\"g-pstyle2\">Edificios da\u00f1ados o destruidos en la <\/p>\n<p class=\"g-pstyle2\">Franja de Gaza<\/p>\n<p class=\"g-pstyle14\">Fuente: An\u00e1lisis de da\u00f1os a partir de las im\u00e1genes <\/p>\n<p class=\"g-pstyle14\">satelitales de Copernicus Sentinel-1 elaborado por <\/p>\n<p class=\"g-pstyle14\">Corey Scher y Jamon Van Den Hoek, del CUNY y la <\/p>\n<p class=\"g-pstyle14\">Universidad Estatal de Oreg\u00f3n, respectivamente.<\/p>\n<p>\t\t<img loading=\"lazy\" decoding=\"auto\" id=\"g-franja2-tableta-img\" class=\"g-franja2-tableta-img g-aiImg\" alt=\"\" src=\"https:\/\/www.europesays.com\/es\/wp-content\/uploads\/2025\/10\/franja2-tableta.png\"\/><\/p>\n<p class=\"g-pstyle0\">Edificios da\u00f1ados o destruidos hasta el 17 de octubre y m\u00e1s recientes<\/p>\n<p>Fuente: An\u00e1lisis de da\u00f1os a partir de las im\u00e1genes satelitales de Copernicus Sentinel-1 elaborado por Corey Scher y Jamon Van Den Hoek, del CUNY y la Universidad Estatal de Oreg\u00f3n, respectivamente.<\/p>\n<p class=\"\">Veinte d\u00edas despu\u00e9s del ataque terrorista, el 27 de octubre, <a href=\"https:\/\/elpais.com\/internacional\/2023-10-26\/el-ejercito-israeli-efectua-su-mayor-incursion-terrestre-en-gaza-desde-el-inicio-de-la-guerra.html\" target=\"_self\" rel=\"nofollow noopener\" title=\"https:\/\/elpais.com\/internacional\/2023-10-26\/el-ejercito-israeli-efectua-su-mayor-incursion-terrestre-en-gaza-desde-el-inicio-de-la-guerra.html\">las tropas y tanques israel\u00edes invadieron el enclave palestino por varios puntos<\/a>.<\/p>\n<p>\t\t<img loading=\"lazy\" decoding=\"auto\" id=\"g-invasion_recap-movil-img\" class=\"g-invasion_recap-movil-img g-aiImg\" alt=\"\" src=\"https:\/\/www.europesays.com\/es\/wp-content\/uploads\/2025\/10\/invasion_recap-movil.jpg\"\/><\/p>\n<p class=\"g-pstyle0\">El 28 de octubre el IDF publica las primeras<\/p>\n<p class=\"g-pstyle0\">im\u00e1genes de veh\u00edculos en  la Franja<\/p>\n<p class=\"g-pstyle1\">En la primera fase hay al menos tres <\/p>\n<p class=\"g-pstyle1\">frentes: 1 la costa del Mediterr\u00e1neo, <\/p>\n<p class=\"g-pstyle1\">2 los alrededores de Beit Hanoun y 3 <\/p>\n<p class=\"g-pstyle1\">el sur de Ciudad de Gaza<\/p>\n<p class=\"g-pstyle1\">El avance m\u00e1s efectivo<\/p>\n<p class=\"g-pstyle1\">ha sido el paralelo a <\/p>\n<p class=\"g-pstyle1\">la costa<\/p>\n<p class=\"g-pstyle1\">El segundo frente<\/p>\n<p class=\"g-pstyle1\">entra desde<\/p>\n<p class=\"g-pstyle1\">el noreste <\/p>\n<p class=\"g-pstyle1\">El ej\u00e9rcito israel\u00ed ha <\/p>\n<p class=\"g-pstyle1\">creado un pasillo entre <\/p>\n<p class=\"g-pstyle1\">los dos frentes<\/p>\n<p class=\"g-pstyle1\">Salah al Din<\/p>\n<p class=\"g-pstyle3\">Principal v\u00eda de<\/p>\n<p class=\"g-pstyle3\">evacuaci\u00f3n<\/p>\n<p class=\"g-pstyle3\">al sur<\/p>\n<p class=\"g-pstyle1\">Las tropas israel\u00edes llegan al <\/p>\n<p class=\"g-pstyle1\">hospital al hospital Al Shifa el 15 de <\/p>\n<p class=\"g-pstyle1\">noviembre: buscan los t\u00faneles de <\/p>\n<p class=\"g-pstyle1\">Ham\u00e1s bajo las instalaciones<\/p>\n<p class=\"g-pstyle1\">El hospital Al Quds deja <\/p>\n<p class=\"g-pstyle1\">de funcionar el 15 de <\/p>\n<p class=\"g-pstyle7\">noviembre<\/p>\n<p class=\"g-pstyle7\">El 17 de noviembre, los <\/p>\n<p class=\"g-pstyle1\">sat\u00e9lites capturan un <\/p>\n<p class=\"g-pstyle1\">punto de control en la<\/p>\n<p class=\"g-pstyle1\">carretera hacia el sur<\/p>\n<p class=\"g-pstyle1\">Ya a comienzos de <\/p>\n<p class=\"g-pstyle1\">noviembre el ej\u00e9rcito <\/p>\n<p class=\"g-pstyle1\">alcanza el Mediterr\u00e1neo <\/p>\n<p class=\"g-pstyle1\">desde el sur y corta en dos <\/p>\n<p class=\"g-pstyle1\">la Franja<\/p>\n<p class=\"g-pstyle7\">El 20 de noviembre, tropas <\/p>\n<p class=\"g-pstyle1\">israel\u00edes posan ante el Palacio <\/p>\n<p class=\"g-pstyle1\">de Justicia destruido.<\/p>\n<p class=\"g-pstyle1\">L\u00edmite de<\/p>\n<p class=\"g-pstyle1\">evacuaci\u00f3n<\/p>\n<p class=\"g-pstyle1\">inicial<\/p>\n<p class=\"g-pstyle1\">Israel contin\u00faa su operaci\u00f3n en el sur de <\/p>\n<p class=\"g-pstyle1\">la Franja: ha ordenado evacuar zonas del <\/p>\n<p class=\"g-pstyle1\">suroeste y en los ha llegado a Jan Yunis, <\/p>\n<p class=\"g-pstyle1\">segunda ciudad de la Gaza<\/p>\n<p>\t\t<img loading=\"lazy\" decoding=\"auto\" id=\"g-invasion_recap-movil2-img\" class=\"g-invasion_recap-movil2-img g-aiImg\" alt=\"\" src=\"https:\/\/www.europesays.com\/es\/wp-content\/uploads\/2025\/10\/invasion_recap-movil2.jpg\"\/><\/p>\n<p class=\"g-pstyle0\">El 28 de octubre el IDF publica las primeras<\/p>\n<p class=\"g-pstyle0\">im\u00e1genes de veh\u00edculos en  la Franja<\/p>\n<p class=\"g-pstyle1\">En la primera fase hay al menos <\/p>\n<p class=\"g-pstyle1\">tres frentes: 1 la costa del <\/p>\n<p class=\"g-pstyle1\">Mediterr\u00e1neo, 2 los alrededores <\/p>\n<p class=\"g-pstyle1\">de Beit Hanoun y 3 el sur de <\/p>\n<p class=\"g-pstyle1\">Ciudad de Gaza<\/p>\n<p class=\"g-pstyle1\">El avance m\u00e1s r\u00e1pido es el que <\/p>\n<p class=\"g-pstyle1\">entra desde el norte y va <\/p>\n<p class=\"g-pstyle1\">paralelo a la costa<\/p>\n<p class=\"g-pstyle1\">El segundo frente<\/p>\n<p class=\"g-pstyle1\">entra desde el noreste <\/p>\n<p class=\"g-pstyle1\">El ej\u00e9rcito israel\u00ed ha <\/p>\n<p class=\"g-pstyle1\">creado un pasillo entre <\/p>\n<p class=\"g-pstyle1\">los dos frentes<\/p>\n<p class=\"g-pstyle1\">Salah al Din<\/p>\n<p class=\"g-pstyle3\">Principal v\u00eda de<\/p>\n<p class=\"g-pstyle3\">evacuaci\u00f3n<\/p>\n<p class=\"g-pstyle3\">al sur<\/p>\n<p class=\"g-pstyle1\">Las tropas israel\u00edes llegan al <\/p>\n<p class=\"g-pstyle1\">hospital al hospital Al Shifa el 15 de <\/p>\n<p class=\"g-pstyle1\">noviembre: buscan los t\u00faneles de <\/p>\n<p class=\"g-pstyle1\">Ham\u00e1s bajo las instalaciones<\/p>\n<p class=\"g-pstyle1\">El hospital Al Quds deja <\/p>\n<p class=\"g-pstyle1\">de funcionar el 15 de <\/p>\n<p class=\"g-pstyle7\">noviembre<\/p>\n<p class=\"g-pstyle10\">El 17 de noviembre, los <\/p>\n<p class=\"g-pstyle11\">sat\u00e9lites capturan un punto <\/p>\n<p class=\"g-pstyle11\">de control en la carretera <\/p>\n<p class=\"g-pstyle11\">hacia el sur<\/p>\n<p class=\"g-pstyle1\">Ya a comienzos de noviembre el <\/p>\n<p class=\"g-pstyle1\">ej\u00e9rcito alcanza el Mediterr\u00e1neo <\/p>\n<p class=\"g-pstyle1\">desde el sur y corta en dos la <\/p>\n<p class=\"g-pstyle1\">Franja<\/p>\n<p class=\"g-pstyle7\">El 20 de noviembre, tropas <\/p>\n<p class=\"g-pstyle1\">israel\u00edes posan ante el Palacio <\/p>\n<p class=\"g-pstyle1\">de Justicia destruido.<\/p>\n<p class=\"g-pstyle1\">L\u00edmite de<\/p>\n<p class=\"g-pstyle1\">evacuaci\u00f3n<\/p>\n<p class=\"g-pstyle1\">inicial<\/p>\n<p class=\"g-pstyle1\">Israel contin\u00faa su operaci\u00f3n en el sur de <\/p>\n<p class=\"g-pstyle1\">la Franja: ha ordenado evacuar zonas del <\/p>\n<p class=\"g-pstyle1\">suroeste y en los ha llegado a Jan Yunis, <\/p>\n<p class=\"g-pstyle1\">segunda ciudad de la Gaza<\/p>\n<p>\t\t<img loading=\"lazy\" decoding=\"auto\" id=\"g-invasion_recap-tableta-img\" class=\"g-invasion_recap-tableta-img g-aiImg\" alt=\"\" src=\"https:\/\/www.europesays.com\/es\/wp-content\/uploads\/2025\/10\/invasion_recap-tableta.jpg\"\/><\/p>\n<p class=\"g-pstyle0\">El 28 de octubre el IDF publica las <\/p>\n<p class=\"g-pstyle0\">primeras im\u00e1genes de veh\u00edculos en <\/p>\n<p class=\"g-pstyle0\">la Franja<\/p>\n<p class=\"g-pstyle2\">En la primera fase hay al menos <\/p>\n<p class=\"g-pstyle2\">tres frentes: 1 la costa del <\/p>\n<p class=\"g-pstyle2\">Mediterr\u00e1neo, 2 los alrededores <\/p>\n<p class=\"g-pstyle2\">de Beit Hanoun y 3 el sur de <\/p>\n<p class=\"g-pstyle2\">Ciudad de Gaza<\/p>\n<p class=\"g-pstyle5\">Nuevas v\u00edas de acceso<\/p>\n<p class=\"g-pstyle5\">creadas por Israel<\/p>\n<p class=\"g-pstyle2\">El avance m\u00e1s r\u00e1pido es el que <\/p>\n<p class=\"g-pstyle2\">entra desde el norte y va <\/p>\n<p class=\"g-pstyle2\">paralelo a la costa<\/p>\n<p class=\"g-pstyle2\">El segundo frente entra <\/p>\n<p class=\"g-pstyle2\">desde el noreste <\/p>\n<p class=\"g-pstyle2\">Esta semana el ej\u00e9rcito israel\u00ed <\/p>\n<p class=\"g-pstyle2\">consigui\u00f3 crear un pasillo <\/p>\n<p class=\"g-pstyle2\">corredor entre dos frentes<\/p>\n<p class=\"g-pstyle2\">Carretera<\/p>\n<p class=\"g-pstyle2\">Salah al Din<\/p>\n<p class=\"g-pstyle5\">Principal v\u00eda de evacuaci\u00f3n<\/p>\n<p class=\"g-pstyle5\">hacia el sur<\/p>\n<p class=\"g-pstyle4\">El 7 de noviembre uno de <\/p>\n<p class=\"g-pstyle2\">cada tres edificios del norte <\/p>\n<p class=\"g-pstyle2\">de la Franja est\u00e1n da\u00f1ados, <\/p>\n<p class=\"g-pstyle2\">seg\u00fan un an\u00e1lisis de <\/p>\n<p class=\"g-pstyle2\">im\u00e1genes sat\u00e9lites<\/p>\n<p class=\"g-pstyle2\">Las tropas israel\u00edes llegan al <\/p>\n<p class=\"g-pstyle2\">hospital al hospital Al Shifa el 15 de <\/p>\n<p class=\"g-pstyle2\">noviembre: buscan los t\u00faneles de <\/p>\n<p class=\"g-pstyle2\">Ham\u00e1s bajo las instalaciones<\/p>\n<p class=\"g-pstyle4\">El 13 de noviembre, Militares <\/p>\n<p class=\"g-pstyle2\">israel\u00edes posan ante el Parlamento <\/p>\n<p class=\"g-pstyle2\">palestino destruido<\/p>\n<p class=\"g-pstyle2\">El hospital Al Quds deja <\/p>\n<p class=\"g-pstyle2\">de funcionar el 15 de <\/p>\n<p class=\"g-pstyle4\">noviembre<\/p>\n<p class=\"g-pstyle2\">El 17 de noviembre, los sat\u00e9lites <\/p>\n<p class=\"g-pstyle2\">capturan un punto de control en <\/p>\n<p class=\"g-pstyle2\">la carretera hacia el sur<\/p>\n<p class=\"g-pstyle2\">Ya a comienzos de noviembre el <\/p>\n<p class=\"g-pstyle2\">ej\u00e9rcito alcanza el Mediterr\u00e1neo <\/p>\n<p class=\"g-pstyle2\">desde el sur y corta en dos la <\/p>\n<p class=\"g-pstyle2\">Franja<\/p>\n<p class=\"g-pstyle4\">El 20 de noviembre, tropas <\/p>\n<p class=\"g-pstyle2\">israel\u00edes posan ante el Palacio <\/p>\n<p class=\"g-pstyle2\">de Justicia destruido.<\/p>\n<p class=\"g-pstyle2\">Israel contin\u00faa su operaci\u00f3n en el sur de <\/p>\n<p class=\"g-pstyle2\">la Franja: ha ordenado evacuar zonas del <\/p>\n<p class=\"g-pstyle2\">suroeste y en los ha llegado a Jan Yunis, <\/p>\n<p class=\"g-pstyle2\">segunda ciudad de la Gaza<\/p>\n<p class=\"g-pstyle2\">L\u00edmite de<\/p>\n<p class=\"g-pstyle2\">evacuaci\u00f3n<\/p>\n<p class=\"g-pstyle2\">inicial<\/p>\n<p>\t\t<img loading=\"lazy\" decoding=\"auto\" id=\"g-invasion_recap-escritorio-img\" class=\"g-invasion_recap-escritorio-img g-aiImg\" alt=\"\" src=\"https:\/\/www.europesays.com\/es\/wp-content\/uploads\/2025\/10\/invasion_recap-escritorio.jpg\"\/><\/p>\n<p class=\"g-pstyle0\">El 28 de octubre el IDF publica las <\/p>\n<p class=\"g-pstyle0\">primeras im\u00e1genes de veh\u00edculos en <\/p>\n<p class=\"g-pstyle0\">la Franja<\/p>\n<p class=\"g-pstyle2\">En la primera fase hay al menos tres frentes:<\/p>\n<p class=\"g-pstyle2\">1 la costa del Mediterr\u00e1neo<\/p>\n<p class=\"g-pstyle2\">2 los alrededores de Beit Hanoun <\/p>\n<p class=\"g-pstyle2\">3 el sur de Ciudad de Gaza<\/p>\n<p class=\"g-pstyle5\">Nuevas v\u00edas de acceso<\/p>\n<p class=\"g-pstyle5\">creadas por Israel<\/p>\n<p class=\"g-pstyle9\">El avance m\u00e1s r\u00e1pido es el que <\/p>\n<p class=\"g-pstyle9\">entra desde el norte y va <\/p>\n<p class=\"g-pstyle9\">paralelo a la costa<\/p>\n<p class=\"g-pstyle9\">El segundo frente entra <\/p>\n<p class=\"g-pstyle9\">desde el noreste <\/p>\n<p class=\"g-pstyle9\">Esta semana el ej\u00e9rcito israel\u00ed <\/p>\n<p class=\"g-pstyle9\">consigui\u00f3 crear un pasillo <\/p>\n<p class=\"g-pstyle9\">corredor entre dos frentes<\/p>\n<p class=\"g-pstyle9\">Carretera<\/p>\n<p class=\"g-pstyle9\">Salah al Din<\/p>\n<p class=\"g-pstyle5\">Principal v\u00eda de evacuaci\u00f3n<\/p>\n<p class=\"g-pstyle5\">hacia el sur<\/p>\n<p class=\"g-pstyle9\">El 7 de noviembre uno de cada tres <\/p>\n<p class=\"g-pstyle9\">edificios del norte de la Franja est\u00e1n <\/p>\n<p class=\"g-pstyle9\">da\u00f1ados, seg\u00fan un an\u00e1lisis de im\u00e1genes <\/p>\n<p class=\"g-pstyle9\">sat\u00e9lites<\/p>\n<p class=\"g-pstyle9\">Las tropas israel\u00edes llegan al <\/p>\n<p class=\"g-pstyle9\">hospital al hospital Al Shifa el 15 de <\/p>\n<p class=\"g-pstyle9\">noviembre: buscan los t\u00faneles de <\/p>\n<p class=\"g-pstyle9\">Ham\u00e1s bajo las instalaciones<\/p>\n<p class=\"g-pstyle4\">El 13 de noviembre, Militares <\/p>\n<p class=\"g-pstyle9\">israel\u00edes posan ante el Parlamento <\/p>\n<p class=\"g-pstyle9\">palestino destruido<\/p>\n<p class=\"g-pstyle9\">El hospital Al Quds deja <\/p>\n<p class=\"g-pstyle9\">de funcionar el 15 de <\/p>\n<p class=\"g-pstyle4\">noviembre<\/p>\n<p class=\"g-pstyle9\">El 17 de noviembre, los sat\u00e9lites capturan un <\/p>\n<p class=\"g-pstyle9\">punto de control en la carretera hacia el sur<\/p>\n<p class=\"g-pstyle9\">Ya a comienzos de noviembre el <\/p>\n<p class=\"g-pstyle9\">ej\u00e9rcito alcanza el Mediterr\u00e1neo <\/p>\n<p class=\"g-pstyle9\">desde el sur y corta en dos la <\/p>\n<p class=\"g-pstyle9\">Franja<\/p>\n<p class=\"g-pstyle4\">El 20 de noviembre, tropas <\/p>\n<p class=\"g-pstyle9\">israel\u00edes posan ante el Palacio <\/p>\n<p class=\"g-pstyle9\">de Justicia destruido.<\/p>\n<p class=\"g-pstyle9\">Israel contin\u00faa su operaci\u00f3n en el sur de <\/p>\n<p class=\"g-pstyle9\">la Franja: ha ordenado evacuar zonas del <\/p>\n<p class=\"g-pstyle9\">suroeste y en los ha llegado a Jan Yunis, <\/p>\n<p class=\"g-pstyle9\">segunda ciudad de la Gaza<\/p>\n<p class=\"g-pstyle9\">L\u00edmite de<\/p>\n<p class=\"g-pstyle9\">evacuaci\u00f3n<\/p>\n<p class=\"g-pstyle9\">inicial<\/p>\n<p class=\"\">Ya desde el comienzo de la invasi\u00f3n, los residentes del norte de la Franja huyeron hacia las poblaciones del sur. En Ciudad de Gaza, donde se encontraban <a href=\"https:\/\/elpais.com\/internacional\/2023-10-22\/los-mapas-del-exodo-en-gaza-600000-personas-huyen-por-una-carretera-de-45-kilometros.html\" target=\"_self\" rel=\"nofollow noopener\" title=\"https:\/\/elpais.com\/internacional\/2023-10-22\/los-mapas-del-exodo-en-gaza-600000-personas-huyen-por-una-carretera-de-45-kilometros.html\">algunas de las manzanas de edificios m\u00e1s densas del mundo<\/a>, escaparon de la noche a la ma\u00f1ana m\u00e1s de 600.000 personas. Jan Yunis fue el destino de muchos de los desplazados, y esta localidad lleg\u00f3 a doblar la poblaci\u00f3n en pocos d\u00edas: en algunas de las \u00e1reas m\u00e1s densas de esa ciudad, donde antes del conflicto viv\u00edan 270 personas por hect\u00e1rea, pasaron a refugiarse hasta 540.<\/p>\n<p>\t\t<img loading=\"lazy\" decoding=\"auto\" id=\"g-densidades-movil-img\" class=\"g-densidades-movil-img g-aiImg\" alt=\"\" src=\"https:\/\/www.europesays.com\/es\/wp-content\/uploads\/2025\/10\/densidades-movil.png\"\/><\/p>\n<p class=\"g-pstyle0\">Cu\u00e1nta gente vive en un \u00e1rea de <\/p>\n<p class=\"g-pstyle0\">100 x 100 metros muy densamente poblada<\/p>\n<p class=\"g-pstyle3\">Ciudad de Gaza antes de la evacuaci\u00f3n<\/p>\n<p class=\"g-pstyle4\">Comparado con un \u00e1rea muy densa de Madrid<\/p>\n<p>Fuente: WorldPop. La densidad de poblaci\u00f3n tanto de Madrid como de las ciudades antes de la evacuaci\u00f3n corresponde a 2020. <\/p>\n<p>\t\t<img loading=\"lazy\" decoding=\"auto\" id=\"g-densidades-movil2-img\" class=\"g-densidades-movil2-img g-aiImg\" alt=\"\" src=\"https:\/\/www.europesays.com\/es\/wp-content\/uploads\/2025\/10\/densidades-movil2.png\"\/><\/p>\n<p class=\"g-pstyle0\">Cu\u00e1nta gente vive en un \u00e1rea de <\/p>\n<p class=\"g-pstyle0\">100 x 100 metros muy densamente poblada<\/p>\n<p class=\"g-pstyle2\">Ciudad de Gaza antes de la evacuaci\u00f3n<\/p>\n<p class=\"g-pstyle4\">Comparado con un \u00e1rea muy densa de Madrid<\/p>\n<p>Fuente: WorldPop. La densidad de poblaci\u00f3n tanto de Madrid como de las ciudades antes de la evacuaci\u00f3n corresponde a 2020. <\/p>\n<p>\t\t<img loading=\"lazy\" decoding=\"auto\" id=\"g-densidades-tableta-img\" class=\"g-densidades-tableta-img g-aiImg\" alt=\"\" src=\"https:\/\/www.europesays.com\/es\/wp-content\/uploads\/2025\/10\/densidades-tableta.png\"\/><\/p>\n<p class=\"g-pstyle0\">Cu\u00e1nta gente vive en un \u00e1rea de 100 x 100 metros muy densamente poblada<\/p>\n<p class=\"g-pstyle2\">Ciudad de Gaza antes de la evacuaci\u00f3n<\/p>\n<p class=\"g-pstyle4\">Comparado con un \u00e1rea muy densa de Madrid<\/p>\n<p class=\"g-pstyle4\">Comparado con un \u00e1rea muy densa de Madrid<\/p>\n<p class=\"g-pstyle4\">Comparado con un \u00e1rea muy densa de Madrid<\/p>\n<p>Fuente: WorldPop. Se muestra una de las celdas dentro del 10% de zonas m\u00e1s pobladas de la ciudad en cada momento. Todos los datos de antes de la evacuaci\u00f3n corresponden a 2020. <\/p>\n<p class=\"\">El 24 de noviembre comenz\u00f3 un primer alto el fuego, que dur\u00f3 una semana. Se produjo el mayor canje de prisioneros palestinos por rehenes en manos de Ham\u00e1s. Pero el 1 de diciembre se rompi\u00f3 la tregua con acusaciones cruzadas entre Israel y Ham\u00e1s. Los bombardeos empezaron entonces a centrarse en el sur de la Franja, en Jan Yunis, la segunda ciudad del enclave palestino, que ya estaba desbordada por la <a href=\"https:\/\/elpais.com\/internacional\/2023-10-22\/los-mapas-del-exodo-en-gaza-600000-personas-huyen-por-una-carretera-de-45-kilometros.html\" rel=\"nofollow noopener\" target=\"_blank\">afluencia de personas desde el norte<\/a>.<\/p>\n<p>\t\t<img loading=\"lazy\" decoding=\"auto\" id=\"g-south_update_13d-movil-img\" class=\"g-south_update_13d-movil-img g-aiImg\" alt=\"\" src=\"https:\/\/www.europesays.com\/es\/wp-content\/uploads\/2025\/10\/south_update_13d-movil.png\"\/><\/p>\n<p class=\"g-pstyle0\">Israel lleva la guerra al sur <\/p>\n<p class=\"g-pstyle0\">de la Franja<\/p>\n<p class=\"g-pstyle1\">Primera zona<\/p>\n<p class=\"g-pstyle1\">con orden de<\/p>\n<p class=\"g-pstyle1\">evacuaci\u00f3n<\/p>\n<p class=\"g-pstyle6\">Avances de<\/p>\n<p class=\"g-pstyle6\">Israel en<\/p>\n<p class=\"g-pstyle6\">diciembre<\/p>\n<p class=\"g-pstyle8\">Zona con orden<\/p>\n<p class=\"g-pstyle8\">de evacuaci\u00f3n<\/p>\n<p class=\"g-pstyle8\">reciente<\/p>\n<p class=\"g-pstyle9\">Fuente: Centro para el Estudio de la Guerra <\/p>\n<p class=\"g-pstyle9\">(ISW), Misi\u00f3n Sentinel 2.<\/p>\n<p>\t\t<img loading=\"lazy\" decoding=\"auto\" id=\"g-south_update_13d-movil2-img\" class=\"g-south_update_13d-movil2-img g-aiImg\" alt=\"\" src=\"https:\/\/www.europesays.com\/es\/wp-content\/uploads\/2025\/10\/south_update_13d-movil2.png\"\/><\/p>\n<p class=\"g-pstyle0\">Israel lleva la guerra al sur <\/p>\n<p class=\"g-pstyle0\">de la Franja<\/p>\n<p class=\"g-pstyle1\">Primera zona<\/p>\n<p class=\"g-pstyle1\">con orden de<\/p>\n<p class=\"g-pstyle1\">evacuaci\u00f3n<\/p>\n<p class=\"g-pstyle6\">Avances de<\/p>\n<p class=\"g-pstyle6\">Israel en<\/p>\n<p class=\"g-pstyle6\">diciembre<\/p>\n<p class=\"g-pstyle8\">Zona con orden<\/p>\n<p class=\"g-pstyle8\">de evacuaci\u00f3n<\/p>\n<p class=\"g-pstyle8\">reciente<\/p>\n<p class=\"g-pstyle9\">Fuente: Centro para el Estudio de la Guerra <\/p>\n<p class=\"g-pstyle9\">(ISW), Misi\u00f3n Sentinel 2.<\/p>\n<p>\t\t<img loading=\"lazy\" decoding=\"auto\" id=\"g-south_update_13d-tableta-img\" class=\"g-south_update_13d-tableta-img g-aiImg\" alt=\"\" src=\"https:\/\/www.europesays.com\/es\/wp-content\/uploads\/2025\/10\/south_update_13d-tableta.png\"\/><\/p>\n<p class=\"g-pstyle0\">Israel lleva la guerra al sur de la Franja<\/p>\n<p class=\"g-pstyle1\">Primera zona<\/p>\n<p class=\"g-pstyle1\">con orden de<\/p>\n<p class=\"g-pstyle1\">evacuaci\u00f3n<\/p>\n<p class=\"g-pstyle6\">Avances de<\/p>\n<p class=\"g-pstyle6\">Israel en<\/p>\n<p class=\"g-pstyle6\">diciembre<\/p>\n<p class=\"g-pstyle9\">Zona con orden<\/p>\n<p class=\"g-pstyle9\">de evacuaci\u00f3n<\/p>\n<p class=\"g-pstyle9\">reciente<\/p>\n<p class=\"g-pstyle10\">Fuente: Centro para el Estudio de la Guerra (ISW), Misi\u00f3n Sentinel 2.<\/p>\n<p> 2024<\/p>\n<p class=\"\">Durante 2024 la destrucci\u00f3n alcanza pr\u00e1cticamente todos los rincones del enclave, agravando la crisis humanitaria. <\/p>\n<p>La destrucci\u00f3n ha alcanzado todos los rincones de la Franja<\/p>\n<p>Octubre de 2023<\/p>\n<p>Edificios da\u00f1ados: 10%<\/p>\n<p>  <img loading=\"lazy\" decoding=\"auto\" id=\"g-damage_grid-october-img\" class=\"g-damage_grid-october-img g-aiImg svelte-eb5hyb\" alt=\"\" src=\"https:\/\/www.europesays.com\/es\/wp-content\/uploads\/2025\/10\/damage_grid-october.jpg\"\/>      <\/p>\n<p>Noviembre de 2023<\/p>\n<p>30%<\/p>\n<p>  <img loading=\"lazy\" decoding=\"auto\" id=\"g-damage_grid-novermber-img\" class=\"g-damage_grid-novermber-img g-aiImg svelte-10pljv6\" alt=\"\" src=\"https:\/\/www.europesays.com\/es\/wp-content\/uploads\/2025\/10\/damage_grid-novermber.jpg\"\/>   <\/p>\n<p>Enero de 2024<\/p>\n<p>50%<\/p>\n<p>  <img loading=\"lazy\" decoding=\"auto\" id=\"g-damage_grid-january2024-img\" class=\"g-damage_grid-january2024-img g-aiImg svelte-qbi13u\" alt=\"\" src=\"https:\/\/www.europesays.com\/es\/wp-content\/uploads\/2025\/10\/damage_grid-january2024.jpg\"\/>   <\/p>\n<p>Enero de 2025<\/p>\n<p>60%<\/p>\n<p>  <img loading=\"lazy\" decoding=\"auto\" id=\"g-damage_grid-january2025-img\" class=\"g-damage_grid-january2025-img g-aiImg svelte-cbnjua\" alt=\"\" src=\"https:\/\/www.europesays.com\/es\/wp-content\/uploads\/2025\/10\/damage_grid-january2025.jpg\"\/>   <\/p>\n<p>Fuente: Destrucci\u00f3n de edificios basada en datos Sentinel-1 de Copernicus, analizados por Corey Scher y Jamon Van Den Hoek, identificando edificios da\u00f1ados desde octubre de 2023 mediante se\u00f1ales de radar., OpenStreetMap.<\/p>\n<p class=\"\">Las <a href=\"https:\/\/elpais.com\/internacional\/2024-04-10\/lo-que-las-imagenes-de-satelite-muestran-de-la-destruccion-de-gaza-tras-seis-meses-de-guerra.html\" target=\"_self\" rel=\"nofollow noopener\" title=\"https:\/\/elpais.com\/internacional\/2024-04-10\/lo-que-las-imagenes-de-satelite-muestran-de-la-destruccion-de-gaza-tras-seis-meses-de-guerra.html\">poblaciones quedan arrasadas por los bombardeos<\/a> y sus antiguos habitantes se desplazan y levantan campamentos de tiendas de campa\u00f1a en los escasos espacios que van quedando. En el sur de Gaza se hacina gran parte de la poblaci\u00f3n gazat\u00ed.<\/p>\n<p>2023<\/p>\n<p>  <img loading=\"lazy\" decoding=\"auto\" id=\"g-rafah_tents_grid-2023-img\" class=\"g-rafah_tents_grid-img g-aiImg svelte-uito4v\" alt=\"\" src=\"https:\/\/www.europesays.com\/es\/wp-content\/uploads\/2025\/10\/rafah_tents_grid-2023.jpg\"\/>      <\/p>\n<p>2024<\/p>\n<p>  <img loading=\"lazy\" decoding=\"auto\" id=\"g-rafah_tents_grid-2024-img\" class=\"g-rafah_tents_grid-img g-aiImg svelte-1xfwh81\" alt=\"\" src=\"https:\/\/www.europesays.com\/es\/wp-content\/uploads\/2025\/10\/rafah_tents_grid-2024.jpg\"\/>   <\/p>\n<p>Fuente: Planet.<\/p>\n<p>2025<\/p>\n<p class=\"\">El 19 de enero de 2025 se inicia el segundo alto el fuego, que durar\u00e1 cerca de dos meses. Los ataques se reducen, y se lleva a cabo un intercambio de prisioneros entre Israel y Ham\u00e1s.<\/p>\n<p class=\"\">Las desavenencias entre el primer ministro israel\u00ed, Benjam\u00edn Netanyahu, y la organizaci\u00f3n islamista Ham\u00e1s <a href=\"https:\/\/elpais.com\/internacional\/2025-03-18\/israel-pulveriza-por-sorpresa-el-alto-el-fuego-en-gaza-con-una-oleada-masiva-de-bombardeos-que-causa-decenas-de-muertos.html\" target=\"_self\" rel=\"nofollow noopener\" title=\"https:\/\/elpais.com\/internacional\/2025-03-18\/israel-pulveriza-por-sorpresa-el-alto-el-fuego-en-gaza-con-una-oleada-masiva-de-bombardeos-que-causa-decenas-de-muertos.html\">sobre el cumplimiento de las promesas pactadas<\/a>, como en el ritmo y garant\u00edas de la liberaci\u00f3n de rehenes, hac\u00edan m\u00e1s dif\u00edcil cada d\u00eda el sostenimiento del alto el fuego. Israel, que acabar\u00eda rompiendo esa tregua, cort\u00f3 pr\u00e1cticamente por completo la entrada de ayuda en la Franja, lo que agrav\u00f3 la crisis humanitaria.<\/p>\n<p class=\"\">Los puntos de entrega de ayuda humanitaria en toda la Franja se redujeron posteriormente a cuatro, gestionados por una entidad privada impulsada por Israel y Estados Unidos y al margen de la ONU. Se convirtieron, adem\u00e1s, en <a href=\"https:\/\/elpais.com\/internacional\/2025-07-27\/israel-convierte-el-hambre-en-un-arma-la-crisis-explicada-en-graficos.html\" target=\"_self\" rel=\"nofollow noopener\" title=\"https:\/\/elpais.com\/internacional\/2025-07-27\/israel-convierte-el-hambre-en-un-arma-la-crisis-explicada-en-graficos.html\">lugares muy peligrosos<\/a>, en los que cientos de civiles palestinos <a href=\"https:\/\/elpais.com\/planeta-futuro\/2025-08-03\/el-viaje-de-ahmed-ajour-a-un-centro-de-distribucion-de-ayuda-en-gaza-nos-apuntaban-con-el-laser-y-disparaban-a-la-gente.html\" rel=\"nofollow noopener\" target=\"_blank\">murieron, una parte por disparos, cuando iban a buscar comida<\/a>.<\/p>\n<p class=\"\">La segunda tregua acab\u00f3 el 18 de marzo de 2025, <a href=\"https:\/\/elpais.com\/internacional\/2025-03-18\/israel-pulveriza-por-sorpresa-el-alto-el-fuego-en-gaza-con-una-oleada-masiva-de-bombardeos-que-causa-decenas-de-muertos.html\" target=\"_self\" rel=\"nofollow noopener\" title=\"https:\/\/elpais.com\/internacional\/2025-03-18\/israel-pulveriza-por-sorpresa-el-alto-el-fuego-en-gaza-con-una-oleada-masiva-de-bombardeos-que-causa-decenas-de-muertos.html\">pulverizada por Israel con una amplia oleada de bombardeos<\/a> por sorpresa. Los ataques repuntaron en los meses siguientes, y las zonas seguras para los gazat\u00edes se redujeron a\u00fan m\u00e1s.<\/p>\n<p>Sin lugares seguros en la Franja<\/p>\n<p>El control militar israel\u00ed y las \u00f3rdenes de evacuaci\u00f3n apenas dejan zonas seguras para los civiles: en la Franja los episodios violentos se suceden cada d\u00eda.<\/p>\n<p>Fuente: ACLED, ej\u00e9rcito de Israel, Gaza maps y elaboraci\u00f3n propia.<\/p>\n<p class=\"\">Las \u00f3rdenes de desplazamiento forzoso de la poblaci\u00f3n apenas dejaron lugares seguros. La ONU estima que por entonces <a href=\"https:\/\/elpais.com\/internacional\/2025-09-21\/mapas-las-torres-de-pisos-blanco-de-la-invasion-israeli-en-ciudad-de-gaza.html\" target=\"_self\" rel=\"nofollow noopener\" title=\"https:\/\/elpais.com\/internacional\/2025-09-21\/mapas-las-torres-de-pisos-blanco-de-la-invasion-israeli-en-ciudad-de-gaza.html\">solo un 18% del territorio de Gaza quedaba fuera de las \u00e1reas militares<\/a> israel\u00edes o con \u00f3rdenes de evacuaci\u00f3n.<\/p>\n<p>Una orden de desplazamiento cada cinco d\u00edas<\/p>\n<p>\u00d3rdenes publicadas desde el 7 de octubre de 2023. Algunas se refieren a las mismas zonas en momentos distintos de la invasi\u00f3n.<\/p>\n<p>\t\t<img loading=\"lazy\" decoding=\"auto\" id=\"g-beeswarm-movil-img\" class=\"g-beeswarm-movil-img g-aiImg\" alt=\"\" src=\"https:\/\/www.europesays.com\/es\/wp-content\/uploads\/2025\/10\/beeswarm-movil.png\"\/><\/p>\n<p class=\"g-pstyle0\">Cada punto es una de las 149 \u00f3rdenes oficiales del ej\u00e9rcito israel\u00ed para evacuar una zona. El tama\u00f1o, su extensi\u00f3n<\/p>\n<p class=\"g-pstyle2\">La primera fue<\/p>\n<p>dos d\u00edas<\/p>\n<p>despu\u00e9s<\/p>\n<p>del 7-O<\/p>\n<p>Ataque al campamento de refugiados Al-Mawasi, cerca de Jan Yunis<\/p>\n<p class=\"g-pstyle5\">El 54% han sido despu\u00e9s<\/p>\n<p class=\"g-pstyle5\">de la tregua de marzo<\/p>\n<p>En verano se orden\u00f3<\/p>\n<p>dos veces evacuar<\/p>\n<p class=\"g-pstyle2\">casi todo el este<\/p>\n<p class=\"g-pstyle2\">de la Franja<\/p>\n<p>\t\t<img loading=\"lazy\" decoding=\"auto\" id=\"g-beeswarm-movil2-img\" class=\"g-beeswarm-movil2-img g-aiImg\" alt=\"\" src=\"https:\/\/www.europesays.com\/es\/wp-content\/uploads\/2025\/10\/beeswarm-movil2.png\"\/><\/p>\n<p class=\"g-pstyle0\">Cada punto es una de las 149 \u00f3rdenes oficiales del ej\u00e9rcito israel\u00ed para evacuar una zona. El tama\u00f1o, su extensi\u00f3n<\/p>\n<p>La primera fue dos <\/p>\n<p>d\u00edas despu\u00e9s<\/p>\n<p>del 7-O<\/p>\n<p>Ataque al <\/p>\n<p>campamento de<\/p>\n<p>refugiados Al-Mawasi, cerca de Jan Yunis<\/p>\n<p class=\"g-pstyle4\">El 54% han sido <\/p>\n<p class=\"g-pstyle4\">despu\u00e9s<\/p>\n<p class=\"g-pstyle4\">de la tregua de <\/p>\n<p class=\"g-pstyle4\">marzo<\/p>\n<p>En verano se orden\u00f3<\/p>\n<p>dos veces evacuar<\/p>\n<p class=\"g-pstyle5\">casi todo el este<\/p>\n<p class=\"g-pstyle5\">de la Franja<\/p>\n<p>\t\t<img loading=\"lazy\" decoding=\"auto\" id=\"g-beeswarm-tableta-img\" class=\"g-beeswarm-tableta-img g-aiImg\" alt=\"\" src=\"https:\/\/www.europesays.com\/es\/wp-content\/uploads\/2025\/10\/beeswarm-tableta.png\"\/><\/p>\n<p>Cada punto es una de las 149 \u00f3rdenes oficiales del ej\u00e9rcito israel\u00ed para evacuar una zona. El tama\u00f1o, su extensi\u00f3n. La primera fue dos d\u00edas despu\u00e9s del 7-O<\/p>\n<p>Ataque al campamento de refugiados Al-Mawasi, cerca de Jan Yunis<\/p>\n<p class=\"g-pstyle3\">El 54% han sido despu\u00e9s<\/p>\n<p class=\"g-pstyle3\">de la tregua de marzo<\/p>\n<p>En verano se orden\u00f3<\/p>\n<p>dos veces evacuar<\/p>\n<p class=\"g-pstyle4\">casi todo el este<\/p>\n<p class=\"g-pstyle4\">de la Franja<\/p>\n<p>\t\t<img loading=\"lazy\" decoding=\"auto\" id=\"g-beeswarm-escritorio-img\" class=\"g-beeswarm-escritorio-img g-aiImg\" alt=\"\" src=\"https:\/\/www.europesays.com\/es\/wp-content\/uploads\/2025\/10\/beeswarm-escritorio.png\"\/><\/p>\n<p class=\"g-pstyle1\">El 54% han sido despu\u00e9s<\/p>\n<p class=\"g-pstyle1\">de la tregua de marzo<\/p>\n<p>Cada punto es una de las 149 \u00f3rdenes oficiales del ej\u00e9rcito israel\u00ed para evacuar una zona.<\/p>\n<p class=\"g-pstyle1\">La primera fue dos<\/p>\n<p class=\"g-pstyle1\">d\u00edas despu\u00e9s del 7-O<\/p>\n<p>Ataque al campamento de refugiados Al-Mawasi, cerca de Jan Yunis<\/p>\n<p>En verano se orden\u00f3 dos veces <\/p>\n<p>la evacuaci\u00f3n de casi todo el este de la Franja <\/p>\n<p>Fuente: Gaza Maps y elaboraci\u00f3n propia \/ EL PA\u00cdS.<\/p>\n<p class=\"\">La situaci\u00f3n es cr\u00edtica para los civiles en Gaza. Acciones como <a href=\"https:\/\/elpais.com\/podcasts\/hoy-en-el-pais\/2025-09-10\/podcast-gaza-por-que-el-boicot-funciona-en-la-vuelta.html\" rel=\"nofollow noopener\" target=\"_blank\">el boicot a la Vuelta<\/a> y <a href=\"https:\/\/elpais.com\/internacional\/2025-10-07\/trump-tilda-a-greta-thunberg-de-alborotadora-y-le-aconseja-ir-al-medico-para-controlar-su-ira.html\" rel=\"nofollow noopener\" target=\"_blank\">el viaje de la Flotilla Global Sumud<\/a> reavivan el debate sobre un genocidio en la Franja. Se alcanzan los 67.000 muertos.<\/p>\n<p class=\"\">La propuesta estadounidense de un acuerdo de paz contempla una primera fase que consiste en la liberaci\u00f3n de los rehenes de Ham\u00e1s y la excarcelaci\u00f3n de casi 2.000 presos palestinos, el repliegue de las tropas israel\u00edes de la mitad del territorio de la Franja y una entrada masiva de la ayuda humanitaria que Israel imped\u00eda. <a href=\"https:\/\/elpais.com\/internacional\/2025-10-10\/miles-de-gazaties-comienzan-a-regresar-a-sus-hogares-tras-entrar-en-vigor-el-alto-el-fuego.html\" target=\"_self\" rel=\"nofollow noopener\" title=\"https:\/\/elpais.com\/internacional\/2025-10-10\/miles-de-gazaties-comienzan-a-regresar-a-sus-hogares-tras-entrar-en-vigor-el-alto-el-fuego.html\">Se llega a un acuerdo de paz a los dos a\u00f1os del inicio del conflicto<\/a>.<\/p>\n","protected":false},"excerpt":{"rendered":"Dos a\u00f1os, 67.000 muertos y mucho sufrimiento despu\u00e9s, el alto el fuego en Gaza entr\u00f3 en vigor en&hellip;\n","protected":false},"author":2,"featured_media":171175,"comment_status":"","ping_status":"","sticky":false,"template":"","format":"standard","meta":{"footnotes":""},"categories":[42],"tags":[17,18,68,70,71,72,13,14,73,69,75,11,61,62,63,64,74,19,20,9,10,15,16,77,76,12,21,22,65,66,67],"class_list":{"0":"post-171174","1":"post","2":"type-post","3":"status-publish","4":"format-standard","5":"has-post-thumbnail","7":"category-internacional","8":"tag-breaking-news","9":"tag-breakingnews","10":"tag-conflicto-arabe-israeli","11":"tag-conflictos","12":"tag-conflictos-armados","13":"tag-conflictos-internacionales","14":"tag-featured-news","15":"tag-featurednews","16":"tag-franja-gaza","17":"tag-guerra","18":"tag-hamas","19":"tag-headlines","20":"tag-internacional","21":"tag-international","22":"tag-international-news","23":"tag-internationalnews","24":"tag-israel","25":"tag-latest-news","26":"tag-latestnews","27":"tag-news","28":"tag-noticias","29":"tag-noticias-destacadas","30":"tag-noticiasdestacadas","31":"tag-oriente-proximo","32":"tag-palestina","33":"tag-titulares","34":"tag-ultimas-noticias","35":"tag-ultimasnoticias","36":"tag-world","37":"tag-world-news","38":"tag-worldnews"},"share_on_mastodon":{"url":"","error":""},"_links":{"self":[{"href":"https:\/\/www.europesays.com\/es\/wp-json\/wp\/v2\/posts\/171174","targetHints":{"allow":["GET"]}}],"collection":[{"href":"https:\/\/www.europesays.com\/es\/wp-json\/wp\/v2\/posts"}],"about":[{"href":"https:\/\/www.europesays.com\/es\/wp-json\/wp\/v2\/types\/post"}],"author":[{"embeddable":true,"href":"https:\/\/www.europesays.com\/es\/wp-json\/wp\/v2\/users\/2"}],"replies":[{"embeddable":true,"href":"https:\/\/www.europesays.com\/es\/wp-json\/wp\/v2\/comments?post=171174"}],"version-history":[{"count":0,"href":"https:\/\/www.europesays.com\/es\/wp-json\/wp\/v2\/posts\/171174\/revisions"}],"wp:featuredmedia":[{"embeddable":true,"href":"https:\/\/www.europesays.com\/es\/wp-json\/wp\/v2\/media\/171175"}],"wp:attachment":[{"href":"https:\/\/www.europesays.com\/es\/wp-json\/wp\/v2\/media?parent=171174"}],"wp:term":[{"taxonomy":"category","embeddable":true,"href":"https:\/\/www.europesays.com\/es\/wp-json\/wp\/v2\/categories?post=171174"},{"taxonomy":"post_tag","embeddable":true,"href":"https:\/\/www.europesays.com\/es\/wp-json\/wp\/v2\/tags?post=171174"}],"curies":[{"name":"wp","href":"https:\/\/api.w.org\/{rel}","templated":true}]}}