{"id":171176,"date":"2025-10-12T06:52:08","date_gmt":"2025-10-12T06:52:08","guid":{"rendered":"https:\/\/www.europesays.com\/es\/171176\/"},"modified":"2025-10-12T06:52:08","modified_gmt":"2025-10-12T06:52:08","slug":"el-escandalo-de-los-cribados-de-cancer-erosiona-la-imagen-de-juanma-moreno-el-pais-expres","status":"publish","type":"post","link":"https:\/\/www.europesays.com\/es\/171176\/","title":{"rendered":"El esc\u00e1ndalo de los cribados de c\u00e1ncer erosiona la imagen de Juanma Moreno | El PA\u00cdS Expr\u00e9s"},"content":{"rendered":"<p><img fetchpriority=\"high\" decoding=\"auto\" class=\"_re  a_m-h\" height=\"414\"  width=\"414\"  src=\"https:\/\/www.europesays.com\/es\/wp-content\/uploads\/2025\/10\/JIJX6W5LIVDW7C7DUHWBGVTARY.jpg\" loading=\"eager\"\/>DVD1286(10\/10\/2025): El presidente de la Junta de Andaluc\u00eda, Juanma Moreno, se re\u00fane con el presidente del Consejo Andaluz de Colegios de M\u00e9dicos, Alfonso Carmona, y otros miembros de su junta directiva. Tambi\u00e9n asiste el consejero de Presidencia, Interior, Di\u00e1logo Social y Simplificaci\u00f3n Administrativa y que actualmente gestiona los asuntos de la Consejer\u00eda de Salud y Consumo, Antonio Sanz.&#13;<br \/>\nFOTO: PACO PUENTES (EL PA\u00cdS)Foto: Paco Puentes<\/p>\n<p class=\"\">El esc\u00e1ndalo por los retrasos en los cribados de c\u00e1ncer de mama erosiona la imagen de Juanma Moreno, presidente de la Junta de Andaluc\u00eda. Con las elecciones auton\u00f3micas a menos de un a\u00f1o y medio, el l\u00edder popular afronta su prueba m\u00e1s dif\u00edcil.<\/p>\n<p class=\"\"><b>\u00bfPor qu\u00e9? <\/b>Porque esta crisis golpea directamente el n\u00facleo de su identidad pol\u00edtica. <\/p>\n<ul>\n<li>Hasta ahora hab\u00eda proyectado una figura cercana, tranquila y moderada, capaz de atraer incluso al votante socialista desencantado. <\/li>\n<li>Su prestigio se ha cimentado en la idea de eficacia y empat\u00eda, pero ambas est\u00e1n ahora en duda.<\/li>\n<\/ul>\n<p class=\"\"><b>\u00bfQu\u00e9 ha pasado? <\/b>El caso estall\u00f3 cuando varias mujeres denunciaron que la Junta les hab\u00eda entregado tarde los resultados de sus pruebas o que, pese a tener un diagn\u00f3stico dudoso, nadie las hab\u00eda informado. <\/p>\n<ul>\n<li>La consejera de Sanidad, Roc\u00edo Hern\u00e1ndez, rest\u00f3 importancia al asunto y habl\u00f3 de \u201ctres casos\u201d. <\/li>\n<li>Esa frase desat\u00f3 una tormenta social y pol\u00edtica que acab\u00f3 con su dimisi\u00f3n y con las primeras protestas en las que se pidi\u00f3 la renuncia de Juanma Moreno.<\/li>\n<\/ul>\n<p class=\"\"><b>\u00bfC\u00f3mo reaccion\u00f3 Moreno? <\/b>Intent\u00f3 justificar que a las pacientes no se les inform\u00f3 para \u201cevitar ansiedad\u201d, una frase percibida como paternalista y poco emp\u00e1tica. Despu\u00e9s pidi\u00f3 disculpas, pero el da\u00f1o ya estaba hecho. <\/p>\n<p class=\"\"><b>\u00bfPor qu\u00e9 el golpe ha sido tan duro? <\/b>Porque la sanidad p\u00fablica era ya uno de los puntos m\u00e1s cuestionados en Andaluc\u00eda. Este caso lo convierte en su aut\u00e9ntico tal\u00f3n de Aquiles. <\/p>\n<p class=\"\">\u00a9Foto: Paco Puentes<\/p>\n<p class=\"\"><a href=\"https:\/\/elpais.com\/espana\/2025-10-12\/las-dos-semanas-que-han-zarandeado-la-marca-juanma.html\" target=\"_self\" rel=\"nofollow noopener\" title=\"https:\/\/elpais.com\/espana\/2025-10-12\/las-dos-semanas-que-han-zarandeado-la-marca-juanma.html\">Si quieres saber m\u00e1s, puedes leer aqu\u00ed.<\/a><\/p>\n","protected":false},"excerpt":{"rendered":"DVD1286(10\/10\/2025): El presidente de la Junta de Andaluc\u00eda, Juanma Moreno, se re\u00fane con el presidente del Consejo Andaluz&hellip;\n","protected":false},"author":2,"featured_media":171177,"comment_status":"","ping_status":"","sticky":false,"template":"","format":"standard","meta":{"footnotes":""},"categories":[8],"tags":[259,17,18,1066,25,24,13,14,11,26166,19,20,9,10,15,16,166,1811,17109,23,12,21,22],"class_list":{"0":"post-171176","1":"post","2":"type-post","3":"status-publish","4":"format-standard","5":"has-post-thumbnail","7":"category-espana","8":"tag-andalucia","9":"tag-breaking-news","10":"tag-breakingnews","11":"tag-cancer","12":"tag-es","13":"tag-espana","14":"tag-featured-news","15":"tag-featurednews","16":"tag-headlines","17":"tag-juan-manuel-moreno","18":"tag-latest-news","19":"tag-latestnews","20":"tag-news","21":"tag-noticias","22":"tag-noticias-destacadas","23":"tag-noticiasdestacadas","24":"tag-salud","25":"tag-sanidad","26":"tag-sanidad-publica","27":"tag-spain","28":"tag-titulares","29":"tag-ultimas-noticias","30":"tag-ultimasnoticias"},"share_on_mastodon":{"url":"","error":""},"_links":{"self":[{"href":"https:\/\/www.europesays.com\/es\/wp-json\/wp\/v2\/posts\/171176","targetHints":{"allow":["GET"]}}],"collection":[{"href":"https:\/\/www.europesays.com\/es\/wp-json\/wp\/v2\/posts"}],"about":[{"href":"https:\/\/www.europesays.com\/es\/wp-json\/wp\/v2\/types\/post"}],"author":[{"embeddable":true,"href":"https:\/\/www.europesays.com\/es\/wp-json\/wp\/v2\/users\/2"}],"replies":[{"embeddable":true,"href":"https:\/\/www.europesays.com\/es\/wp-json\/wp\/v2\/comments?post=171176"}],"version-history":[{"count":0,"href":"https:\/\/www.europesays.com\/es\/wp-json\/wp\/v2\/posts\/171176\/revisions"}],"wp:featuredmedia":[{"embeddable":true,"href":"https:\/\/www.europesays.com\/es\/wp-json\/wp\/v2\/media\/171177"}],"wp:attachment":[{"href":"https:\/\/www.europesays.com\/es\/wp-json\/wp\/v2\/media?parent=171176"}],"wp:term":[{"taxonomy":"category","embeddable":true,"href":"https:\/\/www.europesays.com\/es\/wp-json\/wp\/v2\/categories?post=171176"},{"taxonomy":"post_tag","embeddable":true,"href":"https:\/\/www.europesays.com\/es\/wp-json\/wp\/v2\/tags?post=171176"}],"curies":[{"name":"wp","href":"https:\/\/api.w.org\/{rel}","templated":true}]}}