{"id":171180,"date":"2025-10-12T06:54:08","date_gmt":"2025-10-12T06:54:08","guid":{"rendered":"https:\/\/www.europesays.com\/es\/171180\/"},"modified":"2025-10-12T06:54:08","modified_gmt":"2025-10-12T06:54:08","slug":"el-disiclin-da-por-terminada-su-crisis","status":"publish","type":"post","link":"https:\/\/www.europesays.com\/es\/171180\/","title":{"rendered":"El Disicl\u00edn da por terminada su crisis"},"content":{"rendered":"<p class=\"ft-text\">El Disicl\u00edn Balonm\u00e1n Lal\u00edn dijo adi\u00f3s ayer por el momento a sus fantasmas ganando por primera vez esta temporada en el Arena. Los de Cacheda sumaron de 2 ante sus aficionados en su partido con el Balonm\u00e1n Porri\u00f1o para dar por finalizada su crisis de resultados en un inicio liguero muy irregular. Los lalinistas siguen mostr\u00e1ndose fr\u00e1giles en determinados momentos de sus duelos, lo que suelen aprovechar sus rivales para recortar o remontar. Sin embargo, ayer los de Benaches pagaron caro sus ausencias \u2013viajaron a Lal\u00edn con apenas 13 efectivos\u2013 para terminar desfondados.<\/p>\n<p class=\"ft-text\">La primera mitad concluy\u00f3 con un claro 17-13 para los locales despu\u00e9s de que el conjunto entrenado por Pablo Cacheda saliera con ganas y decisi\u00f3n. A pesar de todo, los rojinegros no pudieron poner tierra de por medio en el electr\u00f3nico gracias a la buena actuaci\u00f3n del central porri\u00f1\u00e9s Mart\u00edn Rodr\u00edguez, que se destap\u00f3 con buenas asistencias de gol. Cacheda hizo rotar a todo el equipo, y con los juveniles (excepto Adri\u00e1n Ferrad\u00e1s) el equipo gan\u00f3 en frescura y acierto, al tiempo que el Porri\u00f1o comenzaba a flojear.<\/p>\n<p class=\"ft-text\">En la reanudaci\u00f3n el Disicl\u00edn lleg\u00f3 a ir 6 arriba, pero la rotaci\u00f3n del banquillo esta vez no fue un revulsivo para los dezanos. El Porri\u00f1o se puso a un solo tanto de distancia con pases de Mart\u00edn Rodr\u00edguez al pivote Pablo y el extremo derecho Nahum, y las buenas intervenciones de su portero Jose. Los chavales de Cacheda entraron en momentos confusos de un partido que empezaba a ser una monta\u00f1a rusa por momentos. Pero en los \u00faltimos diez minutos los de Benaches se desfondaron y fallaron todo en ataque. Enfrente, en el Disicl\u00edn volvieron a estar acertados hasta el final.<\/p>\n<p class=\"ft-text\">A pesar de todo, el p\u00fablico que ayer sali\u00f3 contento del Arena tambi\u00e9n coincidi\u00f3 en opinar que los de Cacheda tienen que seguir mejorando si pretenden algo m\u00e1s en el presente campeonato. De momento, ya saben lo que es ganar delante de sus seguidores. Queda margen de mejora pero es necesario seguir quemando etapas para mejorar en un calendario que no espera por nadie.<\/p>\n","protected":false},"excerpt":{"rendered":"El Disicl\u00edn Balonm\u00e1n Lal\u00edn dijo adi\u00f3s ayer por el momento a sus fantasmas ganando por primera vez esta&hellip;\n","protected":false},"author":2,"featured_media":171181,"comment_status":"","ping_status":"","sticky":false,"template":"","format":"standard","meta":{"footnotes":""},"categories":[278],"tags":[1782,376,4170,7164,168,1778,25,24,375,18368,23,167,49636],"class_list":{"0":"post-171180","1":"post","2":"type-post","3":"status-publish","4":"format-standard","5":"has-post-thumbnail","7":"category-balonmano","8":"tag-balonman-lalin","9":"tag-balonmano","10":"tag-crisis","11":"tag-da","12":"tag-deportes","13":"tag-disiclin","14":"tag-es","15":"tag-espana","16":"tag-handball","17":"tag-porrino","18":"tag-spain","19":"tag-sports","20":"tag-terminada"},"share_on_mastodon":{"url":"","error":""},"_links":{"self":[{"href":"https:\/\/www.europesays.com\/es\/wp-json\/wp\/v2\/posts\/171180","targetHints":{"allow":["GET"]}}],"collection":[{"href":"https:\/\/www.europesays.com\/es\/wp-json\/wp\/v2\/posts"}],"about":[{"href":"https:\/\/www.europesays.com\/es\/wp-json\/wp\/v2\/types\/post"}],"author":[{"embeddable":true,"href":"https:\/\/www.europesays.com\/es\/wp-json\/wp\/v2\/users\/2"}],"replies":[{"embeddable":true,"href":"https:\/\/www.europesays.com\/es\/wp-json\/wp\/v2\/comments?post=171180"}],"version-history":[{"count":0,"href":"https:\/\/www.europesays.com\/es\/wp-json\/wp\/v2\/posts\/171180\/revisions"}],"wp:featuredmedia":[{"embeddable":true,"href":"https:\/\/www.europesays.com\/es\/wp-json\/wp\/v2\/media\/171181"}],"wp:attachment":[{"href":"https:\/\/www.europesays.com\/es\/wp-json\/wp\/v2\/media?parent=171180"}],"wp:term":[{"taxonomy":"category","embeddable":true,"href":"https:\/\/www.europesays.com\/es\/wp-json\/wp\/v2\/categories?post=171180"},{"taxonomy":"post_tag","embeddable":true,"href":"https:\/\/www.europesays.com\/es\/wp-json\/wp\/v2\/tags?post=171180"}],"curies":[{"name":"wp","href":"https:\/\/api.w.org\/{rel}","templated":true}]}}