{"id":171184,"date":"2025-10-12T06:57:09","date_gmt":"2025-10-12T06:57:09","guid":{"rendered":"https:\/\/www.europesays.com\/es\/171184\/"},"modified":"2025-10-12T06:57:09","modified_gmt":"2025-10-12T06:57:09","slug":"el-paso-adelante-de-david-puig","status":"publish","type":"post","link":"https:\/\/www.europesays.com\/es\/171184\/","title":{"rendered":"El paso adelante de David Puig"},"content":{"rendered":"<p data-gtm-element-container=\"modulo-texto-link\" class=\"paragraph\">Est\u00e1 siendo uno de los mejores jugadores del golf nacional en un <strong>Open de Espa\u00f1a<\/strong> en el que se sigue reivindicando como uno de los j\u00f3venes valores actuales.<strong> David Puig<\/strong> (La Garriga, 7 de diciembre de 2001), simplemente, est\u00e1 dando continuidad esta semana en Madrid a las grandes sensaciones que ha mostrado durante la temporada.<\/p>\n<p>        Lee tambi\u00e9n<\/p>\n<p>    Marta P\u00e9rez<\/p>\n<p>             <img loading=\"lazy\" decoding=\"async\" data-full-src=\"https:\/\/www.mundodeportivo.com\/uploads\/2025\/10\/11\/68ea88dbe547c.jpeg\" alt=\"Horizontal\" src=\"https:\/\/www.europesays.com\/es\/wp-content\/uploads\/2025\/10\/68ea88dbe547c.jpeg\" class=\"lazy\" width=\"104\" height=\"108\"\/><\/p>\n<p>        Lee tambi\u00e9n<\/p>\n<p>    Marta P\u00e9rez<\/p>\n<p>             <img loading=\"lazy\" decoding=\"async\" data-full-src=\"https:\/\/www.mundodeportivo.com\/uploads\/2025\/10\/11\/68ea7e3c5d428.jpeg\" alt=\"Horizontal\" src=\"https:\/\/www.europesays.com\/es\/wp-content\/uploads\/2025\/10\/68ea7e3c5d428.jpeg\" class=\"lazy\" width=\"104\" height=\"108\"\/><\/p>\n<p>        Lee tambi\u00e9n<\/p>\n<p>    Marta P\u00e9rez<\/p>\n<p>             <img loading=\"lazy\" decoding=\"async\" data-full-src=\"https:\/\/www.mundodeportivo.com\/uploads\/2025\/10\/11\/68ea8cc2b2706.jpeg\" alt=\"Horizontal\" src=\"https:\/\/www.europesays.com\/es\/wp-content\/uploads\/2025\/10\/1760252229_995_68ea8cc2b2706.jpeg\" class=\"lazy\" width=\"104\" height=\"108\"\/><\/p>\n<p data-gtm-element-container=\"modulo-texto-link\" class=\"paragraph\">Aspira este domingo a ubicarse entre los mejores, puestos que otea tras la tercera vuelta del torneo. Estos no son ninguna novedad para \u00e9l, ya que en los cinco eventos que ha disputado previamente esta temporada en el <strong>European Tour <\/strong>ha logrado<strong> un tercer puesto, un cuarto y un und\u00e9cimo<\/strong>, una muestra de que puede estar compitiendo de forma regular entre los mejores.<\/p>\n<p data-gtm-element-container=\"modulo-texto-link\" class=\"paragraph\">Tambi\u00e9n lo hace en el <strong>LIV<\/strong>, el circuito que apost\u00f3 por \u00e9l desde su puesta en marcha. Reci\u00e9n salido de la NCAA estadounidense, Puig fich\u00f3 en septiembre de 2022 para convertirse en el primer jugador que pon\u00eda rumbo directamente desde su etapa universitaria a la organizaci\u00f3n saud\u00ed. No era extra\u00f1a esa apuesta: <strong>con una gran carrera en la etapa j\u00fanior, se le divisaba un potencial que poco a poco ha ido consolidando <\/strong>en la primera l\u00ednea.<\/p>\n<blockquote>\n<p>        \u201cEst\u00e1 siendo una temporada relativamente buena, bastante consistente. Todas las partes del juego est\u00e1n bastante bien\u201d<\/p>\n<\/blockquote>\n<p data-gtm-element-container=\"modulo-texto-link\" class=\"paragraph\">Puig tiene claro que poder combinar ambos circuitos le est\u00e1 sirviendo para crecer a nivel de juego. <strong>\u201cNo cambia mucho el jugar en uno o en otro, porque al final es golf igual\u201d<\/strong>, reflexiona. \u201cSon dos circuitos diferentes y cada uno tiene lo suyo, pero es el mismo deporte. Tengo grandes amigos en ambos lados y disfruto mucho jugando ambos\u201d, dice, sin decantarse por ninguno de ellos.<\/p>\n<p>                <img loading=\"lazy\" decoding=\"async\" data-full-src=\"https:\/\/www.mundodeportivo.com\/uploads\/2025\/10\/12\/68ead5084c368.jpeg\" alt=\"Horizontal\" width=\"449\" height=\"300\" src=\"https:\/\/www.europesays.com\/es\/wp-content\/uploads\/2025\/10\/68ead5084c368.jpeg\" class=\"lazy\"\/><\/p>\n<p class=\"caption-title \">David Puig est\u00e1 dejando su sello en el Open de Espa\u00f1a 2025<\/p>\n<p>                    SERGIO P\u00c9REZ \/ EFE<\/p>\n<p data-gtm-element-container=\"modulo-texto-link\" class=\"paragraph\">En efecto, como miembro de los dos circuitos, Puig est\u00e1 demostrando poder pelear entre los mejores, con cuatro top10 en la temporada ya finalizada con los Fireballs en el LIV, en el que ha terminado en una notable d\u00e9cima posici\u00f3n, y con esas posiciones punteras en sus apariciones en el circuito continental. <strong>\u201cEst\u00e1 siendo una temporada relativamente buena, bastante consistente. Todas las partes del juego est\u00e1n bastante bien\u201d<\/strong>, explica Puig sobre sus sensaciones esta temporada.<\/p>\n<p>La regularidad como clave<\/p>\n<p data-gtm-element-container=\"modulo-texto-link\" class=\"paragraph\">Ha dado un paso m\u00e1s en ella y tiene claro cu\u00e1l ha sido la clave. <strong>\u201cDir\u00eda que el juego desde el tee es mi punto fuerte\u201d<\/strong>, se\u00f1ala sobre d\u00f3nde puede marcar las diferencias. En efecto, ha sido el cuarto jugador de la temporada del LIV con mejores n\u00fameros con el drive. Pero Puig es mucho m\u00e1s que un pegador: tambi\u00e9n se encuentra entre los mejores en los putts. \u201cEn el resto estoy bastante en la media\u201d, resume. \u201cEso me ha ayudado a ser consistente durante todo el a\u00f1o\u201d, explica.<\/p>\n<p data-gtm-element-container=\"modulo-texto-link\" class=\"paragraph\">Esa palabra es clave para \u00e9l:<strong> \u2018consistencia\u2019<\/strong>. Es la que le permite ser regular, tener una idea de su juego y poder aplicarla en casi cualquier escenario. \u201c<strong>He dado un paso adelante en ella.<\/strong> En el LIV he hecho un vig\u00e9simo como peor resultado en trece o catorce torneos y en el European Tour he tenido un gran a\u00f1o para lo poco que he jugado\u201d, dice Puig.<\/p>\n<blockquote>\n<p>        \u201cHe dado un paso adelante en consistencia, pero puedo mejorar con los golpes a green\u201d<\/p>\n<\/blockquote>\n<p data-gtm-element-container=\"modulo-texto-link\" class=\"paragraph\">Pero quiere m\u00e1s y, por eso, mira lo que puede mejorar en un futuro a corto plazo. Con esas estad\u00edsticas muy positivas tanto en el tee como en los putts, la respuesta la tiene clara.<strong> \u201cEn ellas puedo mejorar con los golpes a green\u201d<\/strong>, cuenta Puig. \u201cSiempre he sufrido un poco con los hierros largos\u201d, reconoce. En ello se est\u00e1 aplicando para poder dar otro salto.<\/p>\n<p data-gtm-element-container=\"modulo-texto-link\" class=\"paragraph\">Conf\u00eda en dar continuidad a su juego y en poder mejorar ese punto d\u00e9bil para ampliar la n\u00f3mina de retos alcanzables. \u201cCon los objetivos siempre se puede ir a lo grande\u201d, dice, con confianza.<strong> \u201cMe gustar\u00eda ganar \u2018majors\u2019, un Open de Espa\u00f1a, torneos grandes\u201d<\/strong>, explica. \u201cEl sue\u00f1o es ese y creo que alg\u00fan d\u00eda puedo hacerlo. Hay que continuar puliendo los detalles\u201d, dice. Sabe que ello supondr\u00eda su gran salto. Por el momento, <strong>David Puig sigue dando un continuo y firme paso adelante.<\/strong><\/p>\n","protected":false},"excerpt":{"rendered":"Est\u00e1 siendo uno de los mejores jugadores del golf nacional en un Open de Espa\u00f1a en el que&hellip;\n","protected":false},"author":2,"featured_media":171185,"comment_status":"","ping_status":"","sticky":false,"template":"","format":"standard","meta":{"footnotes":""},"categories":[275],"tags":[168,25,24,329,23,167],"class_list":{"0":"post-171184","1":"post","2":"type-post","3":"status-publish","4":"format-standard","5":"has-post-thumbnail","7":"category-golf","8":"tag-deportes","9":"tag-es","10":"tag-espana","11":"tag-golf","12":"tag-spain","13":"tag-sports"},"share_on_mastodon":{"url":"","error":""},"_links":{"self":[{"href":"https:\/\/www.europesays.com\/es\/wp-json\/wp\/v2\/posts\/171184","targetHints":{"allow":["GET"]}}],"collection":[{"href":"https:\/\/www.europesays.com\/es\/wp-json\/wp\/v2\/posts"}],"about":[{"href":"https:\/\/www.europesays.com\/es\/wp-json\/wp\/v2\/types\/post"}],"author":[{"embeddable":true,"href":"https:\/\/www.europesays.com\/es\/wp-json\/wp\/v2\/users\/2"}],"replies":[{"embeddable":true,"href":"https:\/\/www.europesays.com\/es\/wp-json\/wp\/v2\/comments?post=171184"}],"version-history":[{"count":0,"href":"https:\/\/www.europesays.com\/es\/wp-json\/wp\/v2\/posts\/171184\/revisions"}],"wp:featuredmedia":[{"embeddable":true,"href":"https:\/\/www.europesays.com\/es\/wp-json\/wp\/v2\/media\/171185"}],"wp:attachment":[{"href":"https:\/\/www.europesays.com\/es\/wp-json\/wp\/v2\/media?parent=171184"}],"wp:term":[{"taxonomy":"category","embeddable":true,"href":"https:\/\/www.europesays.com\/es\/wp-json\/wp\/v2\/categories?post=171184"},{"taxonomy":"post_tag","embeddable":true,"href":"https:\/\/www.europesays.com\/es\/wp-json\/wp\/v2\/tags?post=171184"}],"curies":[{"name":"wp","href":"https:\/\/api.w.org\/{rel}","templated":true}]}}