{"id":171188,"date":"2025-10-12T06:59:05","date_gmt":"2025-10-12T06:59:05","guid":{"rendered":"https:\/\/www.europesays.com\/es\/171188\/"},"modified":"2025-10-12T06:59:05","modified_gmt":"2025-10-12T06:59:05","slug":"tadej-pogacar-acepta-el-gran-reto-de-san-remo-y-roubaix-para-2026-y-la-llamada-de-eddy-merckx-tras-ganar-su-quinta-il-lombardia","status":"publish","type":"post","link":"https:\/\/www.europesays.com\/es\/171188\/","title":{"rendered":"Tadej Pogacar acepta el \u00abgran reto\u00bb de San Remo y Roubaix para 2026 y la llamada de Eddy Merckx tras ganar su quinta Il Lombardia"},"content":{"rendered":"<p>El adjetivo estelar se queda corto para definir el a\u00f1o que ha tenido <b data-testid=\"body-text-bold\">Tadej Pogacar<\/b> y que ha cerrado, por todo lo alto, haciendo historia en <b data-testid=\"body-text-bold\">Il Lombardia<\/b> tras lograr su quinta &#8216;cl\u00e1sica de las hojas muertas&#8217; de manera consecutiva.<\/p>\n<p>El machacador de Klanec ha expresado cu\u00e1les son, al menos a priori, <b data-testid=\"body-text-bold\">sus objetivos para la temporada 2026<\/b>. El reto principal est\u00e1 claro: tachar de la lista las carreras a un d\u00eda que sigue teniendo pendiente pese a haberlo intentado en varias ocasiones.<\/p>\n<blockquote class=\"wrapping-break-word mb-5 caps-s3-rs font-bold uppercase\"><p>Mil\u00e1n-San Remo y Par\u00eds-Roubaix son mis pr\u00f3ximos grandes objetivos<\/p><\/blockquote>\n<p>\u00ab<b data-testid=\"body-text-bold\">Es un gran reto para m\u00ed. Ser\u00e1n mis pr\u00f3ximos grandes objetivos, pero ahora quiero disfrutar de esta temporada <\/b>(2025). Me alegro de poder ir a casa y relajarme un poco antes de que todo el circo comience de nuevo\u00bb, manifest\u00f3 Pogacar en rueda de prensa cuando le preguntaron por la <b data-testid=\"body-text-bold\">Mil\u00e1n-San Remo y Par\u00eds-Roubaix<\/b>, dos de sus tareas pendientes y que intent\u00f3 sin \u00e9xito en el a\u00f1o 2025, pero tambi\u00e9n indicando la gran importancia de descansar tras un a\u00f1o bastante intenso para el astro del UAE.<\/p>\n<p><img decoding=\"async\" class=\"text-transparent h-full w-full object-cover\" src=\"https:\/\/www.europesays.com\/es\/wp-content\/uploads\/2025\/10\/image-7dab4eaa-dc61-4e4e-9348-797b8f6fd059-85-2560-1440.jpeg\" alt=\"picture\" data-testid=\"image-high-res\"\/><\/p>\n<p class=\"caption-s6-fx\">Tadej Pogacar: \u00abEs mi mejor temporada, de largo\u00bb<\/p>\n<p class=\"caption-s6-fx\">Autor del v\u00eddeo: Eurosport<\/p>\n<p>La llamada con Merckx tras Il Lombardia, al descubierto<\/p>\n<p>El campe\u00f3n del mundo confes\u00f3 una llamada que mantuvo con la m\u00e1xima leyenda del ciclismo, Eddy Merckx, y con el que Pogacar es comparado de manera constante. Tadej lo tiene claro: esas comparaciones \u00ab<b data-testid=\"body-text-bold\">no me gustan<\/b>\u00ab.<\/p>\n<blockquote class=\"wrapping-break-word mb-5 caps-s3-rs font-bold uppercase\"><p>Fue genial que me llamara para charlar un rato. Creo que deber\u00edamos evitar las comparaciones entre personas<\/p><\/blockquote>\n<p>\u00abErnesto Colnago (exmec\u00e1nico de Merckx y fundador de la marca con el mismo nombre) estaba en la meta a mi lado cuando recibi\u00f3 una llamada de Eddy (Merckx). Lo conect\u00f3 conmigo y charlamos un rato. <b data-testid=\"body-text-bold\">Fue genial que me llamara para charlar un rato. Creo que deber\u00edamos evitar las comparaciones entre personas<\/b>\u00ab, zanj\u00f3 Tadej Pogacar acerca de esa eterna comparaci\u00f3n con el &#8216;Can\u00edbal&#8217; original.<\/p>\n<p><img decoding=\"async\" class=\"text-transparent h-full w-full object-cover\" src=\"https:\/\/www.europesays.com\/es\/wp-content\/uploads\/2025\/10\/image-6cd3f797-d734-45fa-8e95-135b9dd3e2d9-85-2560-1440.jpeg\" alt=\"picture\" data-testid=\"image-high-res\"\/><\/p>\n<p class=\"caption-s6-fx\">Su Majestad Tadej Pogacar: El primero en ganar cinco ediciones consecutivas de un Monumento<\/p>\n<p class=\"caption-s6-fx\">Autor del v\u00eddeo: Eurosport<\/p>\n","protected":false},"excerpt":{"rendered":"El adjetivo estelar se queda corto para definir el a\u00f1o que ha tenido Tadej Pogacar y que ha&hellip;\n","protected":false},"author":2,"featured_media":171189,"comment_status":"","ping_status":"","sticky":false,"template":"","format":"standard","meta":{"footnotes":""},"categories":[273],"tags":[313,312,168,25,24,47948,23,167,463],"class_list":{"0":"post-171188","1":"post","2":"type-post","3":"status-publish","4":"format-standard","5":"has-post-thumbnail","7":"category-ciclismo","8":"tag-ciclismo","9":"tag-cycling","10":"tag-deportes","11":"tag-es","12":"tag-espana","13":"tag-il-lombardia","14":"tag-spain","15":"tag-sports","16":"tag-tadej-pogacar"},"share_on_mastodon":{"url":"","error":""},"_links":{"self":[{"href":"https:\/\/www.europesays.com\/es\/wp-json\/wp\/v2\/posts\/171188","targetHints":{"allow":["GET"]}}],"collection":[{"href":"https:\/\/www.europesays.com\/es\/wp-json\/wp\/v2\/posts"}],"about":[{"href":"https:\/\/www.europesays.com\/es\/wp-json\/wp\/v2\/types\/post"}],"author":[{"embeddable":true,"href":"https:\/\/www.europesays.com\/es\/wp-json\/wp\/v2\/users\/2"}],"replies":[{"embeddable":true,"href":"https:\/\/www.europesays.com\/es\/wp-json\/wp\/v2\/comments?post=171188"}],"version-history":[{"count":0,"href":"https:\/\/www.europesays.com\/es\/wp-json\/wp\/v2\/posts\/171188\/revisions"}],"wp:featuredmedia":[{"embeddable":true,"href":"https:\/\/www.europesays.com\/es\/wp-json\/wp\/v2\/media\/171189"}],"wp:attachment":[{"href":"https:\/\/www.europesays.com\/es\/wp-json\/wp\/v2\/media?parent=171188"}],"wp:term":[{"taxonomy":"category","embeddable":true,"href":"https:\/\/www.europesays.com\/es\/wp-json\/wp\/v2\/categories?post=171188"},{"taxonomy":"post_tag","embeddable":true,"href":"https:\/\/www.europesays.com\/es\/wp-json\/wp\/v2\/tags?post=171188"}],"curies":[{"name":"wp","href":"https:\/\/api.w.org\/{rel}","templated":true}]}}