{"id":171198,"date":"2025-10-12T07:05:09","date_gmt":"2025-10-12T07:05:09","guid":{"rendered":"https:\/\/www.europesays.com\/es\/171198\/"},"modified":"2025-10-12T07:05:09","modified_gmt":"2025-10-12T07:05:09","slug":"mas-de-medio-millon-de-alumnos-madrilenos-se-benefician-del-programa-accede-el-sistema-de-prestamo-de-libros-de-texto","status":"publish","type":"post","link":"https:\/\/www.europesays.com\/es\/171198\/","title":{"rendered":"M\u00e1s de medio mill\u00f3n de alumnos madrile\u00f1os se benefician del programa Accede, el sistema de pr\u00e9stamo de libros de texto"},"content":{"rendered":"<p> M\u00e1s Madrid critica que \u00absolo el 20%\u00bb de los contratos se adjudicaron a librer\u00edas frente al \u00ab65%\u00bb otorgados a empresas <\/p>\n<p>   MADRID, 12 Oct. (EUROPA PRESS) &#8211; <\/p>\n<p>   Un total de 510.660 alumnos de la Comunidad de Madrid se han beneficiado hasta ahora del programa Accede, el sistema de pr\u00e9stamo de libros de texto y de material curricular al que el Gobierno regional destina 37 millones de euros para este curso.<\/p>\n<p>   Son los datos que ha ofrecido esta semana el director general de Educaci\u00f3n Concertada, Becas y Ayudas al Estudio, Jorge El\u00edas de la Pe\u00f1a, en la comisi\u00f3n de Educaci\u00f3n, Ciencia y Universidades, celebrada en la Asamblea de Madrid, donde ha detallado que se han comprado 2,5 millones de libros de texto.<\/p>\n<p>   Se trata de un banco de recursos educativos que est\u00e1 avalado por sentencia del Tribunal Supremo del a\u00f1o 2024, que establece la legalidad de este sistema. Adem\u00e1s, se garantiza la autonom\u00eda de gesti\u00f3n de los centros docentes en cuanto a la elecci\u00f3n, selecci\u00f3n y adquisici\u00f3n de los libros mediante acuerdo marco.<\/p>\n<p>   El programa est\u00e1 destinado tanto a alumnos de Infantil, Primaria y Secundaria. En el caso de los centros concertados existen adheridos. Adem\u00e1s, hay que sumarle Formaci\u00f3n Profesional B\u00e1sica y Educaci\u00f3n Especial. Para los de Infantil, hay una orden del a\u00f1o 2012 que regula quienes tienen derecho a poder acceder a estos recursos.<\/p>\n<p>\u00abDESPRECIO\u00bb AL PEQUE\u00d1O COMERCIO<\/p>\n<p>   Desde M\u00e1s Madrid han censurado que \u00absolo el 20%\u00bb de los contratos de este programa han sido adjudicados a librer\u00edas regi\u00f3n, frente al \u00ab65% otorgadas a empresas\u00bb, una situaci\u00f3n que \u00abdesprecia al peque\u00f1o comercio y favorece al m\u00e1s fuerte\u00bb.<\/p>\n<p>   \u00abEste nivel de concentraci\u00f3n no solo es preocupante desde el punto de vista de la sostenibilidad y equilibrio del sector, sino que sobre todo deja a los centros educativos y a las familias en manos de unos actores lejanos e incapaces de ocuparse de sus problem\u00e1ticas concretas como s\u00ed har\u00eda un comercio de cercan\u00eda\u00bb, ha subrayado el diputado de la formaci\u00f3n Juan Varela.<\/p>\n<p>    En este sentido, ha alertado de que \u00abs\u00f3lo 12 empresas est\u00e1n participando activamente en el acuerdo de las cerca de 200 que est\u00e1n acreditadas para trabajar\u00bb. \u00abComo alguno de estos cuatro adjudicatarios no pueda mantener el servicio o lo haga deterioradamente, el sistema se viene abajo\u00bb, ha remarcado.<\/p>\n<p>HERRAMIENTAS PARA LOS COLEGIOS<\/p>\n<p>   Asimismo, Varela ha aseverado que los centros educativos \u00abno cuentan con herramientas claras ni con indicadores proporcionados por la Consejer\u00eda que les permitan verificar, penalizar o rescindir los contratos en caso de incumplimiento\u00bb.<\/p>\n<p>   Ha puesto de ejemplo que en el IES Las Lagunas de Rivas-Vaciamadrid, el CEIP Virgen de la Oliva de Anchuelo, el CEIP Mozart de Alcal\u00e1 de Henares o el IES Jos\u00e9 Garc\u00eda Nieto de Las Rozas \u00ablas adjudicaciones han quedado desiertas porque las empresas, aunque designadas, no asumen el contrato\u00bb.<\/p>\n<p>   Sobre esta situaci\u00f3n, el director general de Educaci\u00f3n Concertada, Becas y Ayudas al Estudio ha defendido que la Comunidad de Madrid ha mandado una circular para recordar que existe un acuerdo marco con una serie de condiciones y que \u00abdeben ser asumidos por todos los licitadores que participaron y que fueron adjudicados\u00bb.<\/p>\n<p>   \u00abEl programa Accede, con las mejoras que tengamos que realizar en el siguiente acuerdo marco que se ponga en marcha a partir de 2027, es un programa de \u00e9xito y que las familias est\u00e1n muy contentas con el funcionamiento del mismo\u00bb, ha concluido.<\/p>\n","protected":false},"excerpt":{"rendered":"M\u00e1s Madrid critica que \u00absolo el 20%\u00bb de los contratos se adjudicaron a librer\u00edas frente al \u00ab65%\u00bb otorgados&hellip;\n","protected":false},"author":2,"featured_media":171199,"comment_status":"","ping_status":"","sticky":false,"template":"","format":"standard","meta":{"footnotes":""},"categories":[172],"tags":[224,146,147,25,24,225,23],"class_list":{"0":"post-171198","1":"post","2":"type-post","3":"status-publish","4":"format-standard","5":"has-post-thumbnail","7":"category-libros","8":"tag-books","9":"tag-entertainment","10":"tag-entretenimiento","11":"tag-es","12":"tag-espana","13":"tag-libros","14":"tag-spain"},"share_on_mastodon":{"url":"","error":""},"_links":{"self":[{"href":"https:\/\/www.europesays.com\/es\/wp-json\/wp\/v2\/posts\/171198","targetHints":{"allow":["GET"]}}],"collection":[{"href":"https:\/\/www.europesays.com\/es\/wp-json\/wp\/v2\/posts"}],"about":[{"href":"https:\/\/www.europesays.com\/es\/wp-json\/wp\/v2\/types\/post"}],"author":[{"embeddable":true,"href":"https:\/\/www.europesays.com\/es\/wp-json\/wp\/v2\/users\/2"}],"replies":[{"embeddable":true,"href":"https:\/\/www.europesays.com\/es\/wp-json\/wp\/v2\/comments?post=171198"}],"version-history":[{"count":0,"href":"https:\/\/www.europesays.com\/es\/wp-json\/wp\/v2\/posts\/171198\/revisions"}],"wp:featuredmedia":[{"embeddable":true,"href":"https:\/\/www.europesays.com\/es\/wp-json\/wp\/v2\/media\/171199"}],"wp:attachment":[{"href":"https:\/\/www.europesays.com\/es\/wp-json\/wp\/v2\/media?parent=171198"}],"wp:term":[{"taxonomy":"category","embeddable":true,"href":"https:\/\/www.europesays.com\/es\/wp-json\/wp\/v2\/categories?post=171198"},{"taxonomy":"post_tag","embeddable":true,"href":"https:\/\/www.europesays.com\/es\/wp-json\/wp\/v2\/tags?post=171198"}],"curies":[{"name":"wp","href":"https:\/\/api.w.org\/{rel}","templated":true}]}}