{"id":171200,"date":"2025-10-12T07:06:33","date_gmt":"2025-10-12T07:06:33","guid":{"rendered":"https:\/\/www.europesays.com\/es\/171200\/"},"modified":"2025-10-12T07:06:33","modified_gmt":"2025-10-12T07:06:33","slug":"jose-sacristan-revela-en-el-hormiguero-cual-sera-su-epitafio-y-es-una-leccion-de-humildad-que-le-dieron-dos-jovenes","status":"publish","type":"post","link":"https:\/\/www.europesays.com\/es\/171200\/","title":{"rendered":"Jos\u00e9 Sacrist\u00e1n revela en &#8216;El Hormiguero&#8217; cual ser\u00e1 su epitafio y es una lecci\u00f3n de humildad que le dieron dos j\u00f3venes"},"content":{"rendered":"<p class=\"c-paragraph\">El actor <a href=\"https:\/\/www.20minutos.es\/tags\/personas\/jose-sacristan.html\" title=\"Jos\u00e9 Sacrist\u00e1n\" rel=\"nofollow noopener\" target=\"_blank\">Jos\u00e9 Sacrist\u00e1n<\/a>, a sus 88 a\u00f1os estrena nueva gira con una obra de teatro,\u00a0El hijo de la c\u00f3mica, que le llevar\u00e1 por teatros de toda Espa\u00f1a en todo 2026 y parte de 2017.<b> Con centenares de trabajos a sus espaldas en cine, televisi\u00f3n y teatro<\/b>, dio una lecci\u00f3n de humildad en <a href=\"https:\/\/www.20minutos.es\/tags\/instituciones-empresas\/el-hormiguero.html\" title=\"El hormiguero\" rel=\"nofollow noopener\" target=\"_blank\">El Hormiguero<\/a>, al que acudi\u00f3 para hablar de la obra.\u00a0<\/p>\n<p class=\"c-paragraph\">En un momento dado la conversaci\u00f3n llev\u00f3 a <a href=\"https:\/\/www.20minutos.es\/tags\/personas\/pablo-motos.html\" title=\"Pablo Motos\" rel=\"nofollow noopener\" target=\"_blank\">Pablo Motos<\/a> y a Sacrist\u00e1n a hablar sobre la fama, <b>algo l\u00edcito para el actor a no ser que \u00abcaigas en el delirio de la fama<\/b>, del \u00e9xito\u00bb.<\/p>\n<p class=\"c-paragraph\">\u00abLa fama en Espa\u00f1a es una cosa dom\u00e9stica, de andar por casa\u00bb, dec\u00eda el actor y lo explicaba con una reflexi\u00f3n: \u00abMarlon Brando naci\u00f3 en Omaha, Nebraska y yo en Chinch\u00f3n. <b>Vas a Chinch\u00f3n y dices Marlon Brando y todo el mundo sabe qui\u00e9n es, pero vas a Omaha y dices Pepe Sacrist\u00e1n y no tiene nadie ni idea<\/b>\u00ab.<\/p>\n<p class=\"c-paragraph\">\u00abTengo una an\u00e9cdota genial. En Tarifa al acabar una funci\u00f3n <b>sal\u00ed a dar un paseo y dos muchachos de 30 a\u00f1os, me miraban no sab\u00edan<\/b>\u2026 hasta que uno de ellos me reconoce y viene felic\u00edsimo y dice &#8216;usted es el que hac\u00eda re\u00edr en las pel\u00edculas antiguas'\u00bb, contaba Jos\u00e9 Sacrist\u00e1n.\u00a0<\/p>\n<p class=\"c-paragraph\">Encantado con esa definici\u00f3n de aquellos dos j\u00f3venes, Jos\u00e9 Sacrist\u00e1n dec\u00eda divertido: \u00ab<b>Ya tengo epitafio: Yo era el que hac\u00eda re\u00edr en las pel\u00edculas antiguas<\/b>\u00ab.\u00a0<\/p>\n","protected":false},"excerpt":{"rendered":"El actor Jos\u00e9 Sacrist\u00e1n, a sus 88 a\u00f1os estrena nueva gira con una obra de teatro,\u00a0El hijo de&hellip;\n","protected":false},"author":2,"featured_media":171201,"comment_status":"","ping_status":"","sticky":false,"template":"","format":"standard","meta":{"footnotes":""},"categories":[171],"tags":[1339,146,147,25,24,17775,2467,1789,2468,23,214],"class_list":{"0":"post-171200","1":"post","2":"type-post","3":"status-publish","4":"format-standard","5":"has-post-thumbnail","7":"category-tv","8":"tag-actor","9":"tag-entertainment","10":"tag-entretenimiento","11":"tag-es","12":"tag-espana","13":"tag-hormiguero","14":"tag-jose","15":"tag-revela","16":"tag-sacristan","17":"tag-spain","18":"tag-tv"},"share_on_mastodon":{"url":"","error":""},"_links":{"self":[{"href":"https:\/\/www.europesays.com\/es\/wp-json\/wp\/v2\/posts\/171200","targetHints":{"allow":["GET"]}}],"collection":[{"href":"https:\/\/www.europesays.com\/es\/wp-json\/wp\/v2\/posts"}],"about":[{"href":"https:\/\/www.europesays.com\/es\/wp-json\/wp\/v2\/types\/post"}],"author":[{"embeddable":true,"href":"https:\/\/www.europesays.com\/es\/wp-json\/wp\/v2\/users\/2"}],"replies":[{"embeddable":true,"href":"https:\/\/www.europesays.com\/es\/wp-json\/wp\/v2\/comments?post=171200"}],"version-history":[{"count":0,"href":"https:\/\/www.europesays.com\/es\/wp-json\/wp\/v2\/posts\/171200\/revisions"}],"wp:featuredmedia":[{"embeddable":true,"href":"https:\/\/www.europesays.com\/es\/wp-json\/wp\/v2\/media\/171201"}],"wp:attachment":[{"href":"https:\/\/www.europesays.com\/es\/wp-json\/wp\/v2\/media?parent=171200"}],"wp:term":[{"taxonomy":"category","embeddable":true,"href":"https:\/\/www.europesays.com\/es\/wp-json\/wp\/v2\/categories?post=171200"},{"taxonomy":"post_tag","embeddable":true,"href":"https:\/\/www.europesays.com\/es\/wp-json\/wp\/v2\/tags?post=171200"}],"curies":[{"name":"wp","href":"https:\/\/api.w.org\/{rel}","templated":true}]}}