{"id":171212,"date":"2025-10-12T07:13:12","date_gmt":"2025-10-12T07:13:12","guid":{"rendered":"https:\/\/www.europesays.com\/es\/171212\/"},"modified":"2025-10-12T07:13:12","modified_gmt":"2025-10-12T07:13:12","slug":"nagore-la-nina-que-vendia-flores-en-el-mercado-de-el-arenal-abre-su-floristeria-frente-al-ayuntamiento-de-bilbao","status":"publish","type":"post","link":"https:\/\/www.europesays.com\/es\/171212\/","title":{"rendered":"Nagore, la ni\u00f1a que vend\u00eda flores en el mercado de El Arenal, abre su florister\u00eda frente al Ayuntamiento de Bilbao"},"content":{"rendered":"<p>Nagore Alonso Becedas ha crecido rodeada de flores. La semilla la sembraron sus padres hace m\u00e1s de 50 a\u00f1os, cuando decidieron colocarse con un cubo  &#8230; de claveles frente al cementerio de Derio. \u00abAh\u00ed naci\u00f3 el negocio. Todos los Becedas nos dedicamos a esto. Mi t\u00edo se mud\u00f3 a C\u00e1ceres y all\u00ed se ha hecho un nombre\u00bb. Su madre se qued\u00f3 y fue una de las veteranas del mercado de las flores de El Arenal. Y Nagore con ella, desde los once a\u00f1os. \u00abYo nunca he salido de fiesta con mis amigas, pero no me importaba. Me encantaba ayudar los domingos a mis aitas, acompa\u00f1ada por mis hermanos y mis primos. Lo m\u00edo siempre ha sido vender, estar de cara al p\u00fablico\u00bb, cuenta esta emprendedora de 41 a\u00f1os que quer\u00eda haber sido m\u00e9dica, pero al final eligi\u00f3 las flores. <\/p>\n<p class=\"v-p\">Hace menos de un mes abri\u00f3 su propia florister\u00eda, <a href=\"https:\/\/www.instagram.com\/nagore_flores_y_plantas\/?hl=es\" target=\"_blank\" data-voc-vtm-id=\"in-text-traffic\" title=\"Nagore Flores y Plantas\" data-mrf-link=\"www.instagram.com\" rel=\"nofollow noopener\">Nagore Flores y Plantas<\/a>, en la entrada a la plaza del Gas, frente al Ayuntamiento de Bilbao. \u00abEstoy feliz, pero emprender cada vez es m\u00e1s dif\u00edcil\u2026 no nos dan facilidades\u00bb, admite, consciente de la presi\u00f3n que supone poner en marcha un negocio hoy en d\u00eda. Y eso que ella siempre ha tenido vena emprendedora. Se form\u00f3 como masajista y, con solo 20 a\u00f1os, abri\u00f3 un spa en Galdakao, que cerr\u00f3 cuatro a\u00f1os despu\u00e9s para dedicarse de lleno a las flores. Tambi\u00e9n regent\u00f3 dos florister\u00edas en Amorebieta, pero apenas duraron tres meses abiertas. \u00abLa primera vez sufr\u00ed una sepsis despu\u00e9s de una operaci\u00f3n y estuve muy grave. Y la segunda tuve que cerrar por un problema familiar\u00bb, lamenta.<\/p>\n<p><img decoding=\"async\" loading=\"lazy\" src=\"https:\/\/www.europesays.com\/es\/wp-content\/uploads\/2025\/10\/1501707797-kFXH--650x455@El Correo.jpg\" class=\"v-a-img\" width=\"650\" height=\"455\" alt=\"\" data-voc-vtm-id=\"in-text-traffic\"\/><\/p>\n<p>Luis \u00c1ngel G\u00f3mez<\/p>\n<p><img loading=\"lazy\" decoding=\"async\" src=\"https:\/\/www.europesays.com\/es\/wp-content\/uploads\/2025\/10\/1501707797-kFXH--650x455@El Correo.jpg\" class=\"v-mdl__img-z\" width=\"650\" height=\"455\" alt=\"\"\/><\/p>\n<p class=\"v-p\">Nagore nunca se desvincul\u00f3 del mundo de las flores. Cada domingo acud\u00eda a su cita semanal en el mercado de El Arenal y segu\u00eda trabajando en su taller del pol\u00edgono de Erletxe, donde produce los ramos de flores secas y preservadas. Pero hace justo un a\u00f1o, mientras se preparaba para montar su puesto, vivi\u00f3 un contratiempo que interpret\u00f3 como una se\u00f1al para abrir una nueva florister\u00eda. \u00abDescargu\u00e9 diez carros de flores del cami\u00f3n y vino un viento huracanado que los tir\u00f3 todos al suelo. Los ramos salieron volando y cayeron a la r\u00eda\u00bb, recuerda. Ese mismo d\u00eda vio un cartel de &#8216;Se alquila&#8217; en el local que hoy ocupa su negocio: \u00abPens\u00e9 que aquel incidente hab\u00eda pasado por algo y aqu\u00ed estamos\u00bb.<\/p>\n<p><img decoding=\"async\" loading=\"lazy\" src=\"https:\/\/www.europesays.com\/es\/wp-content\/uploads\/2025\/10\/1501707762-kFXH--650x455@El Correo.jpg\" class=\"v-a-img\" width=\"650\" height=\"455\" alt=\"Nagore posa con dos de sus tres empleados, Edward y Luz.\" data-voc-vtm-id=\"in-text-traffic\"\/><\/p>\n<p>Nagore posa con dos de sus tres empleados, Edward y Luz.<\/p>\n<p>Luis \u00c1ngel G\u00f3mez<\/p>\n<p><img loading=\"lazy\" decoding=\"async\" src=\"https:\/\/www.europesays.com\/es\/wp-content\/uploads\/2025\/10\/1501707762-kFXH--650x455@El Correo.jpg\" class=\"v-mdl__img-z\" width=\"650\" height=\"455\" alt=\"\"\/><\/p>\n<p class=\"v-p\">Nagore habla en plural porque no imagina su d\u00eda a d\u00eda sin su equipo. En esta aventura le acompa\u00f1a Edward, un joven colombiano con el que lleva cuatro a\u00f1os trabajando y que se ha convertido en su mano derecha. Tambi\u00e9n cuenta con Sidi, un joven de Mali de 21 a\u00f1os que ha encontrado su camino entre flores. \u00abTiene una t\u00e9cnica muy buena, es muy trabajador y limpio. Le queremos mucho\u00bb, elogia Nagore. Y completa el equipo Luz, venezolana, una apasionada de las plantas que tambi\u00e9n trabaja en una tienda de gominolas del Casco Viejo.<\/p>\n<p><img decoding=\"async\" loading=\"lazy\" src=\"https:\/\/www.europesays.com\/es\/wp-content\/uploads\/2025\/10\/flores87-kFXH--650x455@El Correo.jpg\" class=\"v-a-img\" width=\"650\" height=\"455\" alt=\"Sidi y Nagore se entienden a la perfecci\u00f3n.\" data-voc-vtm-id=\"in-text-traffic\"\/><\/p>\n<p>Sidi y Nagore se entienden a la perfecci\u00f3n.<\/p>\n<p>Luis \u00c1ngel G\u00f3mez<\/p>\n<p><img loading=\"lazy\" decoding=\"async\" src=\"https:\/\/www.europesays.com\/es\/wp-content\/uploads\/2025\/10\/flores87-kFXH--650x455@El Correo.jpg\" class=\"v-mdl__img-z\" width=\"650\" height=\"455\" alt=\"\"\/><\/p>\n<p class=\"v-p\">En su atelier de florister\u00eda se puede encontrar una gran selecci\u00f3n de plantas de interior y exterior, adem\u00e1s de flores naturales cortadas, como hortensias, proteas, rosas&#8230; Tambi\u00e9n se han especializado en flores secas y preservadas, que \u00abdecoran, aportan color y duran much\u00edsimo\u00bb. Adem\u00e1s, Nagore y su equipo vuelcan su creatividad en las composiciones florales que realizan para diferentes eventos, ya que colaboran con varias &#8216;wedding planners&#8217; vizca\u00ednas. <\/p>\n<p>\u00abSiento mucha presi\u00f3n\u00bb<\/p>\n<p class=\"v-p\">Sus creaciones han ganado visibilidad gracias a este c\u00e9ntrico escaparate frente al consistorio bilba\u00edno, con el que Nagore busca llevar el aroma y la belleza de las flores a nuevos hogares. \u00abLa acogida ha sido muy buena. Algunas personas solo entran para darme las gracias por abrir un espacio as\u00ed. La gente necesita cada vez m\u00e1s tener verde cerca, esa luz y aroma de las plantas\u00bb, explica mientras recoge las flores y plantas que decoran el exterior del local. \u00abHa venido un inspector amigo a decirme que las tengo que retirar de la calle, que en Bilbao no se pueden dejar fuera. Es una pena, porque embellecen la ciudad y la gente lo agradece\u00bb.<\/p>\n<p><img decoding=\"async\" loading=\"lazy\" src=\"https:\/\/www.europesays.com\/es\/wp-content\/uploads\/2025\/10\/1501707815-kFXH--650x455@El Correo.jpg\" class=\"v-a-img\" width=\"650\" height=\"455\" alt=\"\" data-voc-vtm-id=\"in-text-traffic\"\/><\/p>\n<p>Luis \u00c1ngel G\u00f3mez<\/p>\n<p><img loading=\"lazy\" decoding=\"async\" src=\"https:\/\/www.europesays.com\/es\/wp-content\/uploads\/2025\/10\/1501707815-kFXH--650x455@El Correo.jpg\" class=\"v-mdl__img-z\" width=\"650\" height=\"455\" alt=\"\"\/><\/p>\n<p class=\"v-p\">Nagore ha conseguido, con esfuerzo y dedicaci\u00f3n, dar continuidad al negocio familiar y convertirlo en un proyecto con nombre propio. Cada domingo sigue montando su puesto en el mercado de El Arenal, una tradici\u00f3n que compagina con su nueva florister\u00eda. \u00abYa me conoce mucha gente y estar entre flores es precioso, pero tambi\u00e9n es un trabajo duro y muy f\u00edsico. Hay que levantar mucho peso y tener mucha dedicaci\u00f3n y delicadeza con las plantas\u00bb, cuenta. Le ilusiona esta nueva etapa, llena de flores, pero tambi\u00e9n de piedras en el camino. \u00abLlevo emprendiendo toda la vida, pero nunca he encontrado tantas dificultades como ahora: burocracia, papeleo, cuota de aut\u00f3nomos, luz, agua, proveedores, impuestos, TicketBAI\u2026 siento mucha presi\u00f3n\u00bb, lamenta.<\/p>\n<p class=\"v-p\">Abre su local todos los d\u00edas, de 10.00 a 15.30 horas, domingos incluidos (hasta las dos). \u00abTrabajo los siete d\u00edas. No desconecto, pero intento no coger el tel\u00e9fono cuando estoy con mis dos hijos. Ellos son mi prioridad\u00bb, asegura. \u00bfLa florister\u00eda es tu tercera hija? \u00abAntes s\u00ed lo sent\u00eda as\u00ed, pero ya no. Si pudiese, me jubilar\u00eda ma\u00f1ana. Me encantar\u00eda retirarme pronto y que mis empleados continuasen con el proyecto\u00bb.<\/p>\n<p><script async src=\"\/\/www.instagram.com\/embed.js\"><\/script><\/p>\n","protected":false},"excerpt":{"rendered":"Nagore Alonso Becedas ha crecido rodeada de flores. La semilla la sembraron sus padres hace m\u00e1s de 50&hellip;\n","protected":false},"author":2,"featured_media":171213,"comment_status":"","ping_status":"","sticky":false,"template":"","format":"standard","meta":{"footnotes":""},"categories":[80],"tags":[490,9450,1250,2601,82,95,94,25,24,9646,49642,3419,1239,31036,1388,23,49641],"class_list":{"0":"post-171212","1":"post","2":"type-post","3":"status-publish","4":"format-standard","5":"has-post-thumbnail","7":"category-economia","8":"tag-abre","9":"tag-arenal","10":"tag-ayuntamiento","11":"tag-bilbao","12":"tag-business","13":"tag-economia","14":"tag-economy","15":"tag-es","16":"tag-espana","17":"tag-flores","18":"tag-floristeria","19":"tag-frente","20":"tag-mercado","21":"tag-nagore","22":"tag-nina","23":"tag-spain","24":"tag-vendia"},"share_on_mastodon":{"url":"","error":""},"_links":{"self":[{"href":"https:\/\/www.europesays.com\/es\/wp-json\/wp\/v2\/posts\/171212","targetHints":{"allow":["GET"]}}],"collection":[{"href":"https:\/\/www.europesays.com\/es\/wp-json\/wp\/v2\/posts"}],"about":[{"href":"https:\/\/www.europesays.com\/es\/wp-json\/wp\/v2\/types\/post"}],"author":[{"embeddable":true,"href":"https:\/\/www.europesays.com\/es\/wp-json\/wp\/v2\/users\/2"}],"replies":[{"embeddable":true,"href":"https:\/\/www.europesays.com\/es\/wp-json\/wp\/v2\/comments?post=171212"}],"version-history":[{"count":0,"href":"https:\/\/www.europesays.com\/es\/wp-json\/wp\/v2\/posts\/171212\/revisions"}],"wp:featuredmedia":[{"embeddable":true,"href":"https:\/\/www.europesays.com\/es\/wp-json\/wp\/v2\/media\/171213"}],"wp:attachment":[{"href":"https:\/\/www.europesays.com\/es\/wp-json\/wp\/v2\/media?parent=171212"}],"wp:term":[{"taxonomy":"category","embeddable":true,"href":"https:\/\/www.europesays.com\/es\/wp-json\/wp\/v2\/categories?post=171212"},{"taxonomy":"post_tag","embeddable":true,"href":"https:\/\/www.europesays.com\/es\/wp-json\/wp\/v2\/tags?post=171212"}],"curies":[{"name":"wp","href":"https:\/\/api.w.org\/{rel}","templated":true}]}}