{"id":171214,"date":"2025-10-12T07:14:10","date_gmt":"2025-10-12T07:14:10","guid":{"rendered":"https:\/\/www.europesays.com\/es\/171214\/"},"modified":"2025-10-12T07:14:10","modified_gmt":"2025-10-12T07:14:10","slug":"los-franceses-piden-la-guillotina-politica-para-macron","status":"publish","type":"post","link":"https:\/\/www.europesays.com\/es\/171214\/","title":{"rendered":"Los franceses piden la guillotina pol\u00edtica para Macron"},"content":{"rendered":"<p style=\"\">Opini\u00f3n p\u00fablica, peque\u00f1as y medianas empresas coinciden en estimar que<strong> Emmanuel Macron<\/strong> se dirige a paso de carga hacia la &#8216;guillotina&#8217; pol\u00edtica.<a href=\"https:\/\/www.abc.es\/internacional\/macron-logra-aclarar-salida-crisis-tras-consultar-20251010211139-nt.html\" title=\"www.abc.es\" data-voc-vtm-id=\"in-text-traffic\" data-mrf-link=\"www.abc.es\" rel=\"nofollow noopener\" target=\"_blank\"> La reelecci\u00f3n de S\u00e9bastien Lecornu como primer ministro<\/a>, dimitido \u00abirrevocablemente\u00bb dos d\u00edas antes, a la espera de la formaci\u00f3n de  &#8230; un nuevo gobierno condenado a la censura, es percibida como una \u00abagravaci\u00f3n del caos\u00bb.<\/p>\n<p class=\"voc-p\" style=\"\">Mi panadera, <strong>Madame Bernard<\/strong>, resume la evoluci\u00f3n de la crisis francesa de este modo: \u00abEntre mis clientes no hay uno que entienda nada. El presidente se ha encerrado en su b\u00fanker del El\u00edseo, alejad\u00edsimo de la calle. La tradici\u00f3n francesa, en estos casos, es la guillotina, donde acab\u00f3 Luis XVI. Los franceses somos regicidas\u00bb.<\/p>\n<p class=\"voc-p\" style=\"\">El presidente de un gran grupo de comunicaci\u00f3n, que no desea ser identificado, declara al matutino conservador &#8216;Le Figaro&#8217;: \u00abMacron es una bomba humana instalada en el El\u00edseo. El jefe del Estado est\u00e1 jugando a la ruleta. A\u00f1o y medio de crisis nos han costado quince mil millones de euros. Agravando la crisis de credibilidad financiera, instalada Francia como \u00bbfarolillo rojo\u00ab de la zona euro\u00bb.<\/p>\n<p class=\"voc-p\" style=\"\"><strong>Fr\u00e9d\u00e9ric Coirier<\/strong>, director general de Pouloulat, teme la agravaci\u00f3n econ\u00f3mica y social de la crisis: \u00abLos pol\u00edticos no pueden prolongar la crisis anunciando nuevos gastos, nuevos impuestos. La actividad econ\u00f3mica est\u00e1 retrocediendo, las familias tienen miedo, los j\u00f3venes no encuentran trabajo. Y Macron sigue alimentando el caos\u00bb.<\/p>\n<p class=\"voc-p\" style=\"\"><strong>Fran\u00e7ois Villeroy de Galhau<\/strong>, presidente de la Banca de Francia, llega a esta conclusi\u00f3n alarmante: \u00abLa situaci\u00f3n de las finanzas del Estado es insostenible. Presidente y partidos debieran intentar alguna forma de acuerdo para intentar evitar la agravaci\u00f3n de la cat\u00e1strofe nacional\u00bb.<\/p>\n<p>\n\u00abPrisionero de los partidos\u00bb\n<\/p>\n<p class=\"voc-p\" style=\"\">El rescatado primer ministro, <strong>S\u00e9bastien Lecornu<\/strong>, ha enfatizado este s\u00e1bado en una visita a una comisar\u00eda de polic\u00eda en L&#8217;Hay-les-Roses, un suburbio al sur de Par\u00eds; que \u00abnecesitamos un gobierno que refleje la realidad del Parlamento pero que no sea prisionero de intereses partidistas\u00bb. Adem\u00e1s, ha a\u00f1adido respecto al debate nacional de las pensiones, una l\u00ednea roja para las izquierdas, que \u00abtodos los debates son posibles siempre que se desarrollen dentro de un marco real y realista, incluso en cuestiones presupuestarias\u00bb.<\/p>\n<p class=\"voc-p\" style=\"\">Sin embargo, su reelecci\u00f3n como jefe de Gobierno ha precipitado nuevos enfrentamientos. Los Republicanos (LR, derecha tradicional) no desean participar en el nuevo gobierno. <strong>Bruno Retailleau<\/strong>, ministro del Interior saliente, y <strong>G\u00e9rard Larcher<\/strong>, presidente del Senado, son contrarios a esa participaci\u00f3n, estimando que Macron est\u00e1 \u00abrenunciando\u00bb a principios b\u00e1sicos de la pol\u00edtica econ\u00f3mica nacional. El macronismo pierde a unos aliados estrat\u00e9gicos.<\/p>\n<p class=\"voc-p\" style=\"\"><strong>Pierre Jouvet<\/strong>, secretario general del Partido Socialista (PS), lanza una advertencia de gran calado: \u00abAdvertimos al presidente y su jefe de Gobierno que votaremos la censura si no se abandona inmediatamente la reforma de las pensiones del presidente\u2026\u00bb. La reforma de las pensiones, aprobada el 2023, tras seis a\u00f1os de crisis, es el \u00abgran activo\u00bb de la presidencia Macron, en trance de descomposici\u00f3n. Se ha convertido en una bomba de relojer\u00eda pol\u00edtica.<\/p>\n<p class=\"voc-p\" style=\"\"><strong>Jean-Luc M\u00e9lenchon<\/strong>, presidente de La Francia Insumisa (LFI, extrema izquierda), y <strong>Marine Le Pen<\/strong>, presidenta de Agrupaci\u00f3n Nacional (AN, extrema derecha), insisten varias veces al d\u00eda, a coro: <a href=\"https:\/\/www.abc.es\/internacional\/macron-intenta-negociar-posible-gobierno-extrema-derecha-20251010125856-nt.html\" title=\"www.abc.es\" data-voc-vtm-id=\"in-text-traffic\" data-mrf-link=\"www.abc.es\" rel=\"nofollow noopener\" target=\"_blank\">\u00abMacron debe convocar elecciones anticipadas, ya. Y dimitir\u00bb.<\/a><\/p>\n<p class=\"voc-p\" style=\"\">Macron y Lecornu deben formar un nuevo gobierno, mayoritariamente centrista, para presentar sus inciertos proyectos en la Asamblea Nacional la semana que viene, donde una mayor\u00eda considerable se inclina por volver a votar otra censura, prolongando la crisis que estall\u00f3 hace a\u00f1o y medio, con una sucesi\u00f3n inconclusa de gobiernos siempre al borde de una censura que termina consum\u00e1ndose.<\/p>\n","protected":false},"excerpt":{"rendered":"Opini\u00f3n p\u00fablica, peque\u00f1as y medianas empresas coinciden en estimar que Emmanuel Macron se dirige a paso de carga&hellip;\n","protected":false},"author":2,"featured_media":171215,"comment_status":"","ping_status":"","sticky":false,"template":"","format":"standard","meta":{"footnotes":""},"categories":[42],"tags":[17,18,13,14,18425,49643,11,61,62,63,64,19,20,24564,9,10,15,16,5747,952,12,21,22,65,66,67],"class_list":{"0":"post-171214","1":"post","2":"type-post","3":"status-publish","4":"format-standard","5":"has-post-thumbnail","7":"category-internacional","8":"tag-breaking-news","9":"tag-breakingnews","10":"tag-featured-news","11":"tag-featurednews","12":"tag-franceses","13":"tag-guillotina","14":"tag-headlines","15":"tag-internacional","16":"tag-international","17":"tag-international-news","18":"tag-internationalnews","19":"tag-latest-news","20":"tag-latestnews","21":"tag-macron","22":"tag-news","23":"tag-noticias","24":"tag-noticias-destacadas","25":"tag-noticiasdestacadas","26":"tag-piden","27":"tag-politica","28":"tag-titulares","29":"tag-ultimas-noticias","30":"tag-ultimasnoticias","31":"tag-world","32":"tag-world-news","33":"tag-worldnews"},"share_on_mastodon":{"url":"","error":""},"_links":{"self":[{"href":"https:\/\/www.europesays.com\/es\/wp-json\/wp\/v2\/posts\/171214","targetHints":{"allow":["GET"]}}],"collection":[{"href":"https:\/\/www.europesays.com\/es\/wp-json\/wp\/v2\/posts"}],"about":[{"href":"https:\/\/www.europesays.com\/es\/wp-json\/wp\/v2\/types\/post"}],"author":[{"embeddable":true,"href":"https:\/\/www.europesays.com\/es\/wp-json\/wp\/v2\/users\/2"}],"replies":[{"embeddable":true,"href":"https:\/\/www.europesays.com\/es\/wp-json\/wp\/v2\/comments?post=171214"}],"version-history":[{"count":0,"href":"https:\/\/www.europesays.com\/es\/wp-json\/wp\/v2\/posts\/171214\/revisions"}],"wp:featuredmedia":[{"embeddable":true,"href":"https:\/\/www.europesays.com\/es\/wp-json\/wp\/v2\/media\/171215"}],"wp:attachment":[{"href":"https:\/\/www.europesays.com\/es\/wp-json\/wp\/v2\/media?parent=171214"}],"wp:term":[{"taxonomy":"category","embeddable":true,"href":"https:\/\/www.europesays.com\/es\/wp-json\/wp\/v2\/categories?post=171214"},{"taxonomy":"post_tag","embeddable":true,"href":"https:\/\/www.europesays.com\/es\/wp-json\/wp\/v2\/tags?post=171214"}],"curies":[{"name":"wp","href":"https:\/\/api.w.org\/{rel}","templated":true}]}}