{"id":171216,"date":"2025-10-12T07:15:08","date_gmt":"2025-10-12T07:15:08","guid":{"rendered":"https:\/\/www.europesays.com\/es\/171216\/"},"modified":"2025-10-12T07:15:08","modified_gmt":"2025-10-12T07:15:08","slug":"asi-es-el-desfile-militar-de-la-fiesta-nacional-y-dia-de-la-hispanidad-2025-en-madrid","status":"publish","type":"post","link":"https:\/\/www.europesays.com\/es\/171216\/","title":{"rendered":"As\u00ed es el desfile militar de la Fiesta Nacional y D\u00eda de la Hispanidad 2025 en Madrid"},"content":{"rendered":"<p>          <img decoding=\"async\" class=\"c-ad__placeholder__logo\" src=\"https:\/\/static.euronews.com\/website\/images\/logos\/logo-euronews-stacked-outlined-72x72-grey-9.svg\" width=\"72\" height=\"72\" alt=\"\" loading=\"lazy\"\/><br \/>\n          PUBLICIDAD<\/p>\n<p>El 12 de octubre se celebra en Espa\u00f1a la <strong>Fiesta Nacional<\/strong>, una fecha que conmemora el descubrimiento de Am\u00e9rica, cuando <strong>Crist\u00f3bal Col\u00f3n desembarc\u00f3 el 12 de octubre de 1492<\/strong> en la isla Guanan\u00ed, en el archipi\u00e9lago de las Bahamas. Este acontecimiento marc\u00f3 un hito hist\u00f3rico al dar inicio a un periodo de proyecci\u00f3n ling\u00fc\u00edstica y cultural en el continente americano, <a href=\"https:\/\/es.euronews.com\/2021\/10\/12\/que-se-celebra-el-12-de-octubre-dia-hispanidad-raza-resistencia-indigena-espana-america\" rel=\"nofollow noopener\" target=\"_blank\">no libre de pol\u00e9micas<\/a>.<\/p>\n<p>La celebraci\u00f3n tiene sus ra\u00edces en el siglo XIX, cuando en 1892 <strong>la reina regente Mar\u00eda Cristina de Habsburgo-Lorena declar\u00f3 fiesta nacional el 12 de octubre<\/strong> en conmemoraci\u00f3n del descubrimiento de Am\u00e9rica. <\/p>\n<p>No obstante, <strong>la fecha<\/strong>, tal y como la conocemos hoy, <strong>qued\u00f3 establecida definitivamente en 1987<\/strong>. Esta jornada tambi\u00e9n coincide con la festividad religiosa de la <strong>Virgen del Pilar<\/strong>, patrona de <strong>Zaragoza<\/strong> y de la <a href=\"https:\/\/es.euronews.com\/tag\/guardia-civil\" rel=\"nofollow noopener\" target=\"_blank\">Guardia Civil<\/a>, lo que a\u00f1ade un componente religioso a la celebraci\u00f3n civil.<\/p>\n<p>Tradicionalmente conocida como <strong>D\u00eda de la Hispanidad<\/strong>, la festividad representa un puente cultural entre Espa\u00f1a y los pa\u00edses de habla hispana, aunque tambi\u00e9n es una fecha que genera diferentes lecturas hist\u00f3ricas y sensibilidades en la sociedad actual.<\/p>\n<p><strong>Pedro S\u00e1nchez<\/strong>, presidente del Gobierno de Espa\u00f1a, ha publicado en redes sociales un peque\u00f1o v\u00eddeo <strong>felicitando el d\u00eda de la Fiesta Nacional<\/strong> a los espa\u00f1oles y mostrando orgullo por el pa\u00eds, los espa\u00f1oles y su solidaridad.<\/p>\n<p>Un desfile con presencia destacada de la princesa Leonor<\/p>\n<p>El centro de Madrid volver\u00e1 a ser el escenario principal de la celebraci\u00f3n este domingo, con un <strong>desfile militar<\/strong> aproximadamente entre las 12:00 y las 13:30. Miles de ciudadanos se espera que llenen el kil\u00f3metro y medio de recorrido engalanado para la ocasi\u00f3n, en un evento presidido por los <strong>Reyes Felipe VI y Letizia<\/strong>, junto a sus hijas, la princesa <strong>Leonor<\/strong> y la infanta <strong>Sof\u00eda<\/strong>.<\/p>\n<p>La heredera al trono lucir\u00e1 previsiblemente el uniforme de gala del Ej\u00e9rcito del Aire, ya que actualmente est\u00e1 realizando la \u00faltima etapa de sus estudios militares en la base del Ej\u00e9rcito del Aire y del Espacio de San Javier, en Murcia. Por su parte, la infanta <a href=\"https:\/\/es.euronews.com\/my-europe\/2025\/05\/24\/la-infanta-sofia-se-gradua-con-honores-en-el-uwc-atlantic-college-de-gales\" rel=\"nofollow noopener\" target=\"_blank\">Sof\u00eda acudir\u00e1 desde Lisboa<\/a>, donde ha comenzado sus estudios universitarios.<\/p>\n<p>El despliegue militar ser\u00e1 notable: participar\u00e1n <strong>3.847 integrantes de las Fuerzas Armadas<\/strong> y otras instituciones, acompa\u00f1ados de un impresionante dispositivo que incluye 45 aviones, 29 helic\u00f3pteros, 123 veh\u00edculos, 39 motocicletas, 229 caballos y seis perros. Por primera vez veremos a los sustitutos de la <a href=\"https:\/\/es.euronews.com\/my-europe\/2025\/06\/15\/la-patrulla-aguila-espanola-se-despide-en-su-40-aniversario\" rel=\"nofollow noopener\" target=\"_blank\">ya retirada Patrulla \u00c1guila<\/a>, la Formaci\u00f3n Mirlo que pintar\u00e1n la bandera de Espa\u00f1a en el cielo con los <a href=\"https:\/\/es.euronews.com\/2025\/10\/11\/como-es-la-formacion-mirlo-la-sucesora-de-la-patrulla-aguila-con-el-pilatus-pc-21\" rel=\"nofollow noopener\" target=\"_blank\">aviones Pilatus PC-21<\/a>.<\/p>\n<p>Como en ediciones anteriores, el acto implicar\u00e1 importantes <strong>cortes de tr\u00e1fico en el centro de la capital<\/strong> desde primera hora de la ma\u00f1ana. Desde aproximadamente las 7:30 hasta las 14:00, se aplicar\u00e1n restricciones en el eje Atocha-Recoletos-Col\u00f3n y las calles adyacentes, afectando especialmente al Paseo del Prado, la Plaza de Cibeles y el Paseo de Recoletos.<\/p>\n<p>Ausencias destacadas en la tribuna de autoridades<\/p>\n<p>Aunque al desfile militar est\u00e1n invitados los l\u00edderes pol\u00edticos de todas las formaciones, no todos confirmar\u00e1n su asistencia. Se ha convertido en <strong>habitual la ausencia de representantes nacionalistas e independentista<\/strong>s: ni Esquerra Republicana, ni Junts, ni Bildu ni el PNV suelen asistir al acto.<\/p>\n<p>Este a\u00f1o habr\u00e1 ausencias adicionales por motivos sobrevenidos. Los <strong>presidentes auton\u00f3micos de La Rioja y de la Comunidad Valenciana no podr\u00e1n acudir<\/strong> debido a <a href=\"https:\/\/es.euronews.com\/green\/2025\/10\/11\/la-dana-alice-mantiene-en-alerta-naranja-a-la-comunidad-valenciana-baleares-y-murcia\" rel=\"nofollow noopener\" target=\"_blank\">la DANA que afecta actualmente a la regi\u00f3n<\/a>. Tampoco estar\u00e1n presentes las ministras de Sanidad y de Juventud, de Sumar, al encontrarse de viaje oficial.<\/p>\n<p>Una <strong>ausencia<\/strong> que llama especialmente la atenci\u00f3n es la del <strong>presidente de Vox, Santiago Abascal<\/strong>, quien ha decidido no ocupar su lugar en la tribuna de autoridades, aunque ha asegurado que seguir\u00e1 el desfile desde la calle. Desde su partido explican que consideran que es un acto que el presidente del Gobierno, Pedro S\u00e1nchez, utiliza para \u00abblanquear\u00bb a su ejecutivo.<\/p>\n<p>Despu\u00e9s del desfile, tendr\u00e1 lugar la <strong>tradicional recepci\u00f3n en el Palacio Real<\/strong>, presidida por los Reyes Felipe y Letizia, y por la princesa Leonor y la infanta Sof\u00eda. Este encuentro suele propiciar los habituales corrillos de periodistas con miembros del Gobierno y representantes de los partidos pol\u00edticos, convirti\u00e9ndose en un momento clave de la jornada institucional.<\/p>\n","protected":false},"excerpt":{"rendered":"PUBLICIDAD El 12 de octubre se celebra en Espa\u00f1a la Fiesta Nacional, una fecha que conmemora el descubrimiento&hellip;\n","protected":false},"author":2,"featured_media":171217,"comment_status":"","ping_status":"","sticky":false,"template":"","format":"standard","meta":{"footnotes":""},"categories":[8],"tags":[17,18,49644,25,24,13,14,49209,11,19,20,9,10,15,16,23,12,21,22],"class_list":{"0":"post-171216","1":"post","2":"type-post","3":"status-publish","4":"format-standard","5":"has-post-thumbnail","7":"category-espana","8":"tag-breaking-news","9":"tag-breakingnews","10":"tag-desfile-militar","11":"tag-es","12":"tag-espana","13":"tag-featured-news","14":"tag-featurednews","15":"tag-fiesta-nacional","16":"tag-headlines","17":"tag-latest-news","18":"tag-latestnews","19":"tag-news","20":"tag-noticias","21":"tag-noticias-destacadas","22":"tag-noticiasdestacadas","23":"tag-spain","24":"tag-titulares","25":"tag-ultimas-noticias","26":"tag-ultimasnoticias"},"share_on_mastodon":{"url":"","error":""},"_links":{"self":[{"href":"https:\/\/www.europesays.com\/es\/wp-json\/wp\/v2\/posts\/171216","targetHints":{"allow":["GET"]}}],"collection":[{"href":"https:\/\/www.europesays.com\/es\/wp-json\/wp\/v2\/posts"}],"about":[{"href":"https:\/\/www.europesays.com\/es\/wp-json\/wp\/v2\/types\/post"}],"author":[{"embeddable":true,"href":"https:\/\/www.europesays.com\/es\/wp-json\/wp\/v2\/users\/2"}],"replies":[{"embeddable":true,"href":"https:\/\/www.europesays.com\/es\/wp-json\/wp\/v2\/comments?post=171216"}],"version-history":[{"count":0,"href":"https:\/\/www.europesays.com\/es\/wp-json\/wp\/v2\/posts\/171216\/revisions"}],"wp:featuredmedia":[{"embeddable":true,"href":"https:\/\/www.europesays.com\/es\/wp-json\/wp\/v2\/media\/171217"}],"wp:attachment":[{"href":"https:\/\/www.europesays.com\/es\/wp-json\/wp\/v2\/media?parent=171216"}],"wp:term":[{"taxonomy":"category","embeddable":true,"href":"https:\/\/www.europesays.com\/es\/wp-json\/wp\/v2\/categories?post=171216"},{"taxonomy":"post_tag","embeddable":true,"href":"https:\/\/www.europesays.com\/es\/wp-json\/wp\/v2\/tags?post=171216"}],"curies":[{"name":"wp","href":"https:\/\/api.w.org\/{rel}","templated":true}]}}