{"id":171222,"date":"2025-10-12T07:18:15","date_gmt":"2025-10-12T07:18:15","guid":{"rendered":"https:\/\/www.europesays.com\/es\/171222\/"},"modified":"2025-10-12T07:18:15","modified_gmt":"2025-10-12T07:18:15","slug":"daniel-luque-dos-orejas-a-cambio-de-una-voltereta","status":"publish","type":"post","link":"https:\/\/www.europesays.com\/es\/171222\/","title":{"rendered":"Daniel Luque, dos orejas a cambio de una voltereta"},"content":{"rendered":"<p class=\"ft-text\"><strong>Arrastrados por el efecto Roca Rey y la fecha mejor de la feria,<\/strong> con las taquillas como fuente de conflicto por las infructuosas intentonas de varios clientes a la hora de obtener la devoluci\u00f3n del importe de sus entradas que se acercaban indignados a cont\u00e1rtelo;<strong> con las barras de bar pegadas al tramo final de las escaleras<\/strong> que se funden con el piso correspondiente, obstruyendo el paso de los espectadores m\u00e1s tardanos; la plaza convertida en un alba\u00f1al insalubre en la que los pies se quedan adheridos al piso&#8230;<\/p>\n<p class=\"ft-text\">Y se\u00f1ores clientes que todav\u00eda ignoraban la baja del torero peruano.<strong> Ese era el <\/strong><strong>target<\/strong><strong>, oiga<\/strong>. Por que queremos al mismo tiempo la pipa llena y la suegra borracha, llevarse el bot\u00edn de los festejos populares y luego quejarnos de que la limpieza de la plaza \u00a1cuesta un dineral! Ya lo dec\u00eda mi siempre presente \u00c1ngel Sol\u00eds: \u00abse puede ser pobre pero no miserable\u00bb.<\/p>\n<p class=\"ft-text\">En esas condiciones preliminares hay que acomodarse en un d\u00eda de toros como el de ayer en la plaza de La Misericordia en la que estaba casi todo vendido y <strong>la pe\u00f1a no es precisamente la del tenis. Chist. Noooo.<\/strong><\/p>\n<p class=\"ft-text\">Es ese tipo de p\u00fablico de aluvi\u00f3n al que le importa menos que salga un infumable inventario de semovientes como el de ayer con el hierro de Juan Pedro Domecq, elegidos, embarcados con la cartera propia no con las exigencias que hubiera impuesto quien ayer llenaba el garito. Lo que les irrita de verdad es tener que pisar el cuello a una se\u00f1ora de Logro\u00f1o para poder salir entre toro y t<strong>oro a por el dichoso <\/strong><strong>gintonic.<\/strong><\/p>\n<p class=\"ft-text\">Y as\u00ed fueron saliendo, <strong>uno tras otro seis juanpedros de un juego inaceptable<\/strong>, m\u00e1s, en manos de por ejemplo un Alejandro Talavante desnortado, fuera de esto. Sin nada que decir ni modo de hacerlo. Con su primero, posiblemente el de m\u00e1s respeto de toda la corrida, al final, aquello estaba a un tris de considerarlo una frivolidad.<\/p>\n<p class=\"ft-text\">Lo hab\u00eda recibido con dos largas afaroladas para sac\u00e1rselo m\u00e1s all\u00e1 de las rayas. Cuando se quedaron a solas el extreme\u00f1o<strong> le propuso derechear sin llegar a un acuerdo previo<\/strong> a que el toro se quedara cort\u00edsimo antes y petrificado despu\u00e9s.<\/p>\n<p class=\"ft-text\">El cuarto, m\u00e1s terciado, de menos entidad, fue ese toro medio<strong> que sin resultar un mansazo <\/strong>tampoco muestra virtudes aprovechables aunque, generalmente, en manos de toreros experimentados puede ser orejero. Pero no. Ante este Talavante sin pudor al que nadie ha puesto ante el espejo, el personal acab\u00f3 pit\u00e1ndole por pelmazo, inst\u00e1ndole a acabar cuanto antes. Casi tres horas son en ocasiones como la de ayer un abuso en toda regla que no merece un p\u00fablico nada exigente y entregado sin reserva<strong> (ni criterio objetivo) con los toreros.<\/strong><\/p>\n<p class=\"ft-text\">Porque a Daniel Luque lo sacaron en volandas por la puerta grande m\u00e1s rid\u00edcula que se recuerda desde hace a\u00f1os tras una faena sin toreo fundamental, <strong>ante un toro parad\u00edsimo que s\u00f3lo le permiti\u00f3 el recurso<\/strong> tremendista del arrim\u00f3n. Pero como hubo voltereta previa (el toro no quiso ni prenderlo, simplemente, cabece\u00f3 de manso para quitarse de en medio a lo que ten\u00eda delante) la sugesti\u00f3n alcanz\u00f3 a un palco sin personalidad que mostr\u00f3 dos veces el moquero despu\u00e9s de dos avisos y tal.<\/p>\n<p class=\"ft-text\">En su primero, Jabato simul\u00f3 la suerte de varas, t\u00f3nica general del d\u00eda. Y Luque con la muleta apenas merode\u00f3 por ah\u00ed antes de achicar terrenos y provocar cercan\u00edas para rematar con dignidad. Ese es el calificativo que puede definir la labor de un joven Trist\u00e1n Barroso, de reciente alternativa y que <strong>estuvo entonado en sus dos toros con el capote. <\/strong>Tras comenzar dominando a su primer furo se diluy\u00f3 para remontar un tanto antes de dejar un espadazo desprendido que le vali\u00f3 una orejilla.<\/p>\n<p class=\"ft-text\">Muy cerebral y ordenado con el sexto, <strong>el m\u00e1s mansazo posiblemente de toda la feria, <\/strong>huidizo irredento, llev\u00f3 de cabeza a todos para meterlo en las telas. Barroso se dio una alegr\u00eda por momentos con la muleta en la izquierda, pero todo atisbo de premio se diluy\u00f3 tras una estocada entera y dos descabellos con el p\u00fablico huyendo, maltratado una tarde m\u00e1s con tanta vulgaridad.<\/p>\n<p>La ficha<\/p>\n<p class=\"ft-text\">TOROS DE JUAN PEDRO DOMECQ<\/p>\n<p class=\"ft-text\">Descastados. El sexto manso en grado superlativo.<\/p>\n<p class=\"ft-text\">ALEJANDRO TALAVANTE<\/p>\n<p class=\"ft-text\">Silencio tras aviso y silencio.<\/p>\n<p class=\"ft-text\">DANIEL LUQUE<\/p>\n<p class=\"ft-text\">Sustitu\u00eda a Roca Rey. Ovaci\u00f3n tras aviso y dos orejas tras dos avisos.<\/p>\n<p class=\"ft-text\">TRIST\u00c1N BARROSO<\/p>\n<p class=\"ft-text\">Oreja y ovaci\u00f3n tras aviso.<\/p>\n<p class=\"ft-text\">ENTRADA<\/p>\n<p class=\"ft-text\">Lleno.<\/p>\n<p class=\"ft-text\">Se desmonter\u00f3 \u00c1ngel Otero tras banderillear al 2\u00ba. Trist\u00e1n Barroso brind\u00f3 a Cristiano Torres en el ruedo (este de paisano). Mal el presidente Moreno al conceder una excesiva segunda oreja a Luque que significaba la puerta grande.<\/p>\n","protected":false},"excerpt":{"rendered":"Arrastrados por el efecto Roca Rey y la fecha mejor de la feria, con las taquillas como fuente&hellip;\n","protected":false},"author":2,"featured_media":171223,"comment_status":"","ping_status":"","sticky":false,"template":"","format":"standard","meta":{"footnotes":""},"categories":[277],"tags":[373,7556,2943,168,49645,25,24,599,14524,6173,12998,11051,23,167,327,374,20415],"class_list":{"0":"post-171222","1":"post","2":"type-post","3":"status-publish","4":"format-standard","5":"has-post-thumbnail","7":"category-toreo","8":"tag-bullfighting","9":"tag-cambio","10":"tag-daniel","11":"tag-deportes","12":"tag-el-hierro","13":"tag-es","14":"tag-espana","15":"tag-feria","16":"tag-fiestas-del-pilar","17":"tag-logrono","18":"tag-luque","19":"tag-orejas","20":"tag-spain","21":"tag-sports","22":"tag-tenis","23":"tag-toreo","24":"tag-voltereta"},"share_on_mastodon":{"url":"","error":""},"_links":{"self":[{"href":"https:\/\/www.europesays.com\/es\/wp-json\/wp\/v2\/posts\/171222","targetHints":{"allow":["GET"]}}],"collection":[{"href":"https:\/\/www.europesays.com\/es\/wp-json\/wp\/v2\/posts"}],"about":[{"href":"https:\/\/www.europesays.com\/es\/wp-json\/wp\/v2\/types\/post"}],"author":[{"embeddable":true,"href":"https:\/\/www.europesays.com\/es\/wp-json\/wp\/v2\/users\/2"}],"replies":[{"embeddable":true,"href":"https:\/\/www.europesays.com\/es\/wp-json\/wp\/v2\/comments?post=171222"}],"version-history":[{"count":0,"href":"https:\/\/www.europesays.com\/es\/wp-json\/wp\/v2\/posts\/171222\/revisions"}],"wp:featuredmedia":[{"embeddable":true,"href":"https:\/\/www.europesays.com\/es\/wp-json\/wp\/v2\/media\/171223"}],"wp:attachment":[{"href":"https:\/\/www.europesays.com\/es\/wp-json\/wp\/v2\/media?parent=171222"}],"wp:term":[{"taxonomy":"category","embeddable":true,"href":"https:\/\/www.europesays.com\/es\/wp-json\/wp\/v2\/categories?post=171222"},{"taxonomy":"post_tag","embeddable":true,"href":"https:\/\/www.europesays.com\/es\/wp-json\/wp\/v2\/tags?post=171222"}],"curies":[{"name":"wp","href":"https:\/\/api.w.org\/{rel}","templated":true}]}}