{"id":171242,"date":"2025-10-12T07:32:14","date_gmt":"2025-10-12T07:32:14","guid":{"rendered":"https:\/\/www.europesays.com\/es\/171242\/"},"modified":"2025-10-12T07:32:14","modified_gmt":"2025-10-12T07:32:14","slug":"le-mando-un-beso-al-cielo","status":"publish","type":"post","link":"https:\/\/www.europesays.com\/es\/171242\/","title":{"rendered":"Le mando un beso al cielo"},"content":{"rendered":"<p class=\"c-paragraph\"><b>Ignacio &#8216;Nacho&#8217; Russo <\/b>marc\u00f3 este viernes (la madrugada del s\u00e1bado en Espa\u00f1a) el gol de Tigre en el empate 1-1 como visitante ante Newell\u2019s Old Boys, apenas dos d\u00edas despu\u00e9s de la muerte de su pap\u00e1, <b>Miguel \u00c1ngel Russo<\/b>, al que le dedic\u00f3 una emotiva celebraci\u00f3n entre l\u00e1grimas.<\/p>\n<p class=\"c-paragraph\">En la igualdad entre Newell\u2019s y Tigre el momento m\u00e1s emotivo fue el tanto del conjunto visitante, convertido por \u2018Nacho\u2019 Russo, hijo del legendario entrenador que falleci\u00f3 el mi\u00e9rcoles. El jugador corri\u00f3 a plena velocidad al \u00e1rea chica del equipo rosarino y cay\u00e9ndose <b>empuj\u00f3 la pelota recibida con precisi\u00f3n desde la punta izquierda en un contraataque<\/b>, para abrir el marcador.<\/p>\n<p class=\"c-paragraph\">Enseguida celebr\u00f3 de rodillas, llor\u00f3, fue abrazado por sus compa\u00f1eros, luego mir\u00f3 al cielo y<b> le dedic\u00f3 el tanto a su padre<\/b>. Acto seguido se levant\u00f3, se subi\u00f3 la camiseta hasta el pecho y ense\u00f1\u00f3 un tatuaje de color azul con la frase <b>\u00abTodo se cura con amor\u00bb<\/b>, que hizo c\u00e9lebre Miguel \u00c1ngel Russo durante su paso por Colombia, donde dirigi\u00f3 a Millonarios y le descubrieron el c\u00e1ncer.<\/p>\n<p class=\"c-paragraph\">&#8216;Nacho&#8217; Russo viaj\u00f3 a Rosario tras el entierro de su padre para jugar el encuentro con Tigre.<\/p>\n<p class=\"c-paragraph\">\u00abFueron semanas, meses y d\u00edas muy duros. Desde el club apoyaron mi decisi\u00f3n de jugar y Diego (Dabove -el entrenador-) sab\u00eda lo que estaba pasando. <b>Hoy es un d\u00eda para recordarlo con una sonrisa<\/b>, que era algo caracter\u00edstico de \u00e9l. Le mando un beso al cielo\u00bb, declar\u00f3 tras el partido &#8216;Nacho&#8217;.<\/p>\n","protected":false},"excerpt":{"rendered":"Ignacio &#8216;Nacho&#8217; Russo marc\u00f3 este viernes (la madrugada del s\u00e1bado en Espa\u00f1a) el gol de Tigre en el&hellip;\n","protected":false},"author":2,"featured_media":171243,"comment_status":"","ping_status":"","sticky":false,"template":"","format":"standard","meta":{"footnotes":""},"categories":[93],"tags":[11231,168,10187,160,25,24,30,14593,23,167],"class_list":{"0":"post-171242","1":"post","2":"type-post","3":"status-publish","4":"format-standard","5":"has-post-thumbnail","7":"category-deportes","8":"tag-celebracion","9":"tag-deportes","10":"tag-emotiva","11":"tag-entre","12":"tag-es","13":"tag-espana","14":"tag-hijo","15":"tag-lagrimas","16":"tag-spain","17":"tag-sports"},"share_on_mastodon":{"url":"","error":""},"_links":{"self":[{"href":"https:\/\/www.europesays.com\/es\/wp-json\/wp\/v2\/posts\/171242","targetHints":{"allow":["GET"]}}],"collection":[{"href":"https:\/\/www.europesays.com\/es\/wp-json\/wp\/v2\/posts"}],"about":[{"href":"https:\/\/www.europesays.com\/es\/wp-json\/wp\/v2\/types\/post"}],"author":[{"embeddable":true,"href":"https:\/\/www.europesays.com\/es\/wp-json\/wp\/v2\/users\/2"}],"replies":[{"embeddable":true,"href":"https:\/\/www.europesays.com\/es\/wp-json\/wp\/v2\/comments?post=171242"}],"version-history":[{"count":0,"href":"https:\/\/www.europesays.com\/es\/wp-json\/wp\/v2\/posts\/171242\/revisions"}],"wp:featuredmedia":[{"embeddable":true,"href":"https:\/\/www.europesays.com\/es\/wp-json\/wp\/v2\/media\/171243"}],"wp:attachment":[{"href":"https:\/\/www.europesays.com\/es\/wp-json\/wp\/v2\/media?parent=171242"}],"wp:term":[{"taxonomy":"category","embeddable":true,"href":"https:\/\/www.europesays.com\/es\/wp-json\/wp\/v2\/categories?post=171242"},{"taxonomy":"post_tag","embeddable":true,"href":"https:\/\/www.europesays.com\/es\/wp-json\/wp\/v2\/tags?post=171242"}],"curies":[{"name":"wp","href":"https:\/\/api.w.org\/{rel}","templated":true}]}}