{"id":171246,"date":"2025-10-12T07:34:16","date_gmt":"2025-10-12T07:34:16","guid":{"rendered":"https:\/\/www.europesays.com\/es\/171246\/"},"modified":"2025-10-12T07:34:16","modified_gmt":"2025-10-12T07:34:16","slug":"un-monumento-junto-a-la-plaza-de-toros-de-las-ventas-recuerda-desde-este-sabado-al-torero-antonete-lider-en-informacion-social","status":"publish","type":"post","link":"https:\/\/www.europesays.com\/es\/171246\/","title":{"rendered":"Un monumento junto a la plaza de toros de Las Ventas recuerda desde este s\u00e1bado al torero &#8216;Anto\u00f1ete&#8217; | L\u00edder en Informaci\u00f3n Social"},"content":{"rendered":"<p>\n      Las inmediaciones de la plaza de toros de Las Ventas de Madrid cuentan desde este s\u00e1bado con un nuevo monumento en homenaje a quien es considerado uno de sus toreros predilectos, Antonio Chenel &#8216;Anto\u00f1ete&#8217;. La escultura ha sido promovida por el matador de toros Jos\u00e9 Antonio Morante, &#8216;Morante de la Puebla&#8217;, que ma\u00f1ana domingo protagonizar\u00e1 un festival taurino para costear la obra.\n    <\/p>\n<p>Antes, este 11 de octubre a las 12.30 horas, &#8216;Morante de la Puebla&#8217; y otros diestros actuantes en el festejo homenaje participar\u00e1n en el descubrimiento del monumento junto a la puerta grande del coso m\u00e1s importante del mundo.<\/p>\n<p>Tambi\u00e9n est\u00e1 previsto que, adem\u00e1s del impulsor del festival, est\u00e9n presentes el consejero de Medio Ambiente, Agricultura e Interior de la Comunidad de Madrid, Carlos Novillo; el presidente de Plaza 1, Rafael G. Garrido; y el director del Centro de Asuntos Taurinos, Miguel Mart\u00edn, junto a los toreros actuantes en el festival.<\/p>\n<p>En el cartel del festival de este domingo figuran tambi\u00e9n los nombres de diestros retirados, como C\u00e9sar Rinc\u00f3n y Curro V\u00e1zquez, dos figuras del toreo que compartieron amistad con Chenel. &#8216;Anto\u00f1ete&#8217;, originario de una familia humilde que vivi\u00f3 en la mism\u00edsima plaza de Las Ventas, revolucion\u00f3 la fiesta de los toros al ser adoptado como el torero de la &#8216;movida madrile\u00f1a&#8217;, por acercar a la fiesta brava a muchos j\u00f3venes.<\/p>\n<p>Chenel hab\u00eda pasado a la historia de la tauromaquia por su triunfo en Madrid con el &#8216;toro blanco&#8217; de la ganader\u00eda de Osborne el 15 de mayo de 1966. Precisamente, este domingo, &#8216;Morante de la Puebla&#8217; lidiar\u00e1 un astado de ese hierro, tambi\u00e9n de pelaje ensabanado.<\/p>\n","protected":false},"excerpt":{"rendered":"Las inmediaciones de la plaza de toros de Las Ventas de Madrid cuentan desde este s\u00e1bado con un&hellip;\n","protected":false},"author":2,"featured_media":171247,"comment_status":"","ping_status":"","sticky":false,"template":"","format":"standard","meta":{"footnotes":""},"categories":[91],"tags":[6848,146,147,25,24,492,23],"class_list":{"0":"post-171246","1":"post","2":"type-post","3":"status-publish","4":"format-standard","5":"has-post-thumbnail","7":"category-entretenimiento","8":"tag-autonomias","9":"tag-entertainment","10":"tag-entretenimiento","11":"tag-es","12":"tag-espana","13":"tag-sociedad","14":"tag-spain"},"share_on_mastodon":{"url":"","error":""},"_links":{"self":[{"href":"https:\/\/www.europesays.com\/es\/wp-json\/wp\/v2\/posts\/171246","targetHints":{"allow":["GET"]}}],"collection":[{"href":"https:\/\/www.europesays.com\/es\/wp-json\/wp\/v2\/posts"}],"about":[{"href":"https:\/\/www.europesays.com\/es\/wp-json\/wp\/v2\/types\/post"}],"author":[{"embeddable":true,"href":"https:\/\/www.europesays.com\/es\/wp-json\/wp\/v2\/users\/2"}],"replies":[{"embeddable":true,"href":"https:\/\/www.europesays.com\/es\/wp-json\/wp\/v2\/comments?post=171246"}],"version-history":[{"count":0,"href":"https:\/\/www.europesays.com\/es\/wp-json\/wp\/v2\/posts\/171246\/revisions"}],"wp:featuredmedia":[{"embeddable":true,"href":"https:\/\/www.europesays.com\/es\/wp-json\/wp\/v2\/media\/171247"}],"wp:attachment":[{"href":"https:\/\/www.europesays.com\/es\/wp-json\/wp\/v2\/media?parent=171246"}],"wp:term":[{"taxonomy":"category","embeddable":true,"href":"https:\/\/www.europesays.com\/es\/wp-json\/wp\/v2\/categories?post=171246"},{"taxonomy":"post_tag","embeddable":true,"href":"https:\/\/www.europesays.com\/es\/wp-json\/wp\/v2\/tags?post=171246"}],"curies":[{"name":"wp","href":"https:\/\/api.w.org\/{rel}","templated":true}]}}