{"id":171251,"date":"2025-10-12T07:37:08","date_gmt":"2025-10-12T07:37:08","guid":{"rendered":"https:\/\/www.europesays.com\/es\/171251\/"},"modified":"2025-10-12T07:37:08","modified_gmt":"2025-10-12T07:37:08","slug":"israel-comienza-a-preparar-el-canje-con-el-traslado-de-presos-a-otras-carceles-internacional","status":"publish","type":"post","link":"https:\/\/www.europesays.com\/es\/171251\/","title":{"rendered":"Israel comienza a preparar el canje con el traslado de presos a otras c\u00e1rceles | Internacional"},"content":{"rendered":"<p class=\"loc\">Madrid<\/p>\n<p>Funcionarios israel\u00edes trasladaron este viernes a cientos de prisioneros palestinos a las c\u00e1rceles de Ofer y Ketziot, en el marco de los preparativos para el canje de rehenes que tendr\u00e1 lugar el pr\u00f3ximo lunes. Como parte del acuerdo, Israel liberar\u00e1 a 250 prisioneros condenados y 1.700 detenidos en Gaza desde el inicio de la ofensiva militar el 7 de octubre de 2023.<\/p>\n<p>M\u00e1s informaci\u00f3n<\/p>\n<p>\u00abComo parte de esta iniciativa, los presos de seguridad nacional fueron trasladados a los centros de deportaci\u00f3n de las c\u00e1rceles de Ofer y Ketziot, a la espera de instrucciones de la c\u00fapula pol\u00edtica y de la continuaci\u00f3n de la actividad operativa para permitir el regreso de los rehenes a Israel\u00bb, inform\u00f3 el Ej\u00e9rcito israel\u00ed en un comunicado.<\/p>\n<p>Los prisioneros que ser\u00e1n liberados hacia Cisjordania fueron trasladados a Ofer, mientras que aquellos que ser\u00e1n enviados a la Franja de Gaza o deportados v\u00eda Egipto \u2014incluidos los condenados a cadena perpetua\u2014 fueron llevados a Ketziot.<\/p>\n<p><a href=\"https:\/\/www.haaretz.com\/israel-news\/2025-10-11\/ty-article-live\/gaza-hostages-expected-monday-as-middle-east-summit-plans-move-forward-says-trump\/00000199-d11a-d253-a3bd-f79a4a120000?liveBlogItemId=1846016381#1846016381\" target=\"_blank\" rel=\"nofollow noopener\" title=\"https:\/\/www.haaretz.com\/israel-news\/2025-10-11\/ty-article-live\/gaza-hostages-expected-monday-as-middle-east-summit-plans-move-forward-says-trump\/00000199-d11a-d253-a3bd-f79a4a120000?liveBlogItemId=1846016381#1846016381\">Seg\u00fan el diario Haaretz<\/a>, de los 250 prisioneros con cadena perpetua, 159 est\u00e1n vinculados a Fatah, 63 a Ham\u00e1s, y el resto no tiene afiliaci\u00f3n clara o est\u00e1n relacionados con la Yihad Isl\u00e1mica Palestina, el Frente Popular para la Liberaci\u00f3n de Palestina o incluso con el Estado Isl\u00e1mico.<\/p>\n<p>Algunos nombres importantes incluidos en el intercambio<\/p>\n<p>En la lista de liberaci\u00f3n no figuran figuras prominentes como Marwan Barghouti, detenido en 2002 durante la Segunda Intifada y considerado por muchos palestinos como posible sucesor de Mahmud Ab\u00e1s, ni Ahmed Saadat, exsecretario general del Frente Popular.<\/p>\n<p>S\u00ed se incluyen nombres como Baher Badr, miembro de Ham\u00e1s condenado a once cadenas perpetuas por planear un atentado con bomba en una estaci\u00f3n de autobuses frente a una base militar en el centro de Israel en 2004, que dej\u00f3 ocho muertos; e Iyad al Rub, alto cargo de la Yihad Isl\u00e1mica, condenado por un atentado suicida en Hadera en 2006 que mat\u00f3 a seis israel\u00edes y dej\u00f3 55 heridos.<\/p>\n<p>El acuerdo de alto el fuego entr\u00f3 en vigor este viernes al mediod\u00eda, tras el repliegue de las tropas israel\u00edes de la mayor\u00eda de las ciudades de Gaza. Antes del lunes al mediod\u00eda, se espera que los 48 rehenes israel\u00edes sean liberados con la mediaci\u00f3n del Comit\u00e9 Internacional de la Cruz Roja, que tambi\u00e9n se encargar\u00e1 de recuperar los restos mortales de 28 cautivos. Solo despu\u00e9s se proceder\u00e1 a la liberaci\u00f3n de los prisioneros palestinos.<\/p>\n","protected":false},"excerpt":{"rendered":"Madrid Funcionarios israel\u00edes trasladaron este viernes a cientos de prisioneros palestinos a las c\u00e1rceles de Ofer y Ketziot,&hellip;\n","protected":false},"author":2,"featured_media":171252,"comment_status":"","ping_status":"","sticky":false,"template":"","format":"standard","meta":{"footnotes":""},"categories":[42],"tags":[17,18,13,14,11,61,62,63,64,19,20,9,10,15,16,4444,12,21,22,65,66,67],"class_list":{"0":"post-171251","1":"post","2":"type-post","3":"status-publish","4":"format-standard","5":"has-post-thumbnail","7":"category-internacional","8":"tag-breaking-news","9":"tag-breakingnews","10":"tag-featured-news","11":"tag-featurednews","12":"tag-headlines","13":"tag-internacional","14":"tag-international","15":"tag-international-news","16":"tag-internationalnews","17":"tag-latest-news","18":"tag-latestnews","19":"tag-news","20":"tag-noticias","21":"tag-noticias-destacadas","22":"tag-noticiasdestacadas","23":"tag-people","24":"tag-titulares","25":"tag-ultimas-noticias","26":"tag-ultimasnoticias","27":"tag-world","28":"tag-world-news","29":"tag-worldnews"},"share_on_mastodon":{"url":"","error":""},"_links":{"self":[{"href":"https:\/\/www.europesays.com\/es\/wp-json\/wp\/v2\/posts\/171251","targetHints":{"allow":["GET"]}}],"collection":[{"href":"https:\/\/www.europesays.com\/es\/wp-json\/wp\/v2\/posts"}],"about":[{"href":"https:\/\/www.europesays.com\/es\/wp-json\/wp\/v2\/types\/post"}],"author":[{"embeddable":true,"href":"https:\/\/www.europesays.com\/es\/wp-json\/wp\/v2\/users\/2"}],"replies":[{"embeddable":true,"href":"https:\/\/www.europesays.com\/es\/wp-json\/wp\/v2\/comments?post=171251"}],"version-history":[{"count":0,"href":"https:\/\/www.europesays.com\/es\/wp-json\/wp\/v2\/posts\/171251\/revisions"}],"wp:featuredmedia":[{"embeddable":true,"href":"https:\/\/www.europesays.com\/es\/wp-json\/wp\/v2\/media\/171252"}],"wp:attachment":[{"href":"https:\/\/www.europesays.com\/es\/wp-json\/wp\/v2\/media?parent=171251"}],"wp:term":[{"taxonomy":"category","embeddable":true,"href":"https:\/\/www.europesays.com\/es\/wp-json\/wp\/v2\/categories?post=171251"},{"taxonomy":"post_tag","embeddable":true,"href":"https:\/\/www.europesays.com\/es\/wp-json\/wp\/v2\/tags?post=171251"}],"curies":[{"name":"wp","href":"https:\/\/api.w.org\/{rel}","templated":true}]}}