{"id":171257,"date":"2025-10-12T07:40:10","date_gmt":"2025-10-12T07:40:10","guid":{"rendered":"https:\/\/www.europesays.com\/es\/171257\/"},"modified":"2025-10-12T07:40:10","modified_gmt":"2025-10-12T07:40:10","slug":"el-dicorpebal-quiere-romper-el-muro","status":"publish","type":"post","link":"https:\/\/www.europesays.com\/es\/171257\/","title":{"rendered":"El Dicorpebal quiere romper el muro"},"content":{"rendered":"<p><a class=\"v-mdl-ath__fig-a\" href=\"https:\/\/www.larioja.com\/autor\/martin-schmitt-307.html\" title=\"Mart\u00edn Schmitt\" rel=\"nofollow noopener\" target=\"_blank\"><br \/>\n<img decoding=\"async\" class=\"v-mdl-ath__img\" src=\"https:\/\/www.europesays.com\/es\/wp-content\/uploads\/2025\/07\/autor-307-foto-1.jpeg\" alt=\"Mart\u00edn Schmitt\"\/><br \/>\n<\/a><\/p>\n<p class=\"v-mdl-ath__p v-mdl-ath__p--6\">\nDomingo, 12 de octubre 2025, 08:42<\/p>\n<p>| Actualizado 09:09h.<\/p>\n<p class=\"v-p\">Con el nombre de su nuevo patrocinador en su camiseta, el Dicorpebal Logro\u00f1o La Rioja respira vientos de cambio. Con un cambio generacional en los despachos, esas buenas energ\u00edas necesitan ahora trasladarse a la pista. El escenario es complicado, Huerta del Rey, frente a un rival, el Recoletas Atl\u00e9tico Valladolid, que ha comenzado en una buena din\u00e1mica. Uno de los equipos, el pucelano, que tiene una de las mejores defensas de la liga.<\/p>\n<p class=\"v-p\">El conjunto franjivino necesita empezar a sumar fuera de las fronteras del Palacio de los Deportes (17.00 h.) si pretende pelear por la zona alta de la clasificaci\u00f3n. Delante se plantar\u00e1 un equipo que ha perdido a dos piezas claves de su engranaje, precisamente los hermanos Mart\u00ednez Lobato que recalaron en tierras riojanas esta temporada, pero se ha rearmado muy bien, manteniendo a un importante n\u00famero de jugadores y con un Juan Manuel Bar muy inspirado en porter\u00eda. \u00abLes meten muy pocos goles y que sea un equipo muy correoso ah\u00ed abajo\u00bb, explic\u00f3 Miguel \u00c1ngel Velasco, renovado hasta junio del 2027. <\/p>\n<p class=\"v-p\">Superar la defensa pucelana ser\u00e1 uno de los obst\u00e1culos de los franjivino, que llegan a este encuentro con todos sus efectivos y con Nemanja Pestic bastante m\u00e1s integrado en la plantilla. <\/p>\n<p class=\"v-p\">El Dicorpebal debe acudir a Huerta del Rey con cautela. Es consciente el conjunto riojano del peligro que puede crear el central Alejandro Pisonero, o del lanzamiento exterior de jugadores como el rumano Rares Fodorean, el portugu\u00e9s Gustavo Oliveira o los primera l\u00ednea zurdos Stjepan Jozinovic o el brasile\u00f1o Jose Toledo. <\/p>\n<p class=\"v-p\">El Atl\u00e9tico Valladolid llega a este encuentro despu\u00e9s de empatar (24-24) con el Torrelavega en el Vicente Trueba un encuentro que dominaron. Antes de eso, derrotaron con claridad al Huesca (32-22) y al Huesca (35-25) y cayeron ante el Barcelona en el Palau (35-25).<\/p>\n<p class=\"v-p\">Si el ataque pucelano es bueno, su defensa es de las mejores de la liga, la que menos ha encajado (106 goles) despu\u00e9s de la del Barcelona. Liderados por Ribeiro y el egipcio Abdelazize, se cierran en un 6-0 potente, aunque como recurso pueden pasar a un 5-1 con el extremo Miguel Camino como hombre avanzado. <\/p>\n<p class=\"v-p\">Para Velasco, de poco sirve el contar con los hermanos Mart\u00ednez para desenmascarar el planteamiento de David Pisonero. \u00abNunca se sabe. Al final, los jugadores van y vienen y se enfrentan a los que fueron sus equipos. Unas veces sale mejor, otras salen peor. Al final, nosotros estamos muy acostumbrados lamentablemente a tener que cambiar much\u00edsimo a\u00f1o a a\u00f1o. Y cada a\u00f1o es diferente, cada partido es diferente. No s\u00e9 si va a influir o no\u00bb, coment\u00f3 el segoviano. A su juicio, la clave del encuentro va a pasar por el estado de la defensa franjivina, que crece partido a partido. Sin embargo, el poder superar su retaguardia ser\u00e1 m\u00e1s importante en este choque. \u00abVa a ser m\u00e1s importante el poder atacar, superar su defensa. Hay que saber a qu\u00e9 nos enfrentamos y adaptarnos a eso\u00bb, sintetiz\u00f3.<\/p>\n<p>Reporta un error<\/p>\n<p class=\"v-crt__t\"> L\u00edmite de sesiones alcanzadas<\/p>\n<p class=\"v-crt__p\">El acceso al contenido Premium est\u00e1 abierto por cortes\u00eda del establecimiento donde te encuentras, pero ahora mismo hay demasiados usuarios conectados a las vez.<\/p>\n<p class=\"v-crt__p\">Por favor, int\u00e9ntalo pasados unos minutos.<\/p>\n<p>\nVolver a intentar\n<\/p>\n<p class=\"v-crt__t\">Sesi\u00f3n cerrada<\/p>\n<p class=\"v-crt__p\">Al iniciar sesi\u00f3n desde un dispositivo distinto, por seguridad, se cerr\u00f3 la \u00faltima sesi\u00f3n en este.<\/p>\n<p class=\"v-crt__p\">Para continuar disfrutando de su suscripci\u00f3n digital, inicie sesi\u00f3n en este dispositivo.<\/p>\n<p>\nEste contenido es exclusivo para suscriptores\n<\/p>\n<p class=\"text\">\u00bfTienes una suscripci\u00f3n? <a href=\"https:\/\/secure.larioja.com\/login\/login.html#vca=suscribete&amp;vso=larioja&amp;vmc=on&amp;vli=cdn-ce-link-login\" class=\"login\" data-voc-vtm-id=\"comienzoSuscripcionON\" data-voc-vtm-info=\"cdn-ce-link-login\" rel=\"nofollow noopener\" target=\"_blank\">Inicia sesi\u00f3n<\/a><\/p>\n","protected":false},"excerpt":{"rendered":"Domingo, 12 de octubre 2025, 08:42 | Actualizado 09:09h. Con el nombre de su nuevo patrocinador en su&hellip;\n","protected":false},"author":2,"featured_media":171258,"comment_status":"","ping_status":"","sticky":false,"template":"","format":"standard","meta":{"footnotes":""},"categories":[278],"tags":[376,168,46472,25,24,375,13055,2615,26380,23,167],"class_list":{"0":"post-171257","1":"post","2":"type-post","3":"status-publish","4":"format-standard","5":"has-post-thumbnail","7":"category-balonmano","8":"tag-balonmano","9":"tag-deportes","10":"tag-dicorpebal","11":"tag-es","12":"tag-espana","13":"tag-handball","14":"tag-muro","15":"tag-quiere","16":"tag-romper","17":"tag-spain","18":"tag-sports"},"share_on_mastodon":{"url":"","error":""},"_links":{"self":[{"href":"https:\/\/www.europesays.com\/es\/wp-json\/wp\/v2\/posts\/171257","targetHints":{"allow":["GET"]}}],"collection":[{"href":"https:\/\/www.europesays.com\/es\/wp-json\/wp\/v2\/posts"}],"about":[{"href":"https:\/\/www.europesays.com\/es\/wp-json\/wp\/v2\/types\/post"}],"author":[{"embeddable":true,"href":"https:\/\/www.europesays.com\/es\/wp-json\/wp\/v2\/users\/2"}],"replies":[{"embeddable":true,"href":"https:\/\/www.europesays.com\/es\/wp-json\/wp\/v2\/comments?post=171257"}],"version-history":[{"count":0,"href":"https:\/\/www.europesays.com\/es\/wp-json\/wp\/v2\/posts\/171257\/revisions"}],"wp:featuredmedia":[{"embeddable":true,"href":"https:\/\/www.europesays.com\/es\/wp-json\/wp\/v2\/media\/171258"}],"wp:attachment":[{"href":"https:\/\/www.europesays.com\/es\/wp-json\/wp\/v2\/media?parent=171257"}],"wp:term":[{"taxonomy":"category","embeddable":true,"href":"https:\/\/www.europesays.com\/es\/wp-json\/wp\/v2\/categories?post=171257"},{"taxonomy":"post_tag","embeddable":true,"href":"https:\/\/www.europesays.com\/es\/wp-json\/wp\/v2\/tags?post=171257"}],"curies":[{"name":"wp","href":"https:\/\/api.w.org\/{rel}","templated":true}]}}