{"id":171270,"date":"2025-10-12T07:51:08","date_gmt":"2025-10-12T07:51:08","guid":{"rendered":"https:\/\/www.europesays.com\/es\/171270\/"},"modified":"2025-10-12T07:51:08","modified_gmt":"2025-10-12T07:51:08","slug":"luis-lopez-carrasco-todos-tenemos-una-maquinadel-tiempo-que-es-el-cerebro-que-nos-permite-viajar-a-travesde-la-imaginacion-y-el-recuerdo","status":"publish","type":"post","link":"https:\/\/www.europesays.com\/es\/171270\/","title":{"rendered":"Luis L\u00f3pez Carrasco: \u00abTodos tenemos una m\u00e1quinadel tiempo que es el cerebro, que nos permite viajar a trav\u00e9sde la imaginaci\u00f3n y el recuerdo\u00bb"},"content":{"rendered":"<p>\u00bfQu\u00e9 es el miedo? \u00bfEs la sensaci\u00f3n de que nuestra realidad est\u00e1 a punto de quebrarse? \u00bfPuede de alg\u00fan modo esa sensaci\u00f3n inc\u00f3moda, angustiosa  &#8230; e inexplicable, hacernos sentir c\u00f3modos? Estas y otras preguntas plantea de forma inicial el libro &#8216;Europa&#8217;, que el cineasta y escritor Luis L\u00f3pez Carrasco (Murcia, 1981) acaba de publicar con la editorial Anagrama. Aunque no se puede decir que el libro sea nuevo, porque ha viajado desde el pasado hasta el futuro al meterse en la m\u00e1quina del tiempo de la correcci\u00f3n del propio autor, que escribi\u00f3 estos textos hace algunos lustros en lo que supuso su debut narrativo con la editorial Gollar\u00edn, de Caravaca de la Cruz. Despu\u00e9s de haber triunfado como director de cine y haber alcanzado el \u00e9xito y diversos reconocimientos nacionales e internacionales \u2013entre los que destacan los Premios Goya a Mejor Documental y Mejor Montaje por su pel\u00edcula &#8216;El a\u00f1o del descubrimiento&#8217;\u2013, en 2023 gan\u00f3 el Premio Herralde de Novela con la obra &#8216;El desierto blanco&#8217;. Ahora, el fundador del grupo audiovisual Los Hijos ha dado una nueva vida a &#8216;Europa&#8217;, lo que para \u00e9l tambi\u00e9n ha sido, en cierta medida, \u00abcomo viajar un poco a ese pasado\u00bb en el que empez\u00f3 a escribir estos relatos. Y plantarse de repente, casi quince a\u00f1os despu\u00e9s, en ese futuro (presente) que atisbaba en ese libro. \u00abEl concepto del libro sigue siendo el mismo, pero es una versi\u00f3n revisada. Le hemos dado un nuevo brillo\u00bb, resume.<\/p>\n<p class=\"v-p\">Atiende L\u00f3pez Carrasco por tel\u00e9fono a LA VERDAD desde la estaci\u00f3n de Sans, en Barcelona, donde acaba de presentar &#8216;Europa&#8217;. Pr\u00f3xima parada, Madrid, aunque ahora pasa unos d\u00edas en su Murcia natal por unos compromisos familiares. \u00abHace mucho tiempo que no ve\u00eda a mi sobrino\u00bb, admite. <\/p>\n<p class=\"v-p\"><strong>\u2013\u00bfC\u00f3mo surge la idea de rescatar y revisar ese primer libro?<\/strong><\/p>\n<p>\n\u00abEl mundo y la realidad se han vuelto imprevisibles, y eso genera mucho desasosiego\u00bb \u00abAhora, de repente, el libro se ha vuelto m\u00e1s hiperrealista; ten\u00eda una parte imaginativa y ahora es mucho m\u00e1s perturbador\u00bb\u00abMarisa L\u00f3pez Soria me dijo: &#8216;T\u00fa eres escritor, no lo olvides nunca&#8217;. Cuando est\u00e1s empezando, eso es superimportante\u00bb\n<\/p>\n<p class=\"v-p\">\u2013En el momento en que &#8216;El desierto blanco&#8217; gana el premio Anagrama y Anagrama lo publica en su colecci\u00f3n Narrativas Hisp\u00e1nicas, les propuse la posibilidad de rescatar esa publicaci\u00f3n. Por un lado, porque originalmente hab\u00eda tenido poca distribuci\u00f3n. Y luego tambi\u00e9n desde el punto de vista del tono y de los g\u00e9neros. Es una especie de ciencia ficci\u00f3n cotidiana, minimalista, \u00edntima. Y compart\u00eda tambi\u00e9n el tono y el enfoque de &#8216;El desierto blanco&#8217;. Y los recuerdos de adolescencia que uno puede vincular a la Murcia de los a\u00f1os 90 tambi\u00e9n est\u00e1n en ambos libros.<\/p>\n<p class=\"v-p\"><strong>\u2013\u00bfQu\u00e9 recuerdos son esos?<\/strong><\/p>\n<p class=\"v-p\">\u2013En &#8216;Europa&#8217; hay como dos partes, por as\u00ed decirlo. Los tres primeros relatos son de una ciencia ficci\u00f3n m\u00e1s cl\u00e1sica, porque el planteamiento se puede desarrollar en diferentes lugares y nos lleva a cuestiones que uno vincula a la ciencia ficci\u00f3n de viajes en el tiempo, de una especie de aparato tecnol\u00f3gico que te permite ver los sue\u00f1os de tu familia, de grabar los sue\u00f1os, aunque siempre dentro de esa especie de desarrollo para m\u00ed de preocupaciones personales que hay detr\u00e1s de estas m\u00e1quinas y de estas cosas m\u00e1s urbanas, que es tambi\u00e9n lo que me interesa. Me gusta cambiar la manera en la que nos relacionamos con la realidad. En la segunda parte del libro s\u00ed intent\u00e9 introducir elementos locales, elementos basados en recuerdos m\u00edos o cuestiones que tuvieran que ver con esa memoria generacional. Por ejemplo, en uno de los relatos cuento una historia que tiene que ver con un recuerdo m\u00edo de adolescente, cuando iba al instituto Cascales, en Murcia, e hicimos un fanzine.<\/p>\n<p class=\"v-p\"><strong>\u2013\u00bfY?<\/strong><\/p>\n<p class=\"v-p\">\u2013El fanzine era un poco cafre y eso nos supuso un mont\u00f3n de problemas, casi la expulsi\u00f3n del centro. Fue una buena movida, la verdad. Como le dec\u00eda, en &#8216;Europa&#8217; me gustaba esa idea de intentar contar cosas personales o cosas cercanas, pero contadas desde el futuro. Es decir, contadas desde una persona que igual est\u00e1 en un futuro que vinculamos m\u00e1s a la ciencia ficci\u00f3n, pero que est\u00e1 recordando nuestro pasado. Y esa mezcla de tiempos es lo que hace que el libro tenga un tono en el que muchas personas se sienten reconocidas.<\/p>\n<p>\u00abPerturbador\u00bb<\/p>\n<p class=\"v-p\"><strong>\u2013Un libro del pasado que habla sobre el futuro y que se revisa en ese futuro del que hablaba en el pasado. \u00bfC\u00f3mo ha sido la experiencia?<\/strong><\/p>\n<p class=\"v-p\">\u2013Hay algunos relatos que se desarrollaban en el futuro, y ahora me doy cuenta de que se desarrollan literalmente en el 2025. Y es un ahora donde est\u00e1n sucediendo cosas muy amenazantes desde el punto de vista colectivo. Esas cosas que yo intentaba que estuvieran cerca de ser posibles. Un amigo me dijo que era una fantas\u00eda realista. Y lo que ha sucedido es que ahora, de repente, el libro se ha vuelto a\u00fan m\u00e1s hiperrealista. Esas profec\u00edas de las que yo hablaba casi se han hecho realidad. El libro, que ten\u00eda una parte m\u00e1s imaginativa, ahora se ha vuelto mucho m\u00e1s perturbador. Es como, \u00a1ostras!, es que est\u00e1 pasando o est\u00e1 a punto de pasar todo eso que yo contaba.<\/p>\n<p class=\"v-p\"><strong>\u2013\u00bfHa sentido miedo revisando el libro?<\/strong><\/p>\n<p class=\"v-p\">\u2013Hay un relato donde se explica c\u00f3mo va a ser la Tercera Guerra Mundial y se habla concretamente de unos bombardeos en el Mediterr\u00e1neo Oriental. Un momento que en el libro se llama &#8216;Noviembre Negro&#8217; y que describe una atm\u00f3sfera de colapso y cat\u00e1strofe que se asemeja con la situaci\u00f3n en Gaza, con la absoluta sensaci\u00f3n y certeza de que el mundo y la realidad se han vuelto imprevisibles. Eso creo que genera mucho desasosiego. Eso en el libro ya estaba hace a\u00f1os, porque lo escrib\u00ed en un momento de much\u00edsima incertidumbre y desasosiego: en la crisis econ\u00f3mica de 2008 y 2010. Y, de repente, esos desasosiegos contempor\u00e1neos se han potenciado. Entonces, s\u00ed. Es m\u00e1s escalofriante. No s\u00e9 si llamarlo miedo, pero s\u00ed preocupaci\u00f3n. Luego el libro es muy entretenido, muy vivo y no tiene una atm\u00f3sfera angustiosa ni opresiva. Pero bueno, s\u00ed que es verdad que hay situaciones que ponen la piel de gallina.<\/p>\n<p>Denuncia social<\/p>\n<p class=\"v-p\"><strong>\u2013Cuando escribi\u00f3 el libro, \u00bfse lo plante\u00f3 como una denuncia social, como una advertencia de lo que podr\u00eda estar por venir?<\/strong><\/p>\n<p class=\"v-p\">\u2013No estaba en el planteamiento inicial. S\u00ed que tuve una sensaci\u00f3n de apag\u00f3n, de colapso desde el punto de vista generacional y laboral en 2010. Dije, joder, qu\u00e9 ha pasado, que nos hemos quedado sin suelo bajo los pies, todo se ha vuelto gris, oscuro. Y quise esforzarme, aunque fuera desde la ciencia ficci\u00f3n, en imaginarme vidas posibles. S\u00ed que es verdad que los personajes que aparecen en el libro siguen con cierta precariedad y en esa situaci\u00f3n de no saber qu\u00e9 va a ser de sus vidas, pero digamos que la cr\u00edtica social es m\u00e1s una cosa emocional. Pero no forma parte de un prop\u00f3sito, sino de algo que se va infiltrando. Que depende de la conclusi\u00f3n que saque cada lector cuando acaba de leer el libro.<\/p>\n<p class=\"v-p\"><strong>\u2013Y despu\u00e9s de haber llegado al futuro que de alguna manera se describ\u00eda en &#8216;Europa&#8217;, \u00bfahora llegar\u00e1 un &#8216;Europa 2&#8217;?<\/strong><\/p>\n<p class=\"v-p\">\u2013La continuaci\u00f3n natural de &#8216;Europa&#8217; fue &#8216;El desierto blanco&#8217;. Luego uno pone en marcha proyectos que tardan en hacerse realidad un mont\u00f3n de tiempo. S\u00ed que tengo una pel\u00edcula pensada que se desarrolla en el futuro, en el a\u00f1o 2050 en &#8216;Europa&#8217;, en la luna de J\u00fapiter. Gente que est\u00e1 en una luna en el futuro y lo que hace es ver v\u00eddeos dom\u00e9sticos de cuando viv\u00edan en la Tierra. Eso ya llegar\u00e1, son proyectos que tardan en llegar, y tampoco hay nada concreto. Pero s\u00ed que tengo la idea de una pel\u00edcula que fusione todos los libros y todas las pel\u00edculas anteriores y que se desarrolla en Europa, la luna de J\u00fapiter, en el a\u00f1o 2050.<\/p>\n<p class=\"v-p\"><strong>\u2013Despu\u00e9s de todos estos a\u00f1os desde que escribi\u00f3 esa primera versi\u00f3n de &#8216;Europa&#8217;, \u00bfqu\u00e9 le ha sorprendido en el proceso de revisi\u00f3n? \u00bfSe ve mejor escritor?<\/strong><\/p>\n<p class=\"v-p\">\u2013Hombre, ha sido muy curioso porque es como volver a esa \u00e9poca, volver a recordar d\u00f3nde viv\u00eda, volver a recordar qu\u00e9 cosas me preocupaban. Tambi\u00e9n me parece un libro tremendamente adaptable al cine, aunque a m\u00ed no me gusta adaptar lo que yo escribo, me gusta hacer cosas nuevas. Pero le dir\u00e9 que me ha sorprendido para bien. Quiz\u00e1 suene un poco presuntuoso, pero s\u00ed.<\/p>\n<p class=\"v-p\"><strong>\u2013Ha viajado a su pasado.<\/strong><\/p>\n<p class=\"v-p\">-S\u00ed<\/p>\n<p class=\"v-p\"><strong>\u2013Como montarse en una m\u00e1quina del tiempo.<\/strong><\/p>\n<p>En la sierra de Madrid<\/p>\n<p class=\"v-p\"><strong>\u2013Viajemos, pues, a ese momento en el que escribi\u00f3 esa primera versi\u00f3n de &#8216;Europa&#8217;.<\/strong><\/p>\n<p class=\"v-p\">\u2013Este libro originalmente lo escrib\u00ed en una Semana Santa en Murcia. Tuve la suerte de que seleccionado en el CreaJoven (ahora CreaMurcia) y gan\u00f3 un acc\u00e9sit. Me acuerdo de que uno de los miembros del jurado, la escritora Marisa L\u00f3pez Soria, vino a hablar conmigo y me dijo: &#8216;El relato me encanta, aunque no has ganado el primer premio, quiero que sepas que t\u00fa eres un escritor. No lo olvides nunca&#8217;.<\/p>\n<p class=\"v-p\"><strong>\u2013Vaya espaldarazo.<\/strong><\/p>\n<p class=\"v-p\">\u2013S\u00ed, eso me dio un mont\u00f3n de confianza. Cuando est\u00e1s empezando, que alguien te diga eso, es superimportante.<\/p>\n<p class=\"v-p\"><strong>\u2013\u00bfY despu\u00e9s?<\/strong><\/p>\n<p class=\"v-p\">-Luego, en 2010, me fui a vivir a la sierra para escribir, y all\u00ed escrib\u00ed &#8216;Europa&#8217;. Era la sierra de Madrid, por la zona de Rascaf\u00eda, con un mont\u00f3n de nieve, un escenario que me vino muy bien para imaginar ese desierto helado que es Europa. Lo que quedaba del libro me lo escrib\u00ed del tir\u00f3n a finales de 2011, viviendo con mi hermano en Madrid en la zona del Rastro, en un piso que ten\u00edamos los dos. Yo me hab\u00eda quedado sin trabajo y tambi\u00e9n estaba muy preocupado por el futuro.<\/p>\n","protected":false},"excerpt":{"rendered":"\u00bfQu\u00e9 es el miedo? \u00bfEs la sensaci\u00f3n de que nuestra realidad est\u00e1 a punto de quebrarse? \u00bfPuede de&hellip;\n","protected":false},"author":2,"featured_media":171271,"comment_status":"","ping_status":"","sticky":false,"template":"","format":"standard","meta":{"footnotes":""},"categories":[172],"tags":[224,2670,146,147,25,24,36088,225,49648,3227,910,23,159,49649,6027],"class_list":{"0":"post-171270","1":"post","2":"type-post","3":"status-publish","4":"format-standard","5":"has-post-thumbnail","7":"category-libros","8":"tag-books","9":"tag-cerebro","10":"tag-entertainment","11":"tag-entretenimiento","12":"tag-es","13":"tag-espana","14":"tag-imaginacion","15":"tag-libros","16":"tag-maquinadel","17":"tag-permite","18":"tag-recuerdo","19":"tag-spain","20":"tag-tiempo","21":"tag-travesde","22":"tag-viajar"},"share_on_mastodon":{"url":"","error":""},"_links":{"self":[{"href":"https:\/\/www.europesays.com\/es\/wp-json\/wp\/v2\/posts\/171270","targetHints":{"allow":["GET"]}}],"collection":[{"href":"https:\/\/www.europesays.com\/es\/wp-json\/wp\/v2\/posts"}],"about":[{"href":"https:\/\/www.europesays.com\/es\/wp-json\/wp\/v2\/types\/post"}],"author":[{"embeddable":true,"href":"https:\/\/www.europesays.com\/es\/wp-json\/wp\/v2\/users\/2"}],"replies":[{"embeddable":true,"href":"https:\/\/www.europesays.com\/es\/wp-json\/wp\/v2\/comments?post=171270"}],"version-history":[{"count":0,"href":"https:\/\/www.europesays.com\/es\/wp-json\/wp\/v2\/posts\/171270\/revisions"}],"wp:featuredmedia":[{"embeddable":true,"href":"https:\/\/www.europesays.com\/es\/wp-json\/wp\/v2\/media\/171271"}],"wp:attachment":[{"href":"https:\/\/www.europesays.com\/es\/wp-json\/wp\/v2\/media?parent=171270"}],"wp:term":[{"taxonomy":"category","embeddable":true,"href":"https:\/\/www.europesays.com\/es\/wp-json\/wp\/v2\/categories?post=171270"},{"taxonomy":"post_tag","embeddable":true,"href":"https:\/\/www.europesays.com\/es\/wp-json\/wp\/v2\/tags?post=171270"}],"curies":[{"name":"wp","href":"https:\/\/api.w.org\/{rel}","templated":true}]}}