{"id":171288,"date":"2025-10-12T08:01:10","date_gmt":"2025-10-12T08:01:10","guid":{"rendered":"https:\/\/www.europesays.com\/es\/171288\/"},"modified":"2025-10-12T08:01:10","modified_gmt":"2025-10-12T08:01:10","slug":"dana-alice-en-valencia-pendientes-de-los-barrancos-en-lhorta-sud-y-chiva","status":"publish","type":"post","link":"https:\/\/www.europesays.com\/es\/171288\/","title":{"rendered":"Dana Alice en Valencia: Pendientes de los barrancos en l&#8217;Horta Sud y Chiva"},"content":{"rendered":"<p class=\"ft-text\">La <strong>Asociaci\u00f3n de Vecinos de La Torre<\/strong> ha denunciado esta ma\u00f1ana en sus <a class=\"ft-link ft-link--decoration\" href=\"https:\/\/www.levante-emv.com\/tags\/redes-sociales\/\" target=\"_blank\" rel=\"nofollow noopener\">redes sociales<\/a> la situaci\u00f3n en la que se encuentran sus calles tras el paso de la <a class=\"ft-link ft-link--decoration\" href=\"https:\/\/www.levante-emv.com\/tags\/dana-alice\/\" target=\"_blank\" rel=\"nofollow noopener\">dana Alice<\/a>, que ha descargado de forma persistente durante la madrugada y toda la jornada del s\u00e1bado. Descampados inundados, alcantarillas que no dan abasto y acequias colapsadas son la imagen del d\u00eda en esta pedan\u00eda de Val\u00e8ncia. Los vecinos avisan: \u00abEl alcantarillado de La Torre no est\u00e1 preparado para las lluvias\u00bb, y a\u00f1aden que \u00abla reconstrucci\u00f3n est\u00e1 fallando\u00bb.<\/p>\n<p class=\"ft-text\">Fuentes del ayuntamiento, por su parte,<strong> insisten en que \u00abel problema no es del alcantarillado ni de su afeccion por la dana del 29 de octubre del 2024\u00bb<\/strong>. Desde el consistorio explican que esta situaci\u00f3n viene dada por la acequia de Favara, que discurre en paralelo a la V-30 y llega hasta Castellar.<\/p>\n<p><img decoding=\"async\" src=\"https:\/\/www.europesays.com\/es\/wp-content\/uploads\/2025\/10\/f877b56c-1327-4a0a-8df6-6878407c07a4_alta-libre-aspect-ratio_default_0.jpg\" width=\"1200\" height=\"675\" alt=\"Alcantarillado colapasado en La Torre\" class=\"ft-helper-img-rd\" loading=\"lazy\" hasdataaida=\"true\"\/><\/p>\n<p class=\"ft-helper-fontColor-quaternary ft-helper-fontSize-body-S ft-helper-spacer-t-xxs\">Alcantarillado colapasado en La Torre  \/ AVV La Torre<\/p>\n<p class=\"ft-text\"><a class=\"ft-link ft-link--decoration\" href=\"https:\/\/www.levante-emv.com\/valencia\/2025\/10\/11\/torre-denuncia-inundaciones-mal-alcantarillado-122521037.html\" target=\"_blank\" rel=\"nofollow noopener\">Lee toda la informaci\u00f3n aqu\u00ed.<\/a><\/p>\n","protected":false},"excerpt":{"rendered":"La Asociaci\u00f3n de Vecinos de La Torre ha denunciado esta ma\u00f1ana en sus redes sociales la situaci\u00f3n en&hellip;\n","protected":false},"author":2,"featured_media":171289,"comment_status":"","ping_status":"","sticky":false,"template":"","format":"standard","meta":{"footnotes":""},"categories":[8],"tags":[5588,2980,20915,3830,25031,17,18,1681,49650,39023,44378,2125,23515,25,24,13,14,21091,11,19,20,6194,44544,28088,9,10,15,16,9072,23,23516,12,8091,21,22,235],"class_list":{"0":"post-171288","1":"post","2":"type-post","3":"status-publish","4":"format-standard","5":"has-post-thumbnail","7":"category-espana","8":"tag-5588","9":"tag-aemet","10":"tag-agencia-estatal-de-meteorologia-aemet","11":"tag-alerta","12":"tag-alice","13":"tag-breaking-news","14":"tag-breakingnews","15":"tag-dana","16":"tag-dana-alice","17":"tag-dana-en-valencia","18":"tag-dana-valencia","19":"tag-directo","20":"tag-el-tiempo-en-valencia","21":"tag-es","22":"tag-espana","23":"tag-featured-news","24":"tag-featurednews","25":"tag-granizo","26":"tag-headlines","27":"tag-latest-news","28":"tag-latestnews","29":"tag-lluvias","30":"tag-lluvias-en-valencia","31":"tag-lluvias-torrenciales","32":"tag-news","33":"tag-noticias","34":"tag-noticias-destacadas","35":"tag-noticiasdestacadas","36":"tag-octubre","37":"tag-spain","38":"tag-tiempo-valencia","39":"tag-titulares","40":"tag-tormentas","41":"tag-ultimas-noticias","42":"tag-ultimasnoticias","43":"tag-valencia"},"share_on_mastodon":{"url":"","error":""},"_links":{"self":[{"href":"https:\/\/www.europesays.com\/es\/wp-json\/wp\/v2\/posts\/171288","targetHints":{"allow":["GET"]}}],"collection":[{"href":"https:\/\/www.europesays.com\/es\/wp-json\/wp\/v2\/posts"}],"about":[{"href":"https:\/\/www.europesays.com\/es\/wp-json\/wp\/v2\/types\/post"}],"author":[{"embeddable":true,"href":"https:\/\/www.europesays.com\/es\/wp-json\/wp\/v2\/users\/2"}],"replies":[{"embeddable":true,"href":"https:\/\/www.europesays.com\/es\/wp-json\/wp\/v2\/comments?post=171288"}],"version-history":[{"count":0,"href":"https:\/\/www.europesays.com\/es\/wp-json\/wp\/v2\/posts\/171288\/revisions"}],"wp:featuredmedia":[{"embeddable":true,"href":"https:\/\/www.europesays.com\/es\/wp-json\/wp\/v2\/media\/171289"}],"wp:attachment":[{"href":"https:\/\/www.europesays.com\/es\/wp-json\/wp\/v2\/media?parent=171288"}],"wp:term":[{"taxonomy":"category","embeddable":true,"href":"https:\/\/www.europesays.com\/es\/wp-json\/wp\/v2\/categories?post=171288"},{"taxonomy":"post_tag","embeddable":true,"href":"https:\/\/www.europesays.com\/es\/wp-json\/wp\/v2\/tags?post=171288"}],"curies":[{"name":"wp","href":"https:\/\/api.w.org\/{rel}","templated":true}]}}