{"id":171292,"date":"2025-10-12T08:04:29","date_gmt":"2025-10-12T08:04:29","guid":{"rendered":"https:\/\/www.europesays.com\/es\/171292\/"},"modified":"2025-10-12T08:04:29","modified_gmt":"2025-10-12T08:04:29","slug":"san-martin-escenario-de-la-final-del-circuito-de-novilladas-2025-san-martin-de-valdeiglesias","status":"publish","type":"post","link":"https:\/\/www.europesays.com\/es\/171292\/","title":{"rendered":"San Mart\u00edn, escenario de la final del Circuito de Novilladas 2025 \u2013 San Mart\u00edn de Valdeiglesias"},"content":{"rendered":"<p>Nuestro municipio acoger\u00e1 el pr\u00f3ximo 13 de julio la gran final del Circuito de Novilladas 2025, as\u00ed como un festejo dentro de la Copa Chenel, que se realizar\u00e1 el s\u00e1bado 22 de marzo.<\/p>\n<p>El sorteo de las distintas sedes de estas dos ferias taurinas, promovidas por la Comunidad de Madrid y la Fundaci\u00f3n Toros de Lidia, en colaboraci\u00f3n con los municipios participantes, se realiz\u00f3 ayer, 19 de febrero de 2025, en la plaza de toros de Las Ventas. El acto cont\u00f3 con la presencia del consejero de Medio Ambiente, Carlos Novillo, ganaderos, matadores, miembros de las Escuelas Taurinas\u2026 y al que tambi\u00e9n asistieron representando a San Mart\u00edn, la alcaldesa, Ar\u00e1nzazu Povedano y la concejala de Festejos, Mariela G\u00f3mez.<\/p>\n<p><strong>La Copa Chenel<\/strong> de este a\u00f1o, contar\u00e1 con 18 matadores de toros, procedentes de Espa\u00f1a, Portugal, M\u00e9xico, Educador y Francia que lidiar\u00e1n reses de 27 ganader\u00edas, entre el 1 de marzo y el 6 de julio. <strong>San Mart\u00edn de Valdeiglesias<\/strong> acoger\u00e1 el cuarto festejo de la fase clasificatoria, <strong>el d\u00eda 22 de marzo*, <\/strong>en el que se lidiar\u00e1n toros de la Condesa de Sobral y Jos\u00e9 Luis Pereda para Rub\u00e9n Pinar, Ruiz Mu\u00f1oz\u00a0 y Alejandro Pe\u00f1aranda. (<strong>* Debido al mal tiempo el festejo previsto para el d\u00eda 22 de marzo, se ha aplazado hasta el d\u00eda 27 de abril de 2025).\u00a0<\/strong><\/p>\n<p>Por su parte el <strong>circuito de Novilladas<\/strong>, comenzar\u00e1 el pr\u00f3ximo 2 de marzo en Navas del Rey, contar\u00e1 con la participaci\u00f3n de <strong>8 novilleros<\/strong> seleccionados por las escuelas taurinas de la Comunidad de Madrid, \u00c1lvaro Serrano, Joel Ram\u00edrez, Luis Rivero, Sergio Roll\u00f3n, Jairo L\u00f3pez, Cristiano Torres, Julio M\u00e9ndez y El Mene,\u00a0 y <strong>18 ganader\u00edas<\/strong> madrile\u00f1as. La gran final, est\u00e1 prevista que se realice el <strong>domingo 13 de julio en nuestra localidad. <\/strong>Un mano a mano con reses de Victoriano del R\u00edo, Flor de Jara y Cerro Longo.<\/p>\n<p>Para ambos festejos las entradas ser\u00e1n asequibles.<\/p>\n<p>La entrada general para la Copa Chenel (corridas de toros) tendr\u00e1 un coste de 15 \u20ac, mientras que para los menores de 26 a\u00f1os, mayores de 65, grupos de m\u00e1s de 10 personas y para los amigos de la Fundaci\u00f3n Toro de Lidia, tendr\u00e1 un coste de 10 \u20ac.<\/p>\n<p>Para el circuito de Novilladas,\u00a0 la entrada general tendr\u00e1 un coste de 10 \u20ac y las reducidas 5 \u20ac.<\/p>\n<p>Adem\u00e1s como novedad, este a\u00f1o, para entradas para los menores de 18 a\u00f1os ser\u00e1n gratis en ambos cert\u00e1menes.<\/p>\n<p>\u00a0M\u00e1s informaci\u00f3n:<\/p>\n<p style=\"text-align: right;\">(Informaci\u00f3n actualizada el 20 de marzo 2025)<\/p>\n","protected":false},"excerpt":{"rendered":"Nuestro municipio acoger\u00e1 el pr\u00f3ximo 13 de julio la gran final del Circuito de Novilladas 2025, as\u00ed como&hellip;\n","protected":false},"author":2,"featured_media":171293,"comment_status":"","ping_status":"","sticky":false,"template":"","format":"standard","meta":{"footnotes":""},"categories":[277],"tags":[373,168,25,24,23,167,374],"class_list":{"0":"post-171292","1":"post","2":"type-post","3":"status-publish","4":"format-standard","5":"has-post-thumbnail","7":"category-toreo","8":"tag-bullfighting","9":"tag-deportes","10":"tag-es","11":"tag-espana","12":"tag-spain","13":"tag-sports","14":"tag-toreo"},"share_on_mastodon":{"url":"","error":""},"_links":{"self":[{"href":"https:\/\/www.europesays.com\/es\/wp-json\/wp\/v2\/posts\/171292","targetHints":{"allow":["GET"]}}],"collection":[{"href":"https:\/\/www.europesays.com\/es\/wp-json\/wp\/v2\/posts"}],"about":[{"href":"https:\/\/www.europesays.com\/es\/wp-json\/wp\/v2\/types\/post"}],"author":[{"embeddable":true,"href":"https:\/\/www.europesays.com\/es\/wp-json\/wp\/v2\/users\/2"}],"replies":[{"embeddable":true,"href":"https:\/\/www.europesays.com\/es\/wp-json\/wp\/v2\/comments?post=171292"}],"version-history":[{"count":0,"href":"https:\/\/www.europesays.com\/es\/wp-json\/wp\/v2\/posts\/171292\/revisions"}],"wp:featuredmedia":[{"embeddable":true,"href":"https:\/\/www.europesays.com\/es\/wp-json\/wp\/v2\/media\/171293"}],"wp:attachment":[{"href":"https:\/\/www.europesays.com\/es\/wp-json\/wp\/v2\/media?parent=171292"}],"wp:term":[{"taxonomy":"category","embeddable":true,"href":"https:\/\/www.europesays.com\/es\/wp-json\/wp\/v2\/categories?post=171292"},{"taxonomy":"post_tag","embeddable":true,"href":"https:\/\/www.europesays.com\/es\/wp-json\/wp\/v2\/tags?post=171292"}],"curies":[{"name":"wp","href":"https:\/\/api.w.org\/{rel}","templated":true}]}}