{"id":171294,"date":"2025-10-12T08:06:11","date_gmt":"2025-10-12T08:06:11","guid":{"rendered":"https:\/\/www.europesays.com\/es\/171294\/"},"modified":"2025-10-12T08:06:11","modified_gmt":"2025-10-12T08:06:11","slug":"open-de-espana-de-golf","status":"publish","type":"post","link":"https:\/\/www.europesays.com\/es\/171294\/","title":{"rendered":"Open de Espa\u00f1a de golf"},"content":{"rendered":"<p>El golfista brit\u00e1nico <strong>Marco Penge<\/strong> se mantiene firme en el <strong>liderato del Open de Espa\u00f1a de golf <\/strong>(-16), con cuatro golpes de diferencia sobre el segundo clasificado, el suizo <strong>Joel Girrbach,<\/strong> mientras el espa\u00f1ol <strong>Jon Rahm<\/strong> ha dicho adi\u00f3s a sus opciones de pelear por el t\u00edtulo, en una tercera jornada donde complet\u00f3 el recorrido en par y es 28\u00ba (-4) a doce golpes de la cabeza, con <strong>\u00c1ngel Ayora y Javier Puig en la und\u00e9cima plaza <\/strong>(-8).<\/p>\n<p>Rahm perdi\u00f3 este s\u00e1bado todas sus opciones de lograr, ante su afici\u00f3n, su cuarto t\u00edtulo en el Abierto de Espa\u00f1a de golf y su primera victoria en un torneo individual en esta temporada despu\u00e9s de una<strong> discreta actuaci\u00f3n<\/strong> en la tercera ronda en la que reconoci\u00f3 que cometi\u00f3<strong> \u201cerrores est\u00fapidos\u201d <\/strong>que le llevaron a hacer solo el par del campo.<\/p>\n<p>\u2018El Le\u00f3n de Barrika\u2019 <strong>empez\u00f3 el recorrido a cinco golpes de la cabeza,<\/strong> en manos del ingl\u00e9s Marco Penge, y con la sensaci\u00f3n de poder acercarse m\u00e1s en su af\u00e1n de pujar por la victoria final, pero arranc\u00f3 con un \u2018bogey\u2019 en el primer agujero, aunque se sacudi\u00f3 el mal inicio con un \u2018eagle\u2019 en el cuarto y tres \u2018birdies\u2019 consecutivos del sexto al octavo, con alg\u00fan pateo espectacular, que <strong>lo encumbraron a la zona alta y<\/strong> alimentaron sus expectativas.<\/p>\n<p>Pero cuando m\u00e1s alto estaba, <strong>el \u2018bogey\u2019 del hoyo 5,<\/strong> en el que emple\u00f3 una bola provisional por sacarla de la cuerda en la salida, y su <strong>primer doble \u2018bogey\u2019 del torneo en el 11<\/strong>, cuyo enfado constat\u00f3 con una patada a la bolsa, enterraron sus opciones.<\/p>\n<p>Penge tiene a tiro su tercera victoria del a\u00f1o en el World Tour<\/p>\n<p>Marco Penge rompi\u00f3 el torneo, jugando incre\u00edble, pegando recto y sin meterse en problemas. El ingl\u00e9s, enchufado esta temporada con <strong>dos victorias en el DP World Tour<\/strong>, defendi\u00f3 el liderato que hab\u00eda  alcanzado el viernes y lo <strong>agrand\u00f3 con otra exhibici\u00f3n<\/strong>. Penge fue quien se encarg\u00f3 de alejar la cabeza de Rahm y de la gran mayor\u00eda, despu\u00e9s de <strong>ocho &#8216;birdies&#8217; casi seguidos, para un total de -16. <\/strong><\/p>\n<p> Los <strong>perseguidores<\/strong> ser\u00e1n el suizo <strong>Joel Girrbach <\/strong>(-12), el  estadounidense <strong>Patrick Reed<\/strong> (-11), campe\u00f3n del Masters en 2018; el  ingl\u00e9s Daniel Brown (-11) y el norirland\u00e9s Tom McKibbin (-10). A  partir de ah\u00ed, las opciones se complican aunque, con el apoyo del  p\u00fablico, los espa\u00f1oles <strong>\u00c1ngel Ayora, a sus 21 a\u00f1os en su primer Open como profesional,<\/strong> y <strong>David Puig<\/strong>, ambos en -8, <strong>garantizaron la baza nacional<\/strong>, ganando otra ronda al exigente campo madrile\u00f1o. <\/p>\n","protected":false},"excerpt":{"rendered":"El golfista brit\u00e1nico Marco Penge se mantiene firme en el liderato del Open de Espa\u00f1a de golf (-16),&hellip;\n","protected":false},"author":2,"featured_media":171295,"comment_status":"","ping_status":"","sticky":false,"template":"","format":"standard","meta":{"footnotes":""},"categories":[275],"tags":[168,25,24,329,23,167],"class_list":{"0":"post-171294","1":"post","2":"type-post","3":"status-publish","4":"format-standard","5":"has-post-thumbnail","7":"category-golf","8":"tag-deportes","9":"tag-es","10":"tag-espana","11":"tag-golf","12":"tag-spain","13":"tag-sports"},"share_on_mastodon":{"url":"","error":""},"_links":{"self":[{"href":"https:\/\/www.europesays.com\/es\/wp-json\/wp\/v2\/posts\/171294","targetHints":{"allow":["GET"]}}],"collection":[{"href":"https:\/\/www.europesays.com\/es\/wp-json\/wp\/v2\/posts"}],"about":[{"href":"https:\/\/www.europesays.com\/es\/wp-json\/wp\/v2\/types\/post"}],"author":[{"embeddable":true,"href":"https:\/\/www.europesays.com\/es\/wp-json\/wp\/v2\/users\/2"}],"replies":[{"embeddable":true,"href":"https:\/\/www.europesays.com\/es\/wp-json\/wp\/v2\/comments?post=171294"}],"version-history":[{"count":0,"href":"https:\/\/www.europesays.com\/es\/wp-json\/wp\/v2\/posts\/171294\/revisions"}],"wp:featuredmedia":[{"embeddable":true,"href":"https:\/\/www.europesays.com\/es\/wp-json\/wp\/v2\/media\/171295"}],"wp:attachment":[{"href":"https:\/\/www.europesays.com\/es\/wp-json\/wp\/v2\/media?parent=171294"}],"wp:term":[{"taxonomy":"category","embeddable":true,"href":"https:\/\/www.europesays.com\/es\/wp-json\/wp\/v2\/categories?post=171294"},{"taxonomy":"post_tag","embeddable":true,"href":"https:\/\/www.europesays.com\/es\/wp-json\/wp\/v2\/tags?post=171294"}],"curies":[{"name":"wp","href":"https:\/\/api.w.org\/{rel}","templated":true}]}}