{"id":171298,"date":"2025-10-12T08:09:11","date_gmt":"2025-10-12T08:09:11","guid":{"rendered":"https:\/\/www.europesays.com\/es\/171298\/"},"modified":"2025-10-12T08:09:11","modified_gmt":"2025-10-12T08:09:11","slug":"un-expiloto-de-f1-sobre-el-reemplazo-de-lewis-hamilton-por-carlos-sainz-en-ferrari-se-hizo-por-marketing","status":"publish","type":"post","link":"https:\/\/www.europesays.com\/es\/171298\/","title":{"rendered":"Un expiloto de F1, sobre el reemplazo de Lewis Hamilton por Carlos Sainz en Ferrari: \u00abSe hizo por marketing\u00bb"},"content":{"rendered":"<p data-journey-content=\"true\" data-node-id=\"3\" class=\"css-6wxqfj emevuu60\">El 1 de febrero de 2024, el equipo Ferrari hizo oficial el fichaje de Lewis Hamilton de cara a la temporada 2025, lo que no s\u00f3lo dejaba sin asiento a Carlos Sainz, sino que tambi\u00e9n dejaba una vacante en Mercedes. Un equipo con el que pocos meses antes, el 31 de agosto de 2024 hab\u00eda firmado un contrato de renovaci\u00f3n por dos a\u00f1os m\u00e1s con los alemanes, aunque finalmente terminar\u00eda decant\u00e1ndose por la Scuderia. Todo ello con un objetivo en mente, volver a pelear por el mundial, cosa que no lograba desde ese 2021 en el que perdi\u00f3 frente el campeonato a Max Verstappen. <\/p>\n<p>La actual situaci\u00f3n de Ferrari F1<\/p>\n<p data-journey-content=\"true\" data-node-id=\"7\" class=\"css-6wxqfj emevuu60\">El brit\u00e1nico llegaba as\u00ed a un equipo que no sabe lo que es ganar un t\u00edtulo desde 2008, donde Kimi R\u00e4ikk\u00f6nen y Felipe Massa lograron el mundial de constructores. La temporada no empezaba con mal pie para el heptacampe\u00f3n, <strong data-node-id=\"7.1\">logrando su primera pole y victoria al Sprint en el GP de China, la segunda ronda del a\u00f1o<\/strong>. No obstante, las sensaciones a los mandos del SF-25 han ido empeorando con el paso de las carreras, algo que tambi\u00e9n ha corroborado Charles Leclerc tras el GP de Singapur.<\/p>\n<p data-journey-content=\"true\" data-node-id=\"9\" class=\"css-6wxqfj emevuu60\">El monegasco <strong data-node-id=\"9.1\">ha conseguido cinco podios esta temporada 2025, hasta la fecha, lo que le colocan en la quinta posici\u00f3n con 173 puntos en su casillero personal. <\/strong>Sin embargo, despu\u00e9s de correr en Marina Bay, el piloto sali\u00f3 a rueda de prensa para admitir que el equipo no ha conseguido mejorar el monoplaza lo suficiente como para estar en cabeza, <a href=\"https:\/\/www.caranddriver.com\/es\/formula-1\/a68881089\/charles-leclerc-declive-ferrari-f1-gp-singapur-red-bull-salto\/\" target=\"_blank\" data-vars-ga-outbound-link=\"https:\/\/www.caranddriver.com\/es\/formula-1\/a68881089\/charles-leclerc-declive-ferrari-f1-gp-singapur-red-bull-salto\/\" data-vars-ga-ux-element=\"Hyperlink\" data-vars-ga-call-to-action=\"cosa que otros como Red Bull o Mercedes s\u00ed han hecho.\" data-node-id=\"9.3\" class=\"body-link css-168zq96 emevuu60\" rel=\"nofollow noopener\">cosa que otros como Red Bull o Mercedes s\u00ed han hecho.<\/a> Y esto es precisamente lo que ha querido analizar el expiloto de F1, Derek Daly. <\/p>\n<p><img draggable=\"true\" alt=\"lewis hamilton f1\" title=\"Lewis Hamilton F1\" loading=\"lazy\" width=\"3000\" height=\"2001\" decoding=\"async\" data-nimg=\"1\" style=\"color:transparent;width:100%;height:auto;\"   src=\"https:\/\/www.europesays.com\/es\/wp-content\/uploads\/2025\/10\/gettyimages-2239323825-68ea3d6d15664.jpg\" class=\"css-0 e1g79fud0\"\/><a target=\"_blank\" rel=\"noopener nofollow\" data-theme-key=\"base-link\" href=\"https:\/\/pinterest.com\/pin\/create\/button\/?url=https:\/\/www.caranddriver.com\/es\/formula-1\/a69005403\/expiloto-f1-reemplazo-lewis-hamilton-carlos-sainz-ferrari-marketing\/&amp;description=&amp;media=https:\/\/hips.hearstapps.com\/hmg-prod\/images\/gettyimages-2239323825-68ea3d6d15664.jpg?resize=1600:*\" class=\"pinterest css-on9hn5 e1c1bym14\"><img decoding=\"async\" data-dynamic-svg=\"true\" src=\"https:\/\/www.caranddriver.com\/_assets\/design-tokens\/fre\/static\/icons\/social\/pinterest.e8cf655.svg?primary=%2523ffffff\" loading=\"lazy\" data-testid=\"dynamic-svg-base\" height=\"auto\" width=\"auto\" alt=\"pinterest\" class=\"css-4lml0h e1mlxuuw1\"\/><\/a><\/p>\n<p>Bryn Lennon<\/p>\n<p data-journey-content=\"true\" data-node-id=\"14\" class=\"css-6wxqfj emevuu60\">\u201cFerrari es el equipo que tiene m\u00e1s problemas en la parrilla. No creo que vayan a tomar las medidas necesarias para solucionarlo. <strong data-node-id=\"14.1\">Lewis Hamilton es una de las mayores historias de \u00e9xito que ha visto la F1<\/strong>\u201d, dec\u00eda el expiloto de F1 en una entrevista para \u2018RacingNews365\u2019.<\/p>\n<p data-journey-content=\"true\" data-node-id=\"16\" class=\"css-6wxqfj emevuu60\">\u201c\u00c9l es el \u00fanico responsable de llevar la F1 a lugares donde nunca hab\u00eda estado, como el mundo de la moda. <strong data-node-id=\"16.1\">Ten\u00eda la estatura de un campe\u00f3n, como nadie que yo recuerde. Su forma de comportarse, de vestir y de conducir. Esos d\u00edas ya pasaron. Nunca volver\u00e1n<\/strong>\u201d, prosigui\u00f3.<\/p>\n<p data-journey-content=\"true\" data-node-id=\"18\" class=\"css-6wxqfj emevuu60\">\u201cHay un momento en la vida de cada atleta en el que sus instintos y reflejos nunca son tan buenos como lo eran 15 a\u00f1os antes. <strong data-node-id=\"18.1\">As\u00ed que esos d\u00edas ya pasaron para Ferrari. Traer a Hamilton fue una decisi\u00f3n de marketing, creo yo, no una decisi\u00f3n puramente deportiva<\/strong>\u201d, concluy\u00f3 Derek Daly.<\/p>\n<p>La dupla Charles Leclerc-Lewis Hamilton, \u00bfun problema?<\/p>\n<p data-journey-content=\"true\" data-node-id=\"21\" class=\"css-6wxqfj emevuu60\">Por otro lado, est\u00e1 el debate de 2026, una temporada que seg\u00fan nos confesaba un experto en F1 en exclusiva para Car and Driver, <a href=\"https:\/\/www.caranddriver.com\/es\/formula-1\/a65999768\/experto-f1-analiza-normativa-fia-2026-dificil-entender\/\" target=\"_blank\" data-vars-ga-outbound-link=\"https:\/\/www.caranddriver.com\/es\/formula-1\/a65999768\/experto-f1-analiza-normativa-fia-2026-dificil-entender\/\" data-vars-ga-ux-element=\"Hyperlink\" data-vars-ga-call-to-action=\"\u201ces demasiado optimista\u201d\" data-node-id=\"21.1\" class=\"body-link css-168zq96 emevuu60\" rel=\"nofollow noopener\">\u201ces demasiado optimista\u201d<\/a>.<strong data-node-id=\"21.3\"> En ella, la pareja de pilotos de Ferrari ser\u00e1 Charles Leclerc y Lewis Hamilton,<\/strong> dos pilotos que no han tenido demasiados enfrentamientos en pista, salvo el reciente GP de Azerbaiy\u00e1n, donde el brit\u00e1nico no devolvi\u00f3 la posici\u00f3n a su compa\u00f1ero de equipo antes de cruzar la l\u00ednea de meta. <\/p>\n<p data-journey-content=\"true\" data-node-id=\"23\" class=\"css-6wxqfj emevuu60\">Eso hizo que el monegasco saliera a rueda de prensa a decir que ese d\u00eda <a href=\"https:\/\/www.caranddriver.com\/es\/formula-1\/a67986288\/charles-leclerc-mensaje-lewis-hamilton-gp-azerbaiyan-no-respeto-regla\/\" target=\"_blank\" data-vars-ga-outbound-link=\"https:\/\/www.caranddriver.com\/es\/formula-1\/a67986288\/charles-leclerc-mensaje-lewis-hamilton-gp-azerbaiyan-no-respeto-regla\/\" data-vars-ga-ux-element=\"Hyperlink\" data-vars-ga-call-to-action=\"\u201cno se hab\u00edan respetado las reglas\u201d\" data-node-id=\"23.1\" class=\"body-link css-168zq96 emevuu60\" rel=\"nofollow noopener\">\u201cno se hab\u00edan respetado las reglas\u201d<\/a>, <strong data-node-id=\"23.3\">algo a lo que le quiso quitar hierro el brit\u00e1nico m\u00e1s tarde. Y precisamente eso es en lo que tambi\u00e9n ha querido incidir el expiloto de F1, <\/strong>Derek Daly, quien asegura que ambos no est\u00e1n aportando un buen feedback a la Scuderia para crear un monoplaza r\u00e1pido, algo que de cara a 2026 puede ir a m\u00e1s. <\/p>\n<p><img draggable=\"true\" alt=\"ferrari f1\" title=\"Ferrari F1\" loading=\"lazy\" width=\"5441\" height=\"3627\" decoding=\"async\" data-nimg=\"1\" style=\"color:transparent;width:100%;height:auto;\"   src=\"https:\/\/www.europesays.com\/es\/wp-content\/uploads\/2025\/10\/gettyimages-2238699325-68ea3dd2e82c4.jpg\" class=\"css-0 e1g79fud0\"\/><a target=\"_blank\" rel=\"noopener nofollow\" data-theme-key=\"base-link\" href=\"https:\/\/pinterest.com\/pin\/create\/button\/?url=https:\/\/www.caranddriver.com\/es\/formula-1\/a69005403\/expiloto-f1-reemplazo-lewis-hamilton-carlos-sainz-ferrari-marketing\/&amp;description=&amp;media=https:\/\/hips.hearstapps.com\/hmg-prod\/images\/gettyimages-2238699325-68ea3dd2e82c4.jpg?resize=1600:*\" class=\"pinterest css-on9hn5 e1c1bym14\"><img decoding=\"async\" data-dynamic-svg=\"true\" src=\"https:\/\/www.caranddriver.com\/_assets\/design-tokens\/fre\/static\/icons\/social\/pinterest.e8cf655.svg?primary=%2523ffffff\" loading=\"lazy\" data-testid=\"dynamic-svg-base\" height=\"auto\" width=\"auto\" alt=\"pinterest\" class=\"css-4lml0h e1mlxuuw1\"\/><\/a><\/p>\n<p>NurPhoto<\/p>\n<p data-journey-content=\"true\" data-node-id=\"26\" class=\"css-6wxqfj emevuu60\">\u201cNo creo que ninguno de los dos pilotos est\u00e9 dando feedback a los ingenieros para construir un coche m\u00e1s r\u00e1pido,<strong data-node-id=\"26.1\"> y eso no cambiar\u00e1 el a\u00f1o que viene. As\u00ed que con esos dos chicos incre\u00edblemente r\u00e1pidos y con reflejos instant\u00e1neos, <\/strong>no creo que alguna vez reciban suficiente retroalimentaci\u00f3n para desarrollar y construir autos que sean lo suficientemente r\u00e1pidos\u201d, dec\u00eda. <\/p>\n<p data-journey-content=\"true\" data-node-id=\"28\" class=\"css-6wxqfj emevuu60\">Es as\u00ed como el jefe de Williams ha asegurado que, de cara a 2026, no deben confiarse demasiado en que la unidad de potencia de Mercedes pueda ser igual de buena que en la era h\u00edbrida.  <\/p>\n","protected":false},"excerpt":{"rendered":"El 1 de febrero de 2024, el equipo Ferrari hizo oficial el fichaje de Lewis Hamilton de cara&hellip;\n","protected":false},"author":2,"featured_media":171299,"comment_status":"","ping_status":"","sticky":false,"template":"","format":"standard","meta":{"footnotes":""},"categories":[270],"tags":[168,253,25,24,306,271,272,23,167],"class_list":{"0":"post-171298","1":"post","2":"type-post","3":"status-publish","4":"format-standard","5":"has-post-thumbnail","7":"category-formula-1","8":"tag-deportes","9":"tag-discover","10":"tag-es","11":"tag-espana","12":"tag-f1","13":"tag-formula-1","14":"tag-formula1","15":"tag-spain","16":"tag-sports"},"share_on_mastodon":{"url":"","error":""},"_links":{"self":[{"href":"https:\/\/www.europesays.com\/es\/wp-json\/wp\/v2\/posts\/171298","targetHints":{"allow":["GET"]}}],"collection":[{"href":"https:\/\/www.europesays.com\/es\/wp-json\/wp\/v2\/posts"}],"about":[{"href":"https:\/\/www.europesays.com\/es\/wp-json\/wp\/v2\/types\/post"}],"author":[{"embeddable":true,"href":"https:\/\/www.europesays.com\/es\/wp-json\/wp\/v2\/users\/2"}],"replies":[{"embeddable":true,"href":"https:\/\/www.europesays.com\/es\/wp-json\/wp\/v2\/comments?post=171298"}],"version-history":[{"count":0,"href":"https:\/\/www.europesays.com\/es\/wp-json\/wp\/v2\/posts\/171298\/revisions"}],"wp:featuredmedia":[{"embeddable":true,"href":"https:\/\/www.europesays.com\/es\/wp-json\/wp\/v2\/media\/171299"}],"wp:attachment":[{"href":"https:\/\/www.europesays.com\/es\/wp-json\/wp\/v2\/media?parent=171298"}],"wp:term":[{"taxonomy":"category","embeddable":true,"href":"https:\/\/www.europesays.com\/es\/wp-json\/wp\/v2\/categories?post=171298"},{"taxonomy":"post_tag","embeddable":true,"href":"https:\/\/www.europesays.com\/es\/wp-json\/wp\/v2\/tags?post=171298"}],"curies":[{"name":"wp","href":"https:\/\/api.w.org\/{rel}","templated":true}]}}